{"id":17076,"date":"2020-12-11T18:31:44","date_gmt":"2020-12-11T21:31:44","guid":{"rendered":"https:\/\/temucotelevision.cl\/web\/?p=17076"},"modified":"2020-12-11T18:35:12","modified_gmt":"2020-12-11T21:35:12","slug":"nace-corporacion-mas-mujeres-lideres-de-la-araucania","status":"publish","type":"post","link":"https:\/\/temucotelevision.cl\/web\/2020\/12\/11\/nace-corporacion-mas-mujeres-lideres-de-la-araucania\/","title":{"rendered":"Nace Corporaci\u00f3n M\u00e1s Mujeres L\u00edderes de La Araucan\u00eda"},"content":{"rendered":"<div class=\"pvc_clear\"><\/div><p id=\"pvc_stats_17076\" class=\"pvc_stats total_only  \" data-element-id=\"17076\" style=\"\"><i class=\"pvc-stats-icon large\" aria-hidden=\"true\"><svg aria-hidden=\"true\" focusable=\"false\" data-prefix=\"far\" data-icon=\"chart-bar\" role=\"img\" xmlns=\"http:\/\/www.w3.org\/2000\/svg\" viewBox=\"0 0 512 512\" class=\"svg-inline--fa fa-chart-bar fa-w-16 fa-2x\"><path fill=\"currentColor\" d=\"M396.8 352h22.4c6.4 0 12.8-6.4 12.8-12.8V108.8c0-6.4-6.4-12.8-12.8-12.8h-22.4c-6.4 0-12.8 6.4-12.8 12.8v230.4c0 6.4 6.4 12.8 12.8 12.8zm-192 0h22.4c6.4 0 12.8-6.4 12.8-12.8V140.8c0-6.4-6.4-12.8-12.8-12.8h-22.4c-6.4 0-12.8 6.4-12.8 12.8v198.4c0 6.4 6.4 12.8 12.8 12.8zm96 0h22.4c6.4 0 12.8-6.4 12.8-12.8V204.8c0-6.4-6.4-12.8-12.8-12.8h-22.4c-6.4 0-12.8 6.4-12.8 12.8v134.4c0 6.4 6.4 12.8 12.8 12.8zM496 400H48V80c0-8.84-7.16-16-16-16H16C7.16 64 0 71.16 0 80v336c0 17.67 14.33 32 32 32h464c8.84 0 16-7.16 16-16v-16c0-8.84-7.16-16-16-16zm-387.2-48h22.4c6.4 0 12.8-6.4 12.8-12.8v-70.4c0-6.4-6.4-12.8-12.8-12.8h-22.4c-6.4 0-12.8 6.4-12.8 12.8v70.4c0 6.4 6.4 12.8 12.8 12.8z\" class=\"\"><\/path><\/svg><\/i> <img loading=\"lazy\" decoding=\"async\" width=\"16\" height=\"16\" alt=\"Loading\" src=\"https:\/\/temucotelevision.cl\/web\/wp-content\/plugins\/page-views-count\/ajax-loader-2x.gif\" border=0 \/><\/p><div class=\"pvc_clear\"><\/div>\n<p><em>La agrupaci\u00f3n es fruto del programa \u201cM\u00e1s Mujeres L\u00edderes\u201d de Corparaucan\u00eda y CORFO. En una primera instancia dicha iniciativa contempl\u00f3 la Escuela de formadoras, el reconocimiento a las 100 Mujeres L\u00edderes de la regi\u00f3n y una mesa de Trabajo que dio origen a esta nueva entidad.<\/em><\/p>\n\n\n\n<p>Relevar el rol de la mujer en la sociedad y trabajar en la disminuci\u00f3n de la brecha de g\u00e9nero en la regi\u00f3n son algunos de los objetivos de la nueva Corporaci\u00f3n, conformada por una treintena de mujeres de distintas comunas de La Araucan\u00eda y quienes participaron en la primera versi\u00f3n del programa \u201cM\u00e1s Mujeres L\u00edderes de La Araucan\u00eda\u201d de Corparaucan\u00eda, financiado por CORFO.<\/p>\n\n\n\n<p>La Corporaci\u00f3n M\u00e1s Mujeres L\u00edderes de La Araucan\u00eda \u201ces el resultado virtuoso del trabajo de un gran grupo de mujeres de La Araucan\u00eda que decidieron impulsar una transformaci\u00f3n cultural que permita reconocer la diversidad, equidad de g\u00e9nero y participaci\u00f3n femenina como&nbsp;&nbsp;elementos fundamentales para el desarrollo de la sociedad\u201d. Explic\u00f3 la Presidenta del Directorio provisorio de la Corporaci\u00f3n, la periodista Glenda Merino.&nbsp;<\/p>\n\n\n\n<p>En la Notar\u00eda de la abogada Esmirna Vidal se legaliz\u00f3 la conformaci\u00f3n de la Corporaci\u00f3n M\u00e1s Mujeres L\u00edderes de La Araucan\u00eda integrada en esta primera parte,&nbsp;&nbsp;por m\u00e1s de 30 socias. Dicha agrupaci\u00f3n tiene como prop\u00f3sitos:<\/p>\n\n\n\n<ul class=\"wp-block-list\"><li>Educar: generando programas y\/o instancias educativas en edades tempranas para empoderar a ni\u00f1as y j\u00f3venes.<\/li><li>Incidir: aportado a la discusi\u00f3n, levantamiento de iniciativas y creaci\u00f3n de pol\u00edticas p\u00fablicas, a trav\u00e9s de la investigaci\u00f3n, alianzas y otros mecanismos.<\/li><li>Visibilizar: difundiendo a mujeres referentes en distintas \u00e1reas, cuyas experiencias exitosas inspiren y empoderen a otras.<\/li><li>Potenciar: apoyando iniciativas lideradas por mujeres de La Araucan\u00eda en \u00e1reas tradicionalmente masculinas (STEM).<\/li><\/ul>\n\n\n\n<p>A trav\u00e9s de estos ejes de trabajo, \u201cla Corporaci\u00f3n busca impulsar iniciativas orientadas a educar, incidir, visibilizar y potenciar a las mujeres de nuestra regi\u00f3n, con programas o instancias educativas. A aportando a la discusi\u00f3n de temas de g\u00e9nero, difundiendo a mujeres referentes en distintas \u00e1reas y, en general apoyando iniciativas lideradas por mujeres de La Araucan\u00eda\u201d. Enfatiz\u00f3 la periodista.<\/p>\n\n\n\n<p>En esta etapa se eligi\u00f3 un directorio provisorio a cargo de la mesa operativa, que trabaj\u00f3 por meses en el levantamiento de estatutos y objetivos de la nueva Corporaci\u00f3n.<\/p>\n\n\n\n<p>Para marzo 2021 se fijar\u00e1 una asamblea general en la cual se elegir\u00e1 un directorio definitivo por un periodo de dos a\u00f1os.&nbsp;&nbsp;<\/p>\n\n\n\n<p>Entre las tareas que se han impuesto este grupo de mujeres est\u00e1n; continuar con la Escuela de Formadoras de mujeres l\u00edderes para la regi\u00f3n, mantener el reconocimiento a las 100 Mujeres destacadas de la regi\u00f3n y eventos dirigidos para mujeres de La Araucan\u00eda.<\/p>\n\n\n\n<p>\u201cCreo que este espacio es una tremenda oportunidad para que, como mujeres trabajemos en conjunto en aportar a la disminuci\u00f3n de las brechas de g\u00e9nero, mediante un trabajo integral, sistem\u00e1tico y visto desde los ojos de las protagonistas: las mujeres. Somos un grupo de partida diverso y esperamos que tras esta conformaci\u00f3n seamos en corto tiempo cada vez M\u00e1s Mujeres&nbsp;L\u00edderes para La Araucan\u00eda, pues todas tenemos algo que aportar\u201d. Concluy\u00f3 la Presidenta del directorio (provisorio) de la Corporaci\u00f3n M\u00e1s Mujeres L\u00edderes de La Araucan\u00eda, Glenda Merino.<\/p>\n","protected":false},"excerpt":{"rendered":"<div class=\"pvc_clear\"><\/div>\n<p id=\"pvc_stats_17076\" class=\"pvc_stats total_only  \" data-element-id=\"17076\" style=\"\"><i class=\"pvc-stats-icon large\" aria-hidden=\"true\"><svg aria-hidden=\"true\" focusable=\"false\" data-prefix=\"far\" data-icon=\"chart-bar\" role=\"img\" xmlns=\"http:\/\/www.w3.org\/2000\/svg\" viewBox=\"0 0 512 512\" class=\"svg-inline--fa fa-chart-bar fa-w-16 fa-2x\"><path fill=\"currentColor\" d=\"M396.8 352h22.4c6.4 0 12.8-6.4 12.8-12.8V108.8c0-6.4-6.4-12.8-12.8-12.8h-22.4c-6.4 0-12.8 6.4-12.8 12.8v230.4c0 6.4 6.4 12.8 12.8 12.8zm-192 0h22.4c6.4 0 12.8-6.4 12.8-12.8V140.8c0-6.4-6.4-12.8-12.8-12.8h-22.4c-6.4 0-12.8 6.4-12.8 12.8v198.4c0 6.4 6.4 12.8 12.8 12.8zm96 0h22.4c6.4 0 12.8-6.4 12.8-12.8V204.8c0-6.4-6.4-12.8-12.8-12.8h-22.4c-6.4 0-12.8 6.4-12.8 12.8v134.4c0 6.4 6.4 12.8 12.8 12.8zM496 400H48V80c0-8.84-7.16-16-16-16H16C7.16 64 0 71.16 0 80v336c0 17.67 14.33 32 32 32h464c8.84 0 16-7.16 16-16v-16c0-8.84-7.16-16-16-16zm-387.2-48h22.4c6.4 0 12.8-6.4 12.8-12.8v-70.4c0-6.4-6.4-12.8-12.8-12.8h-22.4c-6.4 0-12.8 6.4-12.8 12.8v70.4c0 6.4 6.4 12.8 12.8 12.8z\" class=\"\"><\/path><\/svg><\/i> <img loading=\"lazy\" decoding=\"async\" width=\"16\" height=\"16\" alt=\"Loading\" src=\"https:\/\/temucotelevision.cl\/web\/wp-content\/plugins\/page-views-count\/ajax-loader-2x.gif\" border=0 \/><\/p>\n<div class=\"pvc_clear\"><\/div>\n<p>La agrupaci\u00f3n es fruto del programa \u201cM\u00e1s Mujeres L\u00edderes\u201d de Corparaucan\u00eda y CORFO. En una primera instancia dicha iniciativa contempl\u00f3<\/p>\n","protected":false},"author":1,"featured_media":17077,"comment_status":"open","ping_status":"open","sticky":false,"template":"","format":"standard","meta":{"colormag_page_container_layout":"default_layout","colormag_page_sidebar_layout":"default_layout","footnotes":""},"categories":[15],"tags":[2151],"class_list":["post-17076","post","type-post","status-publish","format-standard","has-post-thumbnail","hentry","category-la-araucania","tag-corporacion"],"a3_pvc":{"activated":true,"total_views":104,"today_views":0},"_links":{"self":[{"href":"https:\/\/temucotelevision.cl\/web\/wp-json\/wp\/v2\/posts\/17076","targetHints":{"allow":["GET"]}}],"collection":[{"href":"https:\/\/temucotelevision.cl\/web\/wp-json\/wp\/v2\/posts"}],"about":[{"href":"https:\/\/temucotelevision.cl\/web\/wp-json\/wp\/v2\/types\/post"}],"author":[{"embeddable":true,"href":"https:\/\/temucotelevision.cl\/web\/wp-json\/wp\/v2\/users\/1"}],"replies":[{"embeddable":true,"href":"https:\/\/temucotelevision.cl\/web\/wp-json\/wp\/v2\/comments?post=17076"}],"version-history":[{"count":2,"href":"https:\/\/temucotelevision.cl\/web\/wp-json\/wp\/v2\/posts\/17076\/revisions"}],"predecessor-version":[{"id":17079,"href":"https:\/\/temucotelevision.cl\/web\/wp-json\/wp\/v2\/posts\/17076\/revisions\/17079"}],"wp:featuredmedia":[{"embeddable":true,"href":"https:\/\/temucotelevision.cl\/web\/wp-json\/wp\/v2\/media\/17077"}],"wp:attachment":[{"href":"https:\/\/temucotelevision.cl\/web\/wp-json\/wp\/v2\/media?parent=17076"}],"wp:term":[{"taxonomy":"category","embeddable":true,"href":"https:\/\/temucotelevision.cl\/web\/wp-json\/wp\/v2\/categories?post=17076"},{"taxonomy":"post_tag","embeddable":true,"href":"https:\/\/temucotelevision.cl\/web\/wp-json\/wp\/v2\/tags?post=17076"}],"curies":[{"name":"wp","href":"https:\/\/api.w.org\/{rel}","templated":true}]}}