{"id":17068,"date":"2020-12-10T19:56:02","date_gmt":"2020-12-10T22:56:02","guid":{"rendered":"https:\/\/temucotelevision.cl\/web\/?p=17068"},"modified":"2020-12-10T19:56:28","modified_gmt":"2020-12-10T22:56:28","slug":"fiscalia-activa-plan-de-contingencia-por-eclipse-fiscales-investigaran-delitos-que-se-produzcan-por-aumento-de-poblacion-flotante-en-emergencia-sanitaria","status":"publish","type":"post","link":"https:\/\/temucotelevision.cl\/web\/2020\/12\/10\/fiscalia-activa-plan-de-contingencia-por-eclipse-fiscales-investigaran-delitos-que-se-produzcan-por-aumento-de-poblacion-flotante-en-emergencia-sanitaria\/","title":{"rendered":"Fiscal\u00eda activa plan de contingencia por eclipse, fiscales investigar\u00e1n delitos que se produzcan por aumento de poblaci\u00f3n flotante en emergencia sanitaria"},"content":{"rendered":"<div class=\"pvc_clear\"><\/div><p id=\"pvc_stats_17068\" class=\"pvc_stats total_only  \" data-element-id=\"17068\" style=\"\"><i class=\"pvc-stats-icon large\" aria-hidden=\"true\"><svg aria-hidden=\"true\" focusable=\"false\" data-prefix=\"far\" data-icon=\"chart-bar\" role=\"img\" xmlns=\"http:\/\/www.w3.org\/2000\/svg\" viewBox=\"0 0 512 512\" class=\"svg-inline--fa fa-chart-bar fa-w-16 fa-2x\"><path fill=\"currentColor\" d=\"M396.8 352h22.4c6.4 0 12.8-6.4 12.8-12.8V108.8c0-6.4-6.4-12.8-12.8-12.8h-22.4c-6.4 0-12.8 6.4-12.8 12.8v230.4c0 6.4 6.4 12.8 12.8 12.8zm-192 0h22.4c6.4 0 12.8-6.4 12.8-12.8V140.8c0-6.4-6.4-12.8-12.8-12.8h-22.4c-6.4 0-12.8 6.4-12.8 12.8v198.4c0 6.4 6.4 12.8 12.8 12.8zm96 0h22.4c6.4 0 12.8-6.4 12.8-12.8V204.8c0-6.4-6.4-12.8-12.8-12.8h-22.4c-6.4 0-12.8 6.4-12.8 12.8v134.4c0 6.4 6.4 12.8 12.8 12.8zM496 400H48V80c0-8.84-7.16-16-16-16H16C7.16 64 0 71.16 0 80v336c0 17.67 14.33 32 32 32h464c8.84 0 16-7.16 16-16v-16c0-8.84-7.16-16-16-16zm-387.2-48h22.4c6.4 0 12.8-6.4 12.8-12.8v-70.4c0-6.4-6.4-12.8-12.8-12.8h-22.4c-6.4 0-12.8 6.4-12.8 12.8v70.4c0 6.4 6.4 12.8 12.8 12.8z\" class=\"\"><\/path><\/svg><\/i> <img loading=\"lazy\" decoding=\"async\" width=\"16\" height=\"16\" alt=\"Loading\" src=\"https:\/\/temucotelevision.cl\/web\/wp-content\/plugins\/page-views-count\/ajax-loader-2x.gif\" border=0 \/><\/p><div class=\"pvc_clear\"><\/div>\n<p>Con 3 fiscales con dedicaci\u00f3n preferente la Fiscal\u00eda Regional de La Araucan\u00eda enfrentar\u00e1 la ocurrencia de delitos que se puedan producirse con motivo de la masiva llegada de visitantes nacionales y extranjeros por el eclipse solar total del pr\u00f3ximo lunes 14 de diciembre.<\/p>\n\n\n\n<p>La informaci\u00f3n fue confirmada por el fiscal regional Cristi\u00e1n Paredes, quien explic\u00f3 que el raz\u00f3n del aumento de poblaci\u00f3n flotante que ya es posible advertir en algunas zonas y la delicada situaci\u00f3n de salud p\u00fablica que atraviesa La Araucan\u00eda por la pandemia ha decidido nombrar fiscales especiales para favorecer la m\u00e1s expedita actuaci\u00f3n en caso que se cometan delitos, especialmente aquellos que afecten la salud p\u00fablica, como el incumplimiento de cuarentenas.<\/p>\n\n\n\n<p>El fiscal Paredes dijo que \u201cen cada una de las zonas en que este fen\u00f3meno ser\u00e1 de especial inter\u00e9s -la zona costera de La Araucan\u00eda, la zona lacustre y tambi\u00e9n el radio urbano de Temuco-, habr\u00e1 un fiscal que de manera preferente estar\u00e1 coordinado con las polic\u00edas y atento a investigar prontamente junto a ellos todos los delitos que acontezcan, y muy especialmente aquellos relacionados con infracciones a las reglas de salud p\u00fablica que ha decretado la autoridad\u201d.<\/p>\n\n\n\n<p>El jefe regional del Ministerio P\u00fablico record\u00f3 que la situaci\u00f3n que atraviesa La Araucan\u00eda es muy delicada, por lo que llam\u00f3 a las personas a seguir cuid\u00e1ndose y evitar riesgos innecesarios que puedan tener consecuencias para la salud y conductas que puedan ser constitutivas de delito.<\/p>\n","protected":false},"excerpt":{"rendered":"<div class=\"pvc_clear\"><\/div>\n<p id=\"pvc_stats_17068\" class=\"pvc_stats total_only  \" data-element-id=\"17068\" style=\"\"><i class=\"pvc-stats-icon large\" aria-hidden=\"true\"><svg aria-hidden=\"true\" focusable=\"false\" data-prefix=\"far\" data-icon=\"chart-bar\" role=\"img\" xmlns=\"http:\/\/www.w3.org\/2000\/svg\" viewBox=\"0 0 512 512\" class=\"svg-inline--fa fa-chart-bar fa-w-16 fa-2x\"><path fill=\"currentColor\" d=\"M396.8 352h22.4c6.4 0 12.8-6.4 12.8-12.8V108.8c0-6.4-6.4-12.8-12.8-12.8h-22.4c-6.4 0-12.8 6.4-12.8 12.8v230.4c0 6.4 6.4 12.8 12.8 12.8zm-192 0h22.4c6.4 0 12.8-6.4 12.8-12.8V140.8c0-6.4-6.4-12.8-12.8-12.8h-22.4c-6.4 0-12.8 6.4-12.8 12.8v198.4c0 6.4 6.4 12.8 12.8 12.8zm96 0h22.4c6.4 0 12.8-6.4 12.8-12.8V204.8c0-6.4-6.4-12.8-12.8-12.8h-22.4c-6.4 0-12.8 6.4-12.8 12.8v134.4c0 6.4 6.4 12.8 12.8 12.8zM496 400H48V80c0-8.84-7.16-16-16-16H16C7.16 64 0 71.16 0 80v336c0 17.67 14.33 32 32 32h464c8.84 0 16-7.16 16-16v-16c0-8.84-7.16-16-16-16zm-387.2-48h22.4c6.4 0 12.8-6.4 12.8-12.8v-70.4c0-6.4-6.4-12.8-12.8-12.8h-22.4c-6.4 0-12.8 6.4-12.8 12.8v70.4c0 6.4 6.4 12.8 12.8 12.8z\" class=\"\"><\/path><\/svg><\/i> <img loading=\"lazy\" decoding=\"async\" width=\"16\" height=\"16\" alt=\"Loading\" src=\"https:\/\/temucotelevision.cl\/web\/wp-content\/plugins\/page-views-count\/ajax-loader-2x.gif\" border=0 \/><\/p>\n<div class=\"pvc_clear\"><\/div>\n<p>Con 3 fiscales con dedicaci\u00f3n preferente la Fiscal\u00eda Regional de La Araucan\u00eda enfrentar\u00e1 la ocurrencia de delitos que se puedan<\/p>\n","protected":false},"author":1,"featured_media":14265,"comment_status":"open","ping_status":"open","sticky":false,"template":"","format":"standard","meta":{"colormag_page_container_layout":"default_layout","colormag_page_sidebar_layout":"default_layout","footnotes":""},"categories":[15],"tags":[772,622,448],"class_list":["post-17068","post","type-post","status-publish","format-standard","has-post-thumbnail","hentry","category-la-araucania","tag-delitos","tag-eclipse","tag-fiscalia"],"a3_pvc":{"activated":true,"total_views":26,"today_views":0},"_links":{"self":[{"href":"https:\/\/temucotelevision.cl\/web\/wp-json\/wp\/v2\/posts\/17068","targetHints":{"allow":["GET"]}}],"collection":[{"href":"https:\/\/temucotelevision.cl\/web\/wp-json\/wp\/v2\/posts"}],"about":[{"href":"https:\/\/temucotelevision.cl\/web\/wp-json\/wp\/v2\/types\/post"}],"author":[{"embeddable":true,"href":"https:\/\/temucotelevision.cl\/web\/wp-json\/wp\/v2\/users\/1"}],"replies":[{"embeddable":true,"href":"https:\/\/temucotelevision.cl\/web\/wp-json\/wp\/v2\/comments?post=17068"}],"version-history":[{"count":1,"href":"https:\/\/temucotelevision.cl\/web\/wp-json\/wp\/v2\/posts\/17068\/revisions"}],"predecessor-version":[{"id":17069,"href":"https:\/\/temucotelevision.cl\/web\/wp-json\/wp\/v2\/posts\/17068\/revisions\/17069"}],"wp:featuredmedia":[{"embeddable":true,"href":"https:\/\/temucotelevision.cl\/web\/wp-json\/wp\/v2\/media\/14265"}],"wp:attachment":[{"href":"https:\/\/temucotelevision.cl\/web\/wp-json\/wp\/v2\/media?parent=17068"}],"wp:term":[{"taxonomy":"category","embeddable":true,"href":"https:\/\/temucotelevision.cl\/web\/wp-json\/wp\/v2\/categories?post=17068"},{"taxonomy":"post_tag","embeddable":true,"href":"https:\/\/temucotelevision.cl\/web\/wp-json\/wp\/v2\/tags?post=17068"}],"curies":[{"name":"wp","href":"https:\/\/api.w.org\/{rel}","templated":true}]}}