{"id":17064,"date":"2020-12-10T15:27:07","date_gmt":"2020-12-10T18:27:07","guid":{"rendered":"https:\/\/temucotelevision.cl\/web\/?p=17064"},"modified":"2020-12-10T15:27:10","modified_gmt":"2020-12-10T18:27:10","slug":"inician-controles-en-accesos-a-zona-lacustre-y-zona-costera","status":"publish","type":"post","link":"https:\/\/temucotelevision.cl\/web\/2020\/12\/10\/inician-controles-en-accesos-a-zona-lacustre-y-zona-costera\/","title":{"rendered":"Inician controles en accesos a Zona Lacustre y Zona Costera"},"content":{"rendered":"<div class=\"pvc_clear\"><\/div><p id=\"pvc_stats_17064\" class=\"pvc_stats total_only  \" data-element-id=\"17064\" style=\"\"><i class=\"pvc-stats-icon large\" aria-hidden=\"true\"><svg aria-hidden=\"true\" focusable=\"false\" data-prefix=\"far\" data-icon=\"chart-bar\" role=\"img\" xmlns=\"http:\/\/www.w3.org\/2000\/svg\" viewBox=\"0 0 512 512\" class=\"svg-inline--fa fa-chart-bar fa-w-16 fa-2x\"><path fill=\"currentColor\" d=\"M396.8 352h22.4c6.4 0 12.8-6.4 12.8-12.8V108.8c0-6.4-6.4-12.8-12.8-12.8h-22.4c-6.4 0-12.8 6.4-12.8 12.8v230.4c0 6.4 6.4 12.8 12.8 12.8zm-192 0h22.4c6.4 0 12.8-6.4 12.8-12.8V140.8c0-6.4-6.4-12.8-12.8-12.8h-22.4c-6.4 0-12.8 6.4-12.8 12.8v198.4c0 6.4 6.4 12.8 12.8 12.8zm96 0h22.4c6.4 0 12.8-6.4 12.8-12.8V204.8c0-6.4-6.4-12.8-12.8-12.8h-22.4c-6.4 0-12.8 6.4-12.8 12.8v134.4c0 6.4 6.4 12.8 12.8 12.8zM496 400H48V80c0-8.84-7.16-16-16-16H16C7.16 64 0 71.16 0 80v336c0 17.67 14.33 32 32 32h464c8.84 0 16-7.16 16-16v-16c0-8.84-7.16-16-16-16zm-387.2-48h22.4c6.4 0 12.8-6.4 12.8-12.8v-70.4c0-6.4-6.4-12.8-12.8-12.8h-22.4c-6.4 0-12.8 6.4-12.8 12.8v70.4c0 6.4 6.4 12.8 12.8 12.8z\" class=\"\"><\/path><\/svg><\/i> <img loading=\"lazy\" decoding=\"async\" width=\"16\" height=\"16\" alt=\"Loading\" src=\"https:\/\/temucotelevision.cl\/web\/wp-content\/plugins\/page-views-count\/ajax-loader-2x.gif\" border=0 \/><\/p><div class=\"pvc_clear\"><\/div>\n<ul class=\"wp-block-list\"><li>El intendente V\u00edctor Manoli junto al Seremi de Salud (S), Alex Olivares, verificaron el cumplimiento de los controles en la zona costera.<\/li><\/ul>\n\n\n\n<p><strong>\u00a0<\/strong>Fiscalizaciones por el cumplimiento de medidas sanitarias han realizado las autoridades en distintos sectores de la regi\u00f3n de cara al eclipse que se registrar\u00e1 este 14 de diciembre en La Araucan\u00eda.\u00a0<\/p>\n\n\n\n<p>Este jueves, el intendente V\u00edctor Manoli junto a Alex Olivares, Seremi (S) de Salud, se trasladaron hasta uno de los puntos de control que se est\u00e1n realizando en la regi\u00f3n con el fin de fiscalizar el desarrollo de estos pero adem\u00e1s reiterar que las personas que se trasladen de una ciudad a otra deben regirse por el Plan Paso a Paso, es decir, tener de origen una comuna que est\u00e9 en Paso 3 o m\u00e1s y trasladarse a una ciudad del mismo Paso o superior.<\/p>\n\n\n\n<p>En este sentido, el jefe de Acci\u00f3n Sanitaria y Seremi (S) de Salud, Alex olivares, destac\u00f3 el trabajo que est\u00e1 realizando la Seremi de Salud porque \u201cse ha iniciado uno de los operativo m\u00e1s importantes en cuanto a despliegue territorial en los \u00faltimos a\u00f1os. M\u00e1s de 100 funcionarios, que se dedican solamente a la fiscalizaci\u00f3n del cumplimiento de las medidas sanitarias, se han desplegado en las 15 comunas de la provincia de Caut\u00edn donde vamos a tener un mayor porcentaje de oscuridad durante el eclipse\u201d.<\/p>\n\n\n\n<p>En cuanto a los controles, la Seremi de Salud defini\u00f3 de forma estrat\u00e9gica 15 puntos de control en la Regi\u00f3n con el fin de impedir el acceso de personas que no cumplan con los requisitos sanitarios para ingresar ni menos transitar a alguna comuna de La Araucan\u00eda.<\/p>\n\n\n\n<p>Por su parte, el intendente de La Araucan\u00eda, V\u00edctor Manoli, se\u00f1al\u00f3 que \u201cse est\u00e1n realizando estos controles donde ya se ha detectado a personas que no traen sus permisos o est\u00e1n conduciendo sin su licencia (\u2026) hacemos un llamado a todas las personas que quieran venir y no cumplan con los requisitos porque se les va a impedir el acceso. Estamos llamando al autocuidado porque la pandemia la podemos controlar solo nosotros\u201d.<\/p>\n\n\n\n<p>Las autoridades reiteraron el llamado al autocuidado y a la responsabilidad, especialmente a las personas que pretenden atravesar los controles sin cumplir con los requisitos sanitarios ya que estar\u00e1n expuestos a un sumario sanitario pero adem\u00e1s a infracciones por incumplimiento de las normativas legales que est\u00e1 controlando Carabineros de Chile, en el contexto de la pandemia que afecta al pa\u00eds.<\/p>\n","protected":false},"excerpt":{"rendered":"<div class=\"pvc_clear\"><\/div>\n<p id=\"pvc_stats_17064\" class=\"pvc_stats total_only  \" data-element-id=\"17064\" style=\"\"><i class=\"pvc-stats-icon large\" aria-hidden=\"true\"><svg aria-hidden=\"true\" focusable=\"false\" data-prefix=\"far\" data-icon=\"chart-bar\" role=\"img\" xmlns=\"http:\/\/www.w3.org\/2000\/svg\" viewBox=\"0 0 512 512\" class=\"svg-inline--fa fa-chart-bar fa-w-16 fa-2x\"><path fill=\"currentColor\" d=\"M396.8 352h22.4c6.4 0 12.8-6.4 12.8-12.8V108.8c0-6.4-6.4-12.8-12.8-12.8h-22.4c-6.4 0-12.8 6.4-12.8 12.8v230.4c0 6.4 6.4 12.8 12.8 12.8zm-192 0h22.4c6.4 0 12.8-6.4 12.8-12.8V140.8c0-6.4-6.4-12.8-12.8-12.8h-22.4c-6.4 0-12.8 6.4-12.8 12.8v198.4c0 6.4 6.4 12.8 12.8 12.8zm96 0h22.4c6.4 0 12.8-6.4 12.8-12.8V204.8c0-6.4-6.4-12.8-12.8-12.8h-22.4c-6.4 0-12.8 6.4-12.8 12.8v134.4c0 6.4 6.4 12.8 12.8 12.8zM496 400H48V80c0-8.84-7.16-16-16-16H16C7.16 64 0 71.16 0 80v336c0 17.67 14.33 32 32 32h464c8.84 0 16-7.16 16-16v-16c0-8.84-7.16-16-16-16zm-387.2-48h22.4c6.4 0 12.8-6.4 12.8-12.8v-70.4c0-6.4-6.4-12.8-12.8-12.8h-22.4c-6.4 0-12.8 6.4-12.8 12.8v70.4c0 6.4 6.4 12.8 12.8 12.8z\" class=\"\"><\/path><\/svg><\/i> <img loading=\"lazy\" decoding=\"async\" width=\"16\" height=\"16\" alt=\"Loading\" src=\"https:\/\/temucotelevision.cl\/web\/wp-content\/plugins\/page-views-count\/ajax-loader-2x.gif\" border=0 \/><\/p>\n<div class=\"pvc_clear\"><\/div>\n<p>El intendente V\u00edctor Manoli junto al Seremi de Salud (S), Alex Olivares, verificaron el cumplimiento de los controles en la<\/p>\n","protected":false},"author":1,"featured_media":17065,"comment_status":"open","ping_status":"open","sticky":false,"template":"","format":"standard","meta":{"colormag_page_container_layout":"default_layout","colormag_page_sidebar_layout":"default_layout","footnotes":""},"categories":[15],"tags":[261],"class_list":["post-17064","post","type-post","status-publish","format-standard","has-post-thumbnail","hentry","category-la-araucania","tag-costa"],"a3_pvc":{"activated":true,"total_views":15,"today_views":0},"_links":{"self":[{"href":"https:\/\/temucotelevision.cl\/web\/wp-json\/wp\/v2\/posts\/17064","targetHints":{"allow":["GET"]}}],"collection":[{"href":"https:\/\/temucotelevision.cl\/web\/wp-json\/wp\/v2\/posts"}],"about":[{"href":"https:\/\/temucotelevision.cl\/web\/wp-json\/wp\/v2\/types\/post"}],"author":[{"embeddable":true,"href":"https:\/\/temucotelevision.cl\/web\/wp-json\/wp\/v2\/users\/1"}],"replies":[{"embeddable":true,"href":"https:\/\/temucotelevision.cl\/web\/wp-json\/wp\/v2\/comments?post=17064"}],"version-history":[{"count":1,"href":"https:\/\/temucotelevision.cl\/web\/wp-json\/wp\/v2\/posts\/17064\/revisions"}],"predecessor-version":[{"id":17066,"href":"https:\/\/temucotelevision.cl\/web\/wp-json\/wp\/v2\/posts\/17064\/revisions\/17066"}],"wp:featuredmedia":[{"embeddable":true,"href":"https:\/\/temucotelevision.cl\/web\/wp-json\/wp\/v2\/media\/17065"}],"wp:attachment":[{"href":"https:\/\/temucotelevision.cl\/web\/wp-json\/wp\/v2\/media?parent=17064"}],"wp:term":[{"taxonomy":"category","embeddable":true,"href":"https:\/\/temucotelevision.cl\/web\/wp-json\/wp\/v2\/categories?post=17064"},{"taxonomy":"post_tag","embeddable":true,"href":"https:\/\/temucotelevision.cl\/web\/wp-json\/wp\/v2\/tags?post=17064"}],"curies":[{"name":"wp","href":"https:\/\/api.w.org\/{rel}","templated":true}]}}