{"id":17059,"date":"2020-12-10T14:49:15","date_gmt":"2020-12-10T17:49:15","guid":{"rendered":"https:\/\/temucotelevision.cl\/web\/?p=17059"},"modified":"2020-12-10T14:49:55","modified_gmt":"2020-12-10T17:49:55","slug":"expo-eclipse-2020-reunira-a-30-expositores-en-la-costanera-de-villarrica","status":"publish","type":"post","link":"https:\/\/temucotelevision.cl\/web\/2020\/12\/10\/expo-eclipse-2020-reunira-a-30-expositores-en-la-costanera-de-villarrica\/","title":{"rendered":"Expo Eclipse 2020 reunir\u00e1 a 30 expositores en la Costanera de Villarrica"},"content":{"rendered":"<div class=\"pvc_clear\"><\/div><p id=\"pvc_stats_17059\" class=\"pvc_stats total_only  \" data-element-id=\"17059\" style=\"\"><i class=\"pvc-stats-icon large\" aria-hidden=\"true\"><svg aria-hidden=\"true\" focusable=\"false\" data-prefix=\"far\" data-icon=\"chart-bar\" role=\"img\" xmlns=\"http:\/\/www.w3.org\/2000\/svg\" viewBox=\"0 0 512 512\" class=\"svg-inline--fa fa-chart-bar fa-w-16 fa-2x\"><path fill=\"currentColor\" d=\"M396.8 352h22.4c6.4 0 12.8-6.4 12.8-12.8V108.8c0-6.4-6.4-12.8-12.8-12.8h-22.4c-6.4 0-12.8 6.4-12.8 12.8v230.4c0 6.4 6.4 12.8 12.8 12.8zm-192 0h22.4c6.4 0 12.8-6.4 12.8-12.8V140.8c0-6.4-6.4-12.8-12.8-12.8h-22.4c-6.4 0-12.8 6.4-12.8 12.8v198.4c0 6.4 6.4 12.8 12.8 12.8zm96 0h22.4c6.4 0 12.8-6.4 12.8-12.8V204.8c0-6.4-6.4-12.8-12.8-12.8h-22.4c-6.4 0-12.8 6.4-12.8 12.8v134.4c0 6.4 6.4 12.8 12.8 12.8zM496 400H48V80c0-8.84-7.16-16-16-16H16C7.16 64 0 71.16 0 80v336c0 17.67 14.33 32 32 32h464c8.84 0 16-7.16 16-16v-16c0-8.84-7.16-16-16-16zm-387.2-48h22.4c6.4 0 12.8-6.4 12.8-12.8v-70.4c0-6.4-6.4-12.8-12.8-12.8h-22.4c-6.4 0-12.8 6.4-12.8 12.8v70.4c0 6.4 6.4 12.8 12.8 12.8z\" class=\"\"><\/path><\/svg><\/i> <img loading=\"lazy\" decoding=\"async\" width=\"16\" height=\"16\" alt=\"Loading\" src=\"https:\/\/temucotelevision.cl\/web\/wp-content\/plugins\/page-views-count\/ajax-loader-2x.gif\" border=0 \/><\/p><div class=\"pvc_clear\"><\/div>\n<p><strong><em>Emprendedores de los sectores agroelaborados, artesan\u00eda y turismo se dar\u00e1n cita el 11 y 12 de diciembre, de 10 a 21 horas, en un lugar acondicionado y con todas las medidas de seguridad dictaminadas por el ministerio de la salud. La cita es organizada por el municipio local y la Corporaci\u00f3n de Desarrollo Araucan\u00eda<\/em><\/strong><strong>.&nbsp;<\/strong><\/p>\n\n\n\n<p>Este viernes 11 y s\u00e1bado 12 de diciembre se desarrollar\u00e1 la \u201cExpo Eclipse 2020\u201d, actividad que reunir\u00e1 a 30 destacados expositores de los sectores agroelaborados, artesan\u00eda y turismo de la regi\u00f3n, en dos jornadas que se realizar\u00e1n \u00edntegramente en sector Costanera, comuna de Villarrica.<\/p>\n\n\n\n<p>La actividad, organizada por la Corporaci\u00f3n de Desarrollo Araucan\u00eda y el municipio local, tiene como objetivo visibilizar y apoyar aquellos emprendedores de la regi\u00f3n que se vieron golpeados por los efectos de la pandemia, entregando una oportunidad \u00fanica de comercializaci\u00f3n, en un lugar privilegiado y con todas las medidas y protocolos sanitarios.<\/p>\n\n\n\n<p>\u201cQuiero invitar a todos este viernes y s\u00e1bado a la Costanera de Villarrica donde estaremos varios emprendedores mostrando, con todo nuestro amor y talento, lo que hacemos. Estoy muy emocionada porque es la primera feria que se hace en medio de la pandemia y voy con todo el \u00e1nimo\u201d, explic\u00f3 Coco Gil de Picanterios, emprendedora de Pitrufqu\u00e9n que se dedica&nbsp;a la producci\u00f3n y comercializaci\u00f3n de productos gourmet deshidratados, especialmente en maqui y en mezclas de aj\u00edes con hierbas y frutos.<\/p>\n\n\n\n<p>La importancia de recuperar espacios de comercializaci\u00f3n es clave para la anhelada reactivaci\u00f3n econ\u00f3mica. As\u00ed lo reconoci\u00f3 la jefe de proyectos de la Corporaci\u00f3n de Desarrollo Araucan\u00eda, Cecilia Y\u00e1\u00f1ez, quien destac\u00f3 la instancia en beneficio de los productores locales.<\/p>\n\n\n\n<p>\u201cBuscamos visibilizar a la comunidad la oferta de productos del \u00e1rea gourmet, artesanal, turismo y cosm\u00e9tica natural de la regi\u00f3n. Esto es un esfuerzo de la corporaci\u00f3n, de las agrupaciones y donde esperamos que la gente privilegie la oferta local que tendremos en estos dos d\u00edas\u201d, recalc\u00f3 Y\u00e1\u00f1ez.&nbsp;<\/p>\n\n\n\n<p><strong>Fomento productivo&nbsp;<\/strong><\/p>\n\n\n\n<p>Una de las entidades comprometidas con la reactivaci\u00f3n econ\u00f3mica es la Corporaci\u00f3n de Desarrollo Araucan\u00eda.&nbsp; As\u00ed lo reconoci\u00f3 el gerente (I) de la entidad,&nbsp;Ra\u00fal&nbsp;S\u00e1ez, quien espera que la expo sea \u201cun impulso para productores que sufrieron y sufren los estragos de la pandemia\u201d.<\/p>\n\n\n\n<p>\u201cHemos conocido el trabajo, esfuerzo, dedicaci\u00f3n y voluntad por llevar a cabo esta actividad y creemos fielmente que la&nbsp;Expo&nbsp;Eclipse es una oportunidad para mostrar lo mejor de nuestros emprendedores, en un ambiente familiar, seguro y en una comuna que es el epicentro del turismo regional. La Corporaci\u00f3n de Desarrollo Araucan\u00eda seguir\u00e1 aportando al desarrollo productivo regional, de la mano con los productores locales\u201d, remat\u00f3&nbsp;S\u00e1ez.<\/p>\n\n\n\n<p>La Expo Eclipse 2020 ser\u00e1 inaugurada este viernes al mediod\u00eda y estar\u00e1 abierta hasta el s\u00e1bado 12, de 10 a 21 horas.<\/p>\n\n\n\n<figure class=\"wp-block-image\"><img loading=\"lazy\" decoding=\"async\" width=\"600\" height=\"900\" src=\"https:\/\/temucotelevision.cl\/web\/wp-content\/uploads\/2020\/12\/FERIA-ECLIPSE-2020-AFICHE-DIGITAL.png\" alt=\"\" class=\"wp-image-17062\"\/><\/figure>\n","protected":false},"excerpt":{"rendered":"<div class=\"pvc_clear\"><\/div>\n<p id=\"pvc_stats_17059\" class=\"pvc_stats total_only  \" data-element-id=\"17059\" style=\"\"><i class=\"pvc-stats-icon large\" aria-hidden=\"true\"><svg aria-hidden=\"true\" focusable=\"false\" data-prefix=\"far\" data-icon=\"chart-bar\" role=\"img\" xmlns=\"http:\/\/www.w3.org\/2000\/svg\" viewBox=\"0 0 512 512\" class=\"svg-inline--fa fa-chart-bar fa-w-16 fa-2x\"><path fill=\"currentColor\" d=\"M396.8 352h22.4c6.4 0 12.8-6.4 12.8-12.8V108.8c0-6.4-6.4-12.8-12.8-12.8h-22.4c-6.4 0-12.8 6.4-12.8 12.8v230.4c0 6.4 6.4 12.8 12.8 12.8zm-192 0h22.4c6.4 0 12.8-6.4 12.8-12.8V140.8c0-6.4-6.4-12.8-12.8-12.8h-22.4c-6.4 0-12.8 6.4-12.8 12.8v198.4c0 6.4 6.4 12.8 12.8 12.8zm96 0h22.4c6.4 0 12.8-6.4 12.8-12.8V204.8c0-6.4-6.4-12.8-12.8-12.8h-22.4c-6.4 0-12.8 6.4-12.8 12.8v134.4c0 6.4 6.4 12.8 12.8 12.8zM496 400H48V80c0-8.84-7.16-16-16-16H16C7.16 64 0 71.16 0 80v336c0 17.67 14.33 32 32 32h464c8.84 0 16-7.16 16-16v-16c0-8.84-7.16-16-16-16zm-387.2-48h22.4c6.4 0 12.8-6.4 12.8-12.8v-70.4c0-6.4-6.4-12.8-12.8-12.8h-22.4c-6.4 0-12.8 6.4-12.8 12.8v70.4c0 6.4 6.4 12.8 12.8 12.8z\" class=\"\"><\/path><\/svg><\/i> <img loading=\"lazy\" decoding=\"async\" width=\"16\" height=\"16\" alt=\"Loading\" src=\"https:\/\/temucotelevision.cl\/web\/wp-content\/plugins\/page-views-count\/ajax-loader-2x.gif\" border=0 \/><\/p>\n<div class=\"pvc_clear\"><\/div>\n<p>Emprendedores de los sectores agroelaborados, artesan\u00eda y turismo se dar\u00e1n cita el 11 y 12 de diciembre, de 10 a<\/p>\n","protected":false},"author":1,"featured_media":17060,"comment_status":"open","ping_status":"open","sticky":false,"template":"","format":"standard","meta":{"colormag_page_container_layout":"default_layout","colormag_page_sidebar_layout":"default_layout","footnotes":""},"categories":[86],"tags":[315],"class_list":["post-17059","post","type-post","status-publish","format-standard","has-post-thumbnail","hentry","category-panoramas","tag-costanera"],"a3_pvc":{"activated":true,"total_views":35,"today_views":0},"_links":{"self":[{"href":"https:\/\/temucotelevision.cl\/web\/wp-json\/wp\/v2\/posts\/17059","targetHints":{"allow":["GET"]}}],"collection":[{"href":"https:\/\/temucotelevision.cl\/web\/wp-json\/wp\/v2\/posts"}],"about":[{"href":"https:\/\/temucotelevision.cl\/web\/wp-json\/wp\/v2\/types\/post"}],"author":[{"embeddable":true,"href":"https:\/\/temucotelevision.cl\/web\/wp-json\/wp\/v2\/users\/1"}],"replies":[{"embeddable":true,"href":"https:\/\/temucotelevision.cl\/web\/wp-json\/wp\/v2\/comments?post=17059"}],"version-history":[{"count":2,"href":"https:\/\/temucotelevision.cl\/web\/wp-json\/wp\/v2\/posts\/17059\/revisions"}],"predecessor-version":[{"id":17063,"href":"https:\/\/temucotelevision.cl\/web\/wp-json\/wp\/v2\/posts\/17059\/revisions\/17063"}],"wp:featuredmedia":[{"embeddable":true,"href":"https:\/\/temucotelevision.cl\/web\/wp-json\/wp\/v2\/media\/17060"}],"wp:attachment":[{"href":"https:\/\/temucotelevision.cl\/web\/wp-json\/wp\/v2\/media?parent=17059"}],"wp:term":[{"taxonomy":"category","embeddable":true,"href":"https:\/\/temucotelevision.cl\/web\/wp-json\/wp\/v2\/categories?post=17059"},{"taxonomy":"post_tag","embeddable":true,"href":"https:\/\/temucotelevision.cl\/web\/wp-json\/wp\/v2\/tags?post=17059"}],"curies":[{"name":"wp","href":"https:\/\/api.w.org\/{rel}","templated":true}]}}