{"id":17056,"date":"2020-12-10T14:42:19","date_gmt":"2020-12-10T17:42:19","guid":{"rendered":"https:\/\/temucotelevision.cl\/web\/?p=17056"},"modified":"2020-12-10T14:42:21","modified_gmt":"2020-12-10T17:42:21","slug":"segundo-retiro-del-10-administradoras-han-recibido-mas-de-un-millon-de-solicitudes%ef%bb%bf","status":"publish","type":"post","link":"https:\/\/temucotelevision.cl\/web\/2020\/12\/10\/segundo-retiro-del-10-administradoras-han-recibido-mas-de-un-millon-de-solicitudes%ef%bb%bf\/","title":{"rendered":"Segundo retiro del 10%: Administradoras han recibido m\u00e1s de un mill\u00f3n de solicitudes\ufeff"},"content":{"rendered":"<div class=\"pvc_clear\"><\/div><p id=\"pvc_stats_17056\" class=\"pvc_stats total_only  \" data-element-id=\"17056\" style=\"\"><i class=\"pvc-stats-icon large\" aria-hidden=\"true\"><svg aria-hidden=\"true\" focusable=\"false\" data-prefix=\"far\" data-icon=\"chart-bar\" role=\"img\" xmlns=\"http:\/\/www.w3.org\/2000\/svg\" viewBox=\"0 0 512 512\" class=\"svg-inline--fa fa-chart-bar fa-w-16 fa-2x\"><path fill=\"currentColor\" d=\"M396.8 352h22.4c6.4 0 12.8-6.4 12.8-12.8V108.8c0-6.4-6.4-12.8-12.8-12.8h-22.4c-6.4 0-12.8 6.4-12.8 12.8v230.4c0 6.4 6.4 12.8 12.8 12.8zm-192 0h22.4c6.4 0 12.8-6.4 12.8-12.8V140.8c0-6.4-6.4-12.8-12.8-12.8h-22.4c-6.4 0-12.8 6.4-12.8 12.8v198.4c0 6.4 6.4 12.8 12.8 12.8zm96 0h22.4c6.4 0 12.8-6.4 12.8-12.8V204.8c0-6.4-6.4-12.8-12.8-12.8h-22.4c-6.4 0-12.8 6.4-12.8 12.8v134.4c0 6.4 6.4 12.8 12.8 12.8zM496 400H48V80c0-8.84-7.16-16-16-16H16C7.16 64 0 71.16 0 80v336c0 17.67 14.33 32 32 32h464c8.84 0 16-7.16 16-16v-16c0-8.84-7.16-16-16-16zm-387.2-48h22.4c6.4 0 12.8-6.4 12.8-12.8v-70.4c0-6.4-6.4-12.8-12.8-12.8h-22.4c-6.4 0-12.8 6.4-12.8 12.8v70.4c0 6.4 6.4 12.8 12.8 12.8z\" class=\"\"><\/path><\/svg><\/i> <img loading=\"lazy\" decoding=\"async\" width=\"16\" height=\"16\" alt=\"Loading\" src=\"https:\/\/temucotelevision.cl\/web\/wp-content\/plugins\/page-views-count\/ajax-loader-2x.gif\" border=0 \/><\/p><div class=\"pvc_clear\"><\/div>\n<p><em>El proceso, que comenz\u00f3 a las 9:00 horas de este jueves, se est\u00e1 realizando en forma 100% digital.<\/em><\/p>\n\n\n\n<p>\u201cA una hora de empezado el segundo proceso de retiro de fondos previsionales, las administradoras ya registran un mill\u00f3n de solicitudes ingresadas, manteniendo adem\u00e1s todas sus plataformas operativas. Esta cifra nos refleja que las personas han preferido los canales digitales y por eso, reiteramos el llamado a no ir a sucursales. Estamos trabajando para que el proceso siga siendo \u00e1gil y simple para todos los afiliados y afiliadas\u201d, dijo esta ma\u00f1ana Fernando Larra\u00edn, gerente general de la Asociaci\u00f3n de AFP, a modo de balance inicial de la primera jornada del proceso de retiro de fondos.<\/p>\n\n\n\n<p>Los requerimientos ser\u00e1n confirmados por las administradoras en un plazo de 4 d\u00edas h\u00e1biles, y el pago de la primera cuota del monto retirado comenzar\u00e1 en un plazo m\u00e1ximo de 10 d\u00edas h\u00e1biles desde el ingreso de la solicitud, la segunda cuota se pagar\u00e1 10 d\u00edas h\u00e1biles despu\u00e9s del primer pago. En los casos de retiros por montos menores a 35 UF, el pago se efectuar\u00e1 en una sola cuota.<\/p>\n\n\n\n<p>\u00bfC\u00f3mo se realiza la solicitud? Cada afiliado debe ingresar el requerimiento con su RUT y n\u00famero de documento o serie (en el caso de los extranjeros sin RUT la solicitud se realiza con el NIC y la clave de AFP). En el formulario de solicitud, que es muy similar al del primer proceso, el afiliado&nbsp; debe indicar sus datos personales, el monto solicitado (el 100% de lo aprobado por la ley o un monto menor) y declarar si es deudor de pensi\u00f3n de alimentos. Adem\u00e1s, debe se\u00f1alar la modalidad de pago, informando el n\u00famero de cuenta, tipo de cuenta y nombre de la entidad que la administra.<\/p>\n\n\n\n<p>Es importante se\u00f1alar que, al igual que durante el primer proceso de retiro, hay un a\u00f1o de plazo para solicitar los ahorros. De hecho, quienes no han tramitado el retiro del primer 10% pueden participar igualmente de esta segunda instancia, ya que se trata de dos iniciativas diferentes y el primer proceso se mantendr\u00e1 vigente hasta julio de 2021.<\/p>\n","protected":false},"excerpt":{"rendered":"<div class=\"pvc_clear\"><\/div>\n<p id=\"pvc_stats_17056\" class=\"pvc_stats total_only  \" data-element-id=\"17056\" style=\"\"><i class=\"pvc-stats-icon large\" aria-hidden=\"true\"><svg aria-hidden=\"true\" focusable=\"false\" data-prefix=\"far\" data-icon=\"chart-bar\" role=\"img\" xmlns=\"http:\/\/www.w3.org\/2000\/svg\" viewBox=\"0 0 512 512\" class=\"svg-inline--fa fa-chart-bar fa-w-16 fa-2x\"><path fill=\"currentColor\" d=\"M396.8 352h22.4c6.4 0 12.8-6.4 12.8-12.8V108.8c0-6.4-6.4-12.8-12.8-12.8h-22.4c-6.4 0-12.8 6.4-12.8 12.8v230.4c0 6.4 6.4 12.8 12.8 12.8zm-192 0h22.4c6.4 0 12.8-6.4 12.8-12.8V140.8c0-6.4-6.4-12.8-12.8-12.8h-22.4c-6.4 0-12.8 6.4-12.8 12.8v198.4c0 6.4 6.4 12.8 12.8 12.8zm96 0h22.4c6.4 0 12.8-6.4 12.8-12.8V204.8c0-6.4-6.4-12.8-12.8-12.8h-22.4c-6.4 0-12.8 6.4-12.8 12.8v134.4c0 6.4 6.4 12.8 12.8 12.8zM496 400H48V80c0-8.84-7.16-16-16-16H16C7.16 64 0 71.16 0 80v336c0 17.67 14.33 32 32 32h464c8.84 0 16-7.16 16-16v-16c0-8.84-7.16-16-16-16zm-387.2-48h22.4c6.4 0 12.8-6.4 12.8-12.8v-70.4c0-6.4-6.4-12.8-12.8-12.8h-22.4c-6.4 0-12.8 6.4-12.8 12.8v70.4c0 6.4 6.4 12.8 12.8 12.8z\" class=\"\"><\/path><\/svg><\/i> <img loading=\"lazy\" decoding=\"async\" width=\"16\" height=\"16\" alt=\"Loading\" src=\"https:\/\/temucotelevision.cl\/web\/wp-content\/plugins\/page-views-count\/ajax-loader-2x.gif\" border=0 \/><\/p>\n<div class=\"pvc_clear\"><\/div>\n<p>El proceso, que comenz\u00f3 a las 9:00 horas de este jueves, se est\u00e1 realizando en forma 100% digital. \u201cA una<\/p>\n","protected":false},"author":1,"featured_media":13013,"comment_status":"open","ping_status":"open","sticky":false,"template":"","format":"standard","meta":{"colormag_page_container_layout":"default_layout","colormag_page_sidebar_layout":"default_layout","footnotes":""},"categories":[15],"tags":[2802],"class_list":["post-17056","post","type-post","status-publish","format-standard","has-post-thumbnail","hentry","category-la-araucania","tag-2802"],"a3_pvc":{"activated":true,"total_views":26,"today_views":0},"_links":{"self":[{"href":"https:\/\/temucotelevision.cl\/web\/wp-json\/wp\/v2\/posts\/17056","targetHints":{"allow":["GET"]}}],"collection":[{"href":"https:\/\/temucotelevision.cl\/web\/wp-json\/wp\/v2\/posts"}],"about":[{"href":"https:\/\/temucotelevision.cl\/web\/wp-json\/wp\/v2\/types\/post"}],"author":[{"embeddable":true,"href":"https:\/\/temucotelevision.cl\/web\/wp-json\/wp\/v2\/users\/1"}],"replies":[{"embeddable":true,"href":"https:\/\/temucotelevision.cl\/web\/wp-json\/wp\/v2\/comments?post=17056"}],"version-history":[{"count":1,"href":"https:\/\/temucotelevision.cl\/web\/wp-json\/wp\/v2\/posts\/17056\/revisions"}],"predecessor-version":[{"id":17057,"href":"https:\/\/temucotelevision.cl\/web\/wp-json\/wp\/v2\/posts\/17056\/revisions\/17057"}],"wp:featuredmedia":[{"embeddable":true,"href":"https:\/\/temucotelevision.cl\/web\/wp-json\/wp\/v2\/media\/13013"}],"wp:attachment":[{"href":"https:\/\/temucotelevision.cl\/web\/wp-json\/wp\/v2\/media?parent=17056"}],"wp:term":[{"taxonomy":"category","embeddable":true,"href":"https:\/\/temucotelevision.cl\/web\/wp-json\/wp\/v2\/categories?post=17056"},{"taxonomy":"post_tag","embeddable":true,"href":"https:\/\/temucotelevision.cl\/web\/wp-json\/wp\/v2\/tags?post=17056"}],"curies":[{"name":"wp","href":"https:\/\/api.w.org\/{rel}","templated":true}]}}