{"id":17053,"date":"2020-12-10T13:03:57","date_gmt":"2020-12-10T16:03:57","guid":{"rendered":"https:\/\/temucotelevision.cl\/web\/?p=17053"},"modified":"2020-12-10T13:04:00","modified_gmt":"2020-12-10T16:04:00","slug":"mop-aerodromo-de-pucon-ya-esta-preparado-para-recibir-aeronaves-con-motivo-del-eclipse-2020","status":"publish","type":"post","link":"https:\/\/temucotelevision.cl\/web\/2020\/12\/10\/mop-aerodromo-de-pucon-ya-esta-preparado-para-recibir-aeronaves-con-motivo-del-eclipse-2020\/","title":{"rendered":"MOP: Aer\u00f3dromo de Puc\u00f3n ya est\u00e1  preparado  para recibir aeronaves con motivo del Eclipse 2020"},"content":{"rendered":"<div class=\"pvc_clear\"><\/div><p id=\"pvc_stats_17053\" class=\"pvc_stats total_only  \" data-element-id=\"17053\" style=\"\"><i class=\"pvc-stats-icon large\" aria-hidden=\"true\"><svg aria-hidden=\"true\" focusable=\"false\" data-prefix=\"far\" data-icon=\"chart-bar\" role=\"img\" xmlns=\"http:\/\/www.w3.org\/2000\/svg\" viewBox=\"0 0 512 512\" class=\"svg-inline--fa fa-chart-bar fa-w-16 fa-2x\"><path fill=\"currentColor\" d=\"M396.8 352h22.4c6.4 0 12.8-6.4 12.8-12.8V108.8c0-6.4-6.4-12.8-12.8-12.8h-22.4c-6.4 0-12.8 6.4-12.8 12.8v230.4c0 6.4 6.4 12.8 12.8 12.8zm-192 0h22.4c6.4 0 12.8-6.4 12.8-12.8V140.8c0-6.4-6.4-12.8-12.8-12.8h-22.4c-6.4 0-12.8 6.4-12.8 12.8v198.4c0 6.4 6.4 12.8 12.8 12.8zm96 0h22.4c6.4 0 12.8-6.4 12.8-12.8V204.8c0-6.4-6.4-12.8-12.8-12.8h-22.4c-6.4 0-12.8 6.4-12.8 12.8v134.4c0 6.4 6.4 12.8 12.8 12.8zM496 400H48V80c0-8.84-7.16-16-16-16H16C7.16 64 0 71.16 0 80v336c0 17.67 14.33 32 32 32h464c8.84 0 16-7.16 16-16v-16c0-8.84-7.16-16-16-16zm-387.2-48h22.4c6.4 0 12.8-6.4 12.8-12.8v-70.4c0-6.4-6.4-12.8-12.8-12.8h-22.4c-6.4 0-12.8 6.4-12.8 12.8v70.4c0 6.4 6.4 12.8 12.8 12.8z\" class=\"\"><\/path><\/svg><\/i> <img loading=\"lazy\" decoding=\"async\" width=\"16\" height=\"16\" alt=\"Loading\" src=\"https:\/\/temucotelevision.cl\/web\/wp-content\/plugins\/page-views-count\/ajax-loader-2x.gif\" border=0 \/><\/p><div class=\"pvc_clear\"><\/div>\n<p><strong><em>En la ocasi\u00f3n se inform\u00f3 que se encuentra licitado el contrato para el mejoramiento de la pista.<\/em><\/strong><strong><em><\/em><\/strong><\/p>\n\n\n\n<p>Una inspecci\u00f3n a las obras de conservaci\u00f3n del aer\u00f3dromo de Puc\u00f3n, el cual se prepara para recibir vuelos, en el marco del pr\u00f3ximo&nbsp;eclipse que se podr\u00e1 observar en la zona lacustre de La Araucan\u00eda. La actividad fue encabezada&nbsp;por la Directora Nacional de Aeropuertos Claudia Carvallo, el Seremi MOP Henry Leal y el Alcalde de Puc\u00f3n Carlos Barra, quienes realizaron un recorrido por las instalaciones de este terminal a\u00e9reo.&nbsp;<\/p>\n\n\n\n<p>Se trata de obras que han considerado&nbsp;&nbsp;el mejoramiento de \u00e1reas de estacionamiento para aeronaves,&nbsp;&nbsp;mejoramiento del edificio terminal, servicio higi\u00e9nicos, entre otras de importancia que son necesarias para una mejor atenci\u00f3n de quienes lleguena este &nbsp;aer\u00f3dromo y que proyecta&nbsp;recibir una gran cantidad de aeronaves, para este evento astron\u00f3mico del pr\u00f3ximo lunes 14 de diciembre.&nbsp;<\/p>\n\n\n\n<p>En la ocasi\u00f3n se inform\u00f3 que se public\u00f3 la licitaci\u00f3n&nbsp;de las obras de conservaci\u00f3n&nbsp;&nbsp;de la pista de este recinto a\u00e9reo, que permitir\u00e1 en el futuro,&nbsp;el retorno de vuelos&nbsp;comerciales a esta&nbsp;comuna tur\u00edstica de La Araucan\u00eda. Para&nbsp;ello se ha dispuesto de un presupuesto de 2.800 millones de pesos y se estima que las obras se inicien durante&nbsp;el mes de febrero de 2021.&nbsp;<\/p>\n\n\n\n<p>La Directora Nacional de Aeropuertos, Claudia Carvallo coment\u00f3 que, \u201caqu\u00ed se hizo una conservaci\u00f3n en varios sectores del aer\u00f3dromo y creemos que&nbsp;&nbsp;la obra m\u00e1s importante,&nbsp;&nbsp;es la construcci\u00f3n de una plataforma de estacionamiento con capacidad para 20 aeronaves de aviaci\u00f3n&nbsp;general&#8221;.&nbsp;<\/p>\n\n\n\n<p>La profesional&nbsp;dijo adem\u00e1s que, \u201cse suman&nbsp;otras iniciativas que est\u00e1n en desarrollo y que corresponden a una conservaci\u00f3n mayor de la pista. Este contrato que ya se licit\u00f3 y va a permitir elevar el est\u00e1ndar&nbsp;y resistencia&nbsp;&nbsp;de la pista&nbsp;para la operaci\u00f3n comercial. Esperamos que con esto el pr\u00f3ximo a\u00f1o puedan haber operadores de aviaci\u00f3n comercial; destacar tambi\u00e9n que se incluye el mejoramiento en general del edificio terminal de pasajeros, estacionamiento vehiculares y una serie de instalaciones&nbsp;para la Direcci\u00f3n de Aeron\u00e1utica Civil, que permitir\u00e1 potenciar la&nbsp;operaci\u00f3n comercial de este aer\u00f3dromo&#8221;, asever\u00f3&nbsp; la Directora Nacional de Aeropuertos.&nbsp;<\/p>\n\n\n\n<p>En tanto el Alcalde de Puc\u00f3n, asegur\u00f3 que esta es una necesidad para fortalecer la oferta tur\u00edstica&nbsp;&nbsp;que Puc\u00f3n tiene en el aspecto nacional e internacional. No vamos a poder tener desarrollo sostenido&nbsp;&nbsp;sino contamos con un aeropuerto en las condiciones que va a quedar. As\u00ed que estamos muy conforme, los plazos ya est\u00e1n&nbsp;establecidos&nbsp;&nbsp;y yo creo a fines del 2021 y principios del 2022&nbsp;&nbsp;vamos a contar con los aviones AIRBAG 320 y eso sin&nbsp;duda&nbsp; va fortalecer el transporte de pasajeros&#8221; asever\u00f3 el alcalde.<\/p>\n\n\n\n<p>Finalmente&nbsp;el seremi MOP, Henry Leal, dijo que, \u201clas obras de mejoramiento de este aer\u00f3dromo, es un paso importante para ir consolidando este terminal a\u00e9reo, que sin duda ser\u00e1 un aporte el desarrollo del turismo en la zona lacustre. Es as\u00ed como gracias a los recursos del Plan Impulso Araucan\u00eda, estamos generando las obras necesarias para potenciar este aer\u00f3dromo, ya tenemos habilitada la pista de estacionamiento para 20 aeronaves, adem\u00e1s del cierre perimetral de este recinto y estamos preparados para recibir&nbsp;&nbsp;aeronaves menores para este fin de semana con motivo del eclipse\u201d, consign\u00f3.<\/p>\n","protected":false},"excerpt":{"rendered":"<div class=\"pvc_clear\"><\/div>\n<p id=\"pvc_stats_17053\" class=\"pvc_stats total_only  \" data-element-id=\"17053\" style=\"\"><i class=\"pvc-stats-icon large\" aria-hidden=\"true\"><svg aria-hidden=\"true\" focusable=\"false\" data-prefix=\"far\" data-icon=\"chart-bar\" role=\"img\" xmlns=\"http:\/\/www.w3.org\/2000\/svg\" viewBox=\"0 0 512 512\" class=\"svg-inline--fa fa-chart-bar fa-w-16 fa-2x\"><path fill=\"currentColor\" d=\"M396.8 352h22.4c6.4 0 12.8-6.4 12.8-12.8V108.8c0-6.4-6.4-12.8-12.8-12.8h-22.4c-6.4 0-12.8 6.4-12.8 12.8v230.4c0 6.4 6.4 12.8 12.8 12.8zm-192 0h22.4c6.4 0 12.8-6.4 12.8-12.8V140.8c0-6.4-6.4-12.8-12.8-12.8h-22.4c-6.4 0-12.8 6.4-12.8 12.8v198.4c0 6.4 6.4 12.8 12.8 12.8zm96 0h22.4c6.4 0 12.8-6.4 12.8-12.8V204.8c0-6.4-6.4-12.8-12.8-12.8h-22.4c-6.4 0-12.8 6.4-12.8 12.8v134.4c0 6.4 6.4 12.8 12.8 12.8zM496 400H48V80c0-8.84-7.16-16-16-16H16C7.16 64 0 71.16 0 80v336c0 17.67 14.33 32 32 32h464c8.84 0 16-7.16 16-16v-16c0-8.84-7.16-16-16-16zm-387.2-48h22.4c6.4 0 12.8-6.4 12.8-12.8v-70.4c0-6.4-6.4-12.8-12.8-12.8h-22.4c-6.4 0-12.8 6.4-12.8 12.8v70.4c0 6.4 6.4 12.8 12.8 12.8z\" class=\"\"><\/path><\/svg><\/i> <img loading=\"lazy\" decoding=\"async\" width=\"16\" height=\"16\" alt=\"Loading\" src=\"https:\/\/temucotelevision.cl\/web\/wp-content\/plugins\/page-views-count\/ajax-loader-2x.gif\" border=0 \/><\/p>\n<div class=\"pvc_clear\"><\/div>\n<p>En la ocasi\u00f3n se inform\u00f3 que se encuentra licitado el contrato para el mejoramiento de la pista. Una inspecci\u00f3n a<\/p>\n","protected":false},"author":1,"featured_media":17054,"comment_status":"open","ping_status":"open","sticky":false,"template":"","format":"standard","meta":{"colormag_page_container_layout":"default_layout","colormag_page_sidebar_layout":"default_layout","footnotes":""},"categories":[15],"tags":[622,554],"class_list":["post-17053","post","type-post","status-publish","format-standard","has-post-thumbnail","hentry","category-la-araucania","tag-eclipse","tag-mop"],"a3_pvc":{"activated":true,"total_views":64,"today_views":0},"_links":{"self":[{"href":"https:\/\/temucotelevision.cl\/web\/wp-json\/wp\/v2\/posts\/17053","targetHints":{"allow":["GET"]}}],"collection":[{"href":"https:\/\/temucotelevision.cl\/web\/wp-json\/wp\/v2\/posts"}],"about":[{"href":"https:\/\/temucotelevision.cl\/web\/wp-json\/wp\/v2\/types\/post"}],"author":[{"embeddable":true,"href":"https:\/\/temucotelevision.cl\/web\/wp-json\/wp\/v2\/users\/1"}],"replies":[{"embeddable":true,"href":"https:\/\/temucotelevision.cl\/web\/wp-json\/wp\/v2\/comments?post=17053"}],"version-history":[{"count":1,"href":"https:\/\/temucotelevision.cl\/web\/wp-json\/wp\/v2\/posts\/17053\/revisions"}],"predecessor-version":[{"id":17055,"href":"https:\/\/temucotelevision.cl\/web\/wp-json\/wp\/v2\/posts\/17053\/revisions\/17055"}],"wp:featuredmedia":[{"embeddable":true,"href":"https:\/\/temucotelevision.cl\/web\/wp-json\/wp\/v2\/media\/17054"}],"wp:attachment":[{"href":"https:\/\/temucotelevision.cl\/web\/wp-json\/wp\/v2\/media?parent=17053"}],"wp:term":[{"taxonomy":"category","embeddable":true,"href":"https:\/\/temucotelevision.cl\/web\/wp-json\/wp\/v2\/categories?post=17053"},{"taxonomy":"post_tag","embeddable":true,"href":"https:\/\/temucotelevision.cl\/web\/wp-json\/wp\/v2\/tags?post=17053"}],"curies":[{"name":"wp","href":"https:\/\/api.w.org\/{rel}","templated":true}]}}