{"id":17022,"date":"2020-12-09T23:08:04","date_gmt":"2020-12-10T02:08:04","guid":{"rendered":"https:\/\/temucotelevision.cl\/web\/?p=17022"},"modified":"2020-12-09T23:10:52","modified_gmt":"2020-12-10T02:10:52","slug":"diputado-celis-pide-mayor-consideracion-de-unimarc-a-sus-empleados-movilizados","status":"publish","type":"post","link":"https:\/\/temucotelevision.cl\/web\/2020\/12\/09\/diputado-celis-pide-mayor-consideracion-de-unimarc-a-sus-empleados-movilizados\/","title":{"rendered":"Diputado Celis pide mayor consideraci\u00f3n de Unimarc a sus empleados movilizados"},"content":{"rendered":"<div class=\"pvc_clear\"><\/div><p id=\"pvc_stats_17022\" class=\"pvc_stats total_only  \" data-element-id=\"17022\" style=\"\"><i class=\"pvc-stats-icon large\" aria-hidden=\"true\"><svg aria-hidden=\"true\" focusable=\"false\" data-prefix=\"far\" data-icon=\"chart-bar\" role=\"img\" xmlns=\"http:\/\/www.w3.org\/2000\/svg\" viewBox=\"0 0 512 512\" class=\"svg-inline--fa fa-chart-bar fa-w-16 fa-2x\"><path fill=\"currentColor\" d=\"M396.8 352h22.4c6.4 0 12.8-6.4 12.8-12.8V108.8c0-6.4-6.4-12.8-12.8-12.8h-22.4c-6.4 0-12.8 6.4-12.8 12.8v230.4c0 6.4 6.4 12.8 12.8 12.8zm-192 0h22.4c6.4 0 12.8-6.4 12.8-12.8V140.8c0-6.4-6.4-12.8-12.8-12.8h-22.4c-6.4 0-12.8 6.4-12.8 12.8v198.4c0 6.4 6.4 12.8 12.8 12.8zm96 0h22.4c6.4 0 12.8-6.4 12.8-12.8V204.8c0-6.4-6.4-12.8-12.8-12.8h-22.4c-6.4 0-12.8 6.4-12.8 12.8v134.4c0 6.4 6.4 12.8 12.8 12.8zM496 400H48V80c0-8.84-7.16-16-16-16H16C7.16 64 0 71.16 0 80v336c0 17.67 14.33 32 32 32h464c8.84 0 16-7.16 16-16v-16c0-8.84-7.16-16-16-16zm-387.2-48h22.4c6.4 0 12.8-6.4 12.8-12.8v-70.4c0-6.4-6.4-12.8-12.8-12.8h-22.4c-6.4 0-12.8 6.4-12.8 12.8v70.4c0 6.4 6.4 12.8 12.8 12.8z\" class=\"\"><\/path><\/svg><\/i> <img loading=\"lazy\" decoding=\"async\" width=\"16\" height=\"16\" alt=\"Loading\" src=\"https:\/\/temucotelevision.cl\/web\/wp-content\/plugins\/page-views-count\/ajax-loader-2x.gif\" border=0 \/><\/p><div class=\"pvc_clear\"><\/div>\n<p>A un mes de iniciada la huelga de trabajadores del Sindicato Establecimiento 72 , quienes piden mejores condiciones laborales, \u00e9stos rechazaron la propuesta realizada por la empresa por considerar que no se ajusta a sus necesidades, continuando por lo tanto las movilizaciones y recibiendo el apoyo del diputado por La Araucan\u00eda Ricardo Celis.<\/p>\n\n\n\n<p>\u201cLos \u00fanicos que han ganado en esta pandemia han sido las grandes cadenas de tiendas y supermercados, Jumbo, Sodimac, Unimarc- A ellos les ha ido muy bien, mientras que a los que trabajan como independientes, los feriantes por ejemplo, no les ha ido tan bien. Y a los que no cotizan y no van a poder retirar su 10% tampoco les ha ido muy bien\u201d declar\u00f3 el parlamentario, quien se traslado hasta las afueras del local ubicado en feria Pinto, ex supermercado Mu\u00f1oz-Hermanos, para solidarizar con el movimiento.<\/p>\n\n\n\n<p>La movilizaci\u00f3n que ya lleva 30 d\u00edas, solicita aumentos en bonos, colaci\u00f3n y movilizaciones a los trabajadores, m\u00e1s bono de productividad y reajuste de sueldos base. Sin embargo \u00a0 la propuesta realizada por la empresa no fue aceptada por \u00e9stos. \u201cLa empresa Unimarc ha tenido una forma de llevar las negociaciones colectivas donde a la empresa no le importa lo que les pase a sus trabajadores exponiendo sus vidas a un virus que anda circulando\u201d declara Ingrid Letelier, presidenta del Sindicato, quien agrega \u201cCuando atendemos como maquinas ah\u00ed somos un equipo, o cuando un cajero tiene que pararse a reponer productos. Pero cuando se necesita realizar negociaciones laborales ah\u00ed nos tienen en la calle. Estamos hablando de un holding que paga campa\u00f1as millonarias con rostros como Jorge Zabaleta o Francisco Saavedra y que tiene a sus trabajadores en precarias condiciones\u201d.<\/p>\n\n\n\n<p>Para la presidenta Anef Araucan\u00eda y de la Coordinadora No + AFP Wallmapu Sandra Mar\u00edn lo que aqu\u00ed esta en juego es la dignidad de los trabajadores \u201cNo podemos aceptar que hayan diferencias en el trato a los trabajadores como en el caso de los mineros que salieron con sus bolsillos.<\/p>\n\n\n\n<figure class=\"wp-block-image\"><img loading=\"lazy\" decoding=\"async\" width=\"1024\" height=\"768\" src=\"https:\/\/temucotelevision.cl\/web\/wp-content\/uploads\/2020\/12\/Unimarc2-1024x768.jpg\" alt=\"\" class=\"wp-image-17034\" srcset=\"https:\/\/temucotelevision.cl\/web\/wp-content\/uploads\/2020\/12\/Unimarc2-1024x768.jpg 1024w, https:\/\/temucotelevision.cl\/web\/wp-content\/uploads\/2020\/12\/Unimarc2-768x576.jpg 768w, https:\/\/temucotelevision.cl\/web\/wp-content\/uploads\/2020\/12\/Unimarc2.jpg 1280w\" sizes=\"auto, (max-width: 1024px) 100vw, 1024px\" \/><\/figure>\n","protected":false},"excerpt":{"rendered":"<div class=\"pvc_clear\"><\/div>\n<p id=\"pvc_stats_17022\" class=\"pvc_stats total_only  \" data-element-id=\"17022\" style=\"\"><i class=\"pvc-stats-icon large\" aria-hidden=\"true\"><svg aria-hidden=\"true\" focusable=\"false\" data-prefix=\"far\" data-icon=\"chart-bar\" role=\"img\" xmlns=\"http:\/\/www.w3.org\/2000\/svg\" viewBox=\"0 0 512 512\" class=\"svg-inline--fa fa-chart-bar fa-w-16 fa-2x\"><path fill=\"currentColor\" d=\"M396.8 352h22.4c6.4 0 12.8-6.4 12.8-12.8V108.8c0-6.4-6.4-12.8-12.8-12.8h-22.4c-6.4 0-12.8 6.4-12.8 12.8v230.4c0 6.4 6.4 12.8 12.8 12.8zm-192 0h22.4c6.4 0 12.8-6.4 12.8-12.8V140.8c0-6.4-6.4-12.8-12.8-12.8h-22.4c-6.4 0-12.8 6.4-12.8 12.8v198.4c0 6.4 6.4 12.8 12.8 12.8zm96 0h22.4c6.4 0 12.8-6.4 12.8-12.8V204.8c0-6.4-6.4-12.8-12.8-12.8h-22.4c-6.4 0-12.8 6.4-12.8 12.8v134.4c0 6.4 6.4 12.8 12.8 12.8zM496 400H48V80c0-8.84-7.16-16-16-16H16C7.16 64 0 71.16 0 80v336c0 17.67 14.33 32 32 32h464c8.84 0 16-7.16 16-16v-16c0-8.84-7.16-16-16-16zm-387.2-48h22.4c6.4 0 12.8-6.4 12.8-12.8v-70.4c0-6.4-6.4-12.8-12.8-12.8h-22.4c-6.4 0-12.8 6.4-12.8 12.8v70.4c0 6.4 6.4 12.8 12.8 12.8z\" class=\"\"><\/path><\/svg><\/i> <img loading=\"lazy\" decoding=\"async\" width=\"16\" height=\"16\" alt=\"Loading\" src=\"https:\/\/temucotelevision.cl\/web\/wp-content\/plugins\/page-views-count\/ajax-loader-2x.gif\" border=0 \/><\/p>\n<div class=\"pvc_clear\"><\/div>\n<p>A un mes de iniciada la huelga de trabajadores del Sindicato Establecimiento 72 , quienes piden mejores condiciones laborales, \u00e9stos<\/p>\n","protected":false},"author":1,"featured_media":17032,"comment_status":"open","ping_status":"open","sticky":false,"template":"","format":"standard","meta":{"colormag_page_container_layout":"default_layout","colormag_page_sidebar_layout":"default_layout","footnotes":""},"categories":[15,84],"tags":[2547,154,3300],"class_list":["post-17022","post","type-post","status-publish","format-standard","has-post-thumbnail","hentry","category-la-araucania","category-politica","tag-celis","tag-diputado","tag-unimarc"],"a3_pvc":{"activated":true,"total_views":97,"today_views":0},"_links":{"self":[{"href":"https:\/\/temucotelevision.cl\/web\/wp-json\/wp\/v2\/posts\/17022","targetHints":{"allow":["GET"]}}],"collection":[{"href":"https:\/\/temucotelevision.cl\/web\/wp-json\/wp\/v2\/posts"}],"about":[{"href":"https:\/\/temucotelevision.cl\/web\/wp-json\/wp\/v2\/types\/post"}],"author":[{"embeddable":true,"href":"https:\/\/temucotelevision.cl\/web\/wp-json\/wp\/v2\/users\/1"}],"replies":[{"embeddable":true,"href":"https:\/\/temucotelevision.cl\/web\/wp-json\/wp\/v2\/comments?post=17022"}],"version-history":[{"count":2,"href":"https:\/\/temucotelevision.cl\/web\/wp-json\/wp\/v2\/posts\/17022\/revisions"}],"predecessor-version":[{"id":17035,"href":"https:\/\/temucotelevision.cl\/web\/wp-json\/wp\/v2\/posts\/17022\/revisions\/17035"}],"wp:featuredmedia":[{"embeddable":true,"href":"https:\/\/temucotelevision.cl\/web\/wp-json\/wp\/v2\/media\/17032"}],"wp:attachment":[{"href":"https:\/\/temucotelevision.cl\/web\/wp-json\/wp\/v2\/media?parent=17022"}],"wp:term":[{"taxonomy":"category","embeddable":true,"href":"https:\/\/temucotelevision.cl\/web\/wp-json\/wp\/v2\/categories?post=17022"},{"taxonomy":"post_tag","embeddable":true,"href":"https:\/\/temucotelevision.cl\/web\/wp-json\/wp\/v2\/tags?post=17022"}],"curies":[{"name":"wp","href":"https:\/\/api.w.org\/{rel}","templated":true}]}}