{"id":17020,"date":"2020-12-10T07:19:00","date_gmt":"2020-12-10T10:19:00","guid":{"rendered":"https:\/\/temucotelevision.cl\/web\/?p=17020"},"modified":"2020-12-10T07:19:37","modified_gmt":"2020-12-10T10:19:37","slug":"centro-cultural-de-plc-estrena-exposicion-virtual-del-artista-visual-victor-carrasco-pena%ef%bb%bf","status":"publish","type":"post","link":"https:\/\/temucotelevision.cl\/web\/2020\/12\/10\/centro-cultural-de-plc-estrena-exposicion-virtual-del-artista-visual-victor-carrasco-pena%ef%bb%bf\/","title":{"rendered":"Centro Cultural de PLC estrena Exposici\u00f3n Virtual del Artista Visual V\u00edctor Carrasco Pe\u00f1a\ufeff"},"content":{"rendered":"<div class=\"pvc_clear\"><\/div><p id=\"pvc_stats_17020\" class=\"pvc_stats total_only  \" data-element-id=\"17020\" style=\"\"><i class=\"pvc-stats-icon large\" aria-hidden=\"true\"><svg aria-hidden=\"true\" focusable=\"false\" data-prefix=\"far\" data-icon=\"chart-bar\" role=\"img\" xmlns=\"http:\/\/www.w3.org\/2000\/svg\" viewBox=\"0 0 512 512\" class=\"svg-inline--fa fa-chart-bar fa-w-16 fa-2x\"><path fill=\"currentColor\" d=\"M396.8 352h22.4c6.4 0 12.8-6.4 12.8-12.8V108.8c0-6.4-6.4-12.8-12.8-12.8h-22.4c-6.4 0-12.8 6.4-12.8 12.8v230.4c0 6.4 6.4 12.8 12.8 12.8zm-192 0h22.4c6.4 0 12.8-6.4 12.8-12.8V140.8c0-6.4-6.4-12.8-12.8-12.8h-22.4c-6.4 0-12.8 6.4-12.8 12.8v198.4c0 6.4 6.4 12.8 12.8 12.8zm96 0h22.4c6.4 0 12.8-6.4 12.8-12.8V204.8c0-6.4-6.4-12.8-12.8-12.8h-22.4c-6.4 0-12.8 6.4-12.8 12.8v134.4c0 6.4 6.4 12.8 12.8 12.8zM496 400H48V80c0-8.84-7.16-16-16-16H16C7.16 64 0 71.16 0 80v336c0 17.67 14.33 32 32 32h464c8.84 0 16-7.16 16-16v-16c0-8.84-7.16-16-16-16zm-387.2-48h22.4c6.4 0 12.8-6.4 12.8-12.8v-70.4c0-6.4-6.4-12.8-12.8-12.8h-22.4c-6.4 0-12.8 6.4-12.8 12.8v70.4c0 6.4 6.4 12.8 12.8 12.8z\" class=\"\"><\/path><\/svg><\/i> <img loading=\"lazy\" decoding=\"async\" width=\"16\" height=\"16\" alt=\"Loading\" src=\"https:\/\/temucotelevision.cl\/web\/wp-content\/plugins\/page-views-count\/ajax-loader-2x.gif\" border=0 \/><\/p><div class=\"pvc_clear\"><\/div>\n<p><strong><em>A trav\u00e9s de una pieza audiovisual e in\u00e9dita para el Artista, se exhibir\u00e1 su trabajo v\u00eda Facebook Live este domingo 13 a las 17 horas.<\/em><\/strong><\/p>\n\n\n\n<p>La Corporaci\u00f3n Cultural Municipal de Padre Las Casas, entidad a cargo del centro cultural de la comuna, invita a la toda la comunidad a presenciar la 1\u00b0 Exposici\u00f3n Virtual del Artista local, V\u00edctor Carrasco Pe\u00f1a, quien es Pintor y Fot\u00f3grafo con m\u00e1s de 40 a\u00f1os de carrera.&nbsp;<\/p>\n\n\n\n<p><strong>EXPOSICI\u00d3N<\/strong><\/p>\n\n\n\n<p>En la ocasi\u00f3n, a trav\u00e9s de una pieza audiovisual, Carrasco mostrar\u00e1 y detallar\u00e1 cada una de sus ic\u00f3nicas obras realizadas bajo la t\u00e9cnica del \u00f3leo, adem\u00e1s, por primera vez al p\u00fablico, presentar\u00e1 sus nuevas pinturas en acr\u00edlico, la cual ha desarrollado estos \u00faltimos meses.&nbsp;<\/p>\n\n\n\n<p>La iniciativa pretende que, a trav\u00e9s de este nuevo formato, se reconozca a V\u00edctor Carrasco por su invaluable aporte a la conservaci\u00f3n del patrimonio material e inmaterial de Padre Las Casas y de La Araucan\u00eda, as\u00ed como tambi\u00e9n, que el p\u00fablico pueda conocer y adquirir sus obras.&nbsp;<\/p>\n\n\n\n<p>\u201cMis amigas, amigos de la comunidad de Padre Las Casas y desde cualquier otro lugar, podr\u00e1n ver mis creaciones, algunos son lugares nuestra comuna, paisajes y calles antiguas que quiz\u00e1s no muchas personas saben que existen o existieron, ser\u00e1 un reflejo de los cambios que se han realizado con el tiempo\u201d, comenta Carrasco.&nbsp;<\/p>\n\n\n\n<p>En relaci\u00f3n a la grabaci\u00f3n de esta pieza audiovisual, el fot\u00f3grafo, sincera que \u201cme pareci\u00f3 bastante novedosa, con la edad que tengo me cuesta un poco trabajar de forma online, pero ha sido interesante, todo con el objetivo de difundir m\u00e1s mi trabajo\u201d. Adem\u00e1s, a\u00f1ade que \u201cme parece muy bien porque uno tiene la posibilidad de mostrar sus creaciones en estos tiempos de pandemia y por supuesto tambi\u00e9n, se da la ocasi\u00f3n de que las personas se interesen y quieran comprar alguna de ellas\u201d.&nbsp;<\/p>\n\n\n\n<p><strong>CARRERA<\/strong><\/p>\n\n\n\n<p>Destacar que las obras del pintor han estado en m\u00e1s de 30 exposiciones que se han realizado en la regi\u00f3n y pa\u00eds, las cuales se caracterizan y se centran en la expresi\u00f3n realista de los paisajes en distintas \u00e9pocas de La Araucan\u00eda y, sobre todo, de la comuna de Padre las Casas.<\/p>\n\n\n\n<p>\u201cLlevo gran parte de mi vida dedicado a las artes visuales, ha sido un largo trabajo de superaci\u00f3n, desde ser un pintor autodidacta en mi juventud, posteriormente ingreso a Academia de Bellas Artes de Temuco, donde inicio mi camino y forjo una carrera\u201d, expresa el artista.&nbsp;<\/p>\n\n\n\n<p><strong>OBRAS<\/strong><\/p>\n\n\n\n<p>Desde la Corporaci\u00f3n Cultural informan que esta exhibici\u00f3n virtual estar\u00e1 disponible sin fecha l\u00edmite en la p\u00e1gina de Facebook y web del centro cultural, para que los interesados en adquirir sus pinturas puedan apreciarlas en detalle. As\u00ed mismo, en ella estar\u00e1n los datos de contacto de V\u00edctor Carrasco. Para quienes deseen hacerlo desde ya, pueden encontrarlo en su Facebook bajo su mismo nombre o a su tel\u00e9fono +56966048375<\/p>\n\n\n\n<figure class=\"wp-block-image\"><img loading=\"lazy\" decoding=\"async\" width=\"876\" height=\"1024\" src=\"https:\/\/temucotelevision.cl\/web\/wp-content\/uploads\/2020\/12\/Antigua-Iglesia-San-Antonio-Pintura-Acr\u00edlico-Victor-Carrasco-876x1024.jpg\" alt=\"\" class=\"wp-image-17043\" srcset=\"https:\/\/temucotelevision.cl\/web\/wp-content\/uploads\/2020\/12\/Antigua-Iglesia-San-Antonio-Pintura-Acr\u00edlico-Victor-Carrasco-876x1024.jpg 876w, https:\/\/temucotelevision.cl\/web\/wp-content\/uploads\/2020\/12\/Antigua-Iglesia-San-Antonio-Pintura-Acr\u00edlico-Victor-Carrasco-768x898.jpg 768w, https:\/\/temucotelevision.cl\/web\/wp-content\/uploads\/2020\/12\/Antigua-Iglesia-San-Antonio-Pintura-Acr\u00edlico-Victor-Carrasco.jpg 1500w\" sizes=\"auto, (max-width: 876px) 100vw, 876px\" \/><\/figure>\n","protected":false},"excerpt":{"rendered":"<div class=\"pvc_clear\"><\/div>\n<p id=\"pvc_stats_17020\" class=\"pvc_stats total_only  \" data-element-id=\"17020\" style=\"\"><i class=\"pvc-stats-icon large\" aria-hidden=\"true\"><svg aria-hidden=\"true\" focusable=\"false\" data-prefix=\"far\" data-icon=\"chart-bar\" role=\"img\" xmlns=\"http:\/\/www.w3.org\/2000\/svg\" viewBox=\"0 0 512 512\" class=\"svg-inline--fa fa-chart-bar fa-w-16 fa-2x\"><path fill=\"currentColor\" d=\"M396.8 352h22.4c6.4 0 12.8-6.4 12.8-12.8V108.8c0-6.4-6.4-12.8-12.8-12.8h-22.4c-6.4 0-12.8 6.4-12.8 12.8v230.4c0 6.4 6.4 12.8 12.8 12.8zm-192 0h22.4c6.4 0 12.8-6.4 12.8-12.8V140.8c0-6.4-6.4-12.8-12.8-12.8h-22.4c-6.4 0-12.8 6.4-12.8 12.8v198.4c0 6.4 6.4 12.8 12.8 12.8zm96 0h22.4c6.4 0 12.8-6.4 12.8-12.8V204.8c0-6.4-6.4-12.8-12.8-12.8h-22.4c-6.4 0-12.8 6.4-12.8 12.8v134.4c0 6.4 6.4 12.8 12.8 12.8zM496 400H48V80c0-8.84-7.16-16-16-16H16C7.16 64 0 71.16 0 80v336c0 17.67 14.33 32 32 32h464c8.84 0 16-7.16 16-16v-16c0-8.84-7.16-16-16-16zm-387.2-48h22.4c6.4 0 12.8-6.4 12.8-12.8v-70.4c0-6.4-6.4-12.8-12.8-12.8h-22.4c-6.4 0-12.8 6.4-12.8 12.8v70.4c0 6.4 6.4 12.8 12.8 12.8z\" class=\"\"><\/path><\/svg><\/i> <img loading=\"lazy\" decoding=\"async\" width=\"16\" height=\"16\" alt=\"Loading\" src=\"https:\/\/temucotelevision.cl\/web\/wp-content\/plugins\/page-views-count\/ajax-loader-2x.gif\" border=0 \/><\/p>\n<div class=\"pvc_clear\"><\/div>\n<p>A trav\u00e9s de una pieza audiovisual e in\u00e9dita para el Artista, se exhibir\u00e1 su trabajo v\u00eda Facebook Live este domingo<\/p>\n","protected":false},"author":1,"featured_media":17041,"comment_status":"open","ping_status":"open","sticky":false,"template":"","format":"standard","meta":{"colormag_page_container_layout":"default_layout","colormag_page_sidebar_layout":"default_layout","footnotes":""},"categories":[86],"tags":[580,876,999],"class_list":["post-17020","post","type-post","status-publish","format-standard","has-post-thumbnail","hentry","category-panoramas","tag-artista","tag-exposicion","tag-plc"],"a3_pvc":{"activated":true,"total_views":177,"today_views":0},"_links":{"self":[{"href":"https:\/\/temucotelevision.cl\/web\/wp-json\/wp\/v2\/posts\/17020","targetHints":{"allow":["GET"]}}],"collection":[{"href":"https:\/\/temucotelevision.cl\/web\/wp-json\/wp\/v2\/posts"}],"about":[{"href":"https:\/\/temucotelevision.cl\/web\/wp-json\/wp\/v2\/types\/post"}],"author":[{"embeddable":true,"href":"https:\/\/temucotelevision.cl\/web\/wp-json\/wp\/v2\/users\/1"}],"replies":[{"embeddable":true,"href":"https:\/\/temucotelevision.cl\/web\/wp-json\/wp\/v2\/comments?post=17020"}],"version-history":[{"count":2,"href":"https:\/\/temucotelevision.cl\/web\/wp-json\/wp\/v2\/posts\/17020\/revisions"}],"predecessor-version":[{"id":17044,"href":"https:\/\/temucotelevision.cl\/web\/wp-json\/wp\/v2\/posts\/17020\/revisions\/17044"}],"wp:featuredmedia":[{"embeddable":true,"href":"https:\/\/temucotelevision.cl\/web\/wp-json\/wp\/v2\/media\/17041"}],"wp:attachment":[{"href":"https:\/\/temucotelevision.cl\/web\/wp-json\/wp\/v2\/media?parent=17020"}],"wp:term":[{"taxonomy":"category","embeddable":true,"href":"https:\/\/temucotelevision.cl\/web\/wp-json\/wp\/v2\/categories?post=17020"},{"taxonomy":"post_tag","embeddable":true,"href":"https:\/\/temucotelevision.cl\/web\/wp-json\/wp\/v2\/tags?post=17020"}],"curies":[{"name":"wp","href":"https:\/\/api.w.org\/{rel}","templated":true}]}}