{"id":17017,"date":"2020-12-09T21:19:09","date_gmt":"2020-12-10T00:19:09","guid":{"rendered":"https:\/\/temucotelevision.cl\/web\/?p=17017"},"modified":"2020-12-09T21:19:12","modified_gmt":"2020-12-10T00:19:12","slug":"medio-ambiente-hace-un-llamado-a-mantener-humedales-y-playas-libres-de-residuos-durante-el-eclipse-y-la-temporada-de-verano%ef%bb%bf","status":"publish","type":"post","link":"https:\/\/temucotelevision.cl\/web\/2020\/12\/09\/medio-ambiente-hace-un-llamado-a-mantener-humedales-y-playas-libres-de-residuos-durante-el-eclipse-y-la-temporada-de-verano%ef%bb%bf\/","title":{"rendered":"Medio Ambiente hace un llamado a mantener humedales y playas libres de residuos durante el eclipse y la temporada de verano\ufeff"},"content":{"rendered":"<div class=\"pvc_clear\"><\/div><p id=\"pvc_stats_17017\" class=\"pvc_stats total_only  \" data-element-id=\"17017\" style=\"\"><i class=\"pvc-stats-icon large\" aria-hidden=\"true\"><svg aria-hidden=\"true\" focusable=\"false\" data-prefix=\"far\" data-icon=\"chart-bar\" role=\"img\" xmlns=\"http:\/\/www.w3.org\/2000\/svg\" viewBox=\"0 0 512 512\" class=\"svg-inline--fa fa-chart-bar fa-w-16 fa-2x\"><path fill=\"currentColor\" d=\"M396.8 352h22.4c6.4 0 12.8-6.4 12.8-12.8V108.8c0-6.4-6.4-12.8-12.8-12.8h-22.4c-6.4 0-12.8 6.4-12.8 12.8v230.4c0 6.4 6.4 12.8 12.8 12.8zm-192 0h22.4c6.4 0 12.8-6.4 12.8-12.8V140.8c0-6.4-6.4-12.8-12.8-12.8h-22.4c-6.4 0-12.8 6.4-12.8 12.8v198.4c0 6.4 6.4 12.8 12.8 12.8zm96 0h22.4c6.4 0 12.8-6.4 12.8-12.8V204.8c0-6.4-6.4-12.8-12.8-12.8h-22.4c-6.4 0-12.8 6.4-12.8 12.8v134.4c0 6.4 6.4 12.8 12.8 12.8zM496 400H48V80c0-8.84-7.16-16-16-16H16C7.16 64 0 71.16 0 80v336c0 17.67 14.33 32 32 32h464c8.84 0 16-7.16 16-16v-16c0-8.84-7.16-16-16-16zm-387.2-48h22.4c6.4 0 12.8-6.4 12.8-12.8v-70.4c0-6.4-6.4-12.8-12.8-12.8h-22.4c-6.4 0-12.8 6.4-12.8 12.8v70.4c0 6.4 6.4 12.8 12.8 12.8z\" class=\"\"><\/path><\/svg><\/i> <img loading=\"lazy\" decoding=\"async\" width=\"16\" height=\"16\" alt=\"Loading\" src=\"https:\/\/temucotelevision.cl\/web\/wp-content\/plugins\/page-views-count\/ajax-loader-2x.gif\" border=0 \/><\/p><div class=\"pvc_clear\"><\/div>\n<p><em>A trav\u00e9s del \u201cDec\u00e1logo del viajero responsable\u201d elaborado recientemente por el Proyecto GEF Humedales Costeros, se busca prevenir el aumento de residuos.<\/em><\/p>\n\n\n\n<p>Comenz\u00f3 la cuenta regresiva para vivir un nuevo evento astron\u00f3mico en nuestro pa\u00eds y las miradas de todo el mundo est\u00e1n centrada en la regi\u00f3n de La Araucan\u00eda, el principal centro de avistamiento del eclipse solar que se vivir\u00e1 el pr\u00f3ximo 14 de diciembre.<\/p>\n\n\n\n<p>El fen\u00f3meno astron\u00f3mico no ha estado ajeno al contexto mundial de pandemia por Covid-19 y es por eso que la Seremi del Medio Ambiente de La Araucan\u00eda, Paula Castillo en conjunto con el alcalde de la comuna de Puc\u00f3n, Carlos Barra dieron a conocer el dec\u00e1logo del buen viajero, el cual fue elaborado por el Proyecto GEF Humedales Costeros, con el objetivo de entregar a los turistas, recomendaciones sustentables para el cuidado de nuestras playas y humedales durante el eclipse y la temporada de verano.<\/p>\n\n\n\n<p>Elementos como mascarillas, guantes, adem\u00e1s de pl\u00e1sticos y otros, contaminan y ponen en peligro a las especies que habitan, nidifican y\/o se avistan en nuestras playas. Si estos residuos llegan al mar, los efectos adversos al ecosistema se incrementan.<\/p>\n\n\n\n<p>Al respecto, la secretaria regional ministerial de medio ambiente, Paula Castillo enfatiz\u00f3 que \u201cnosotros como autoridad medioambiental estamos realizando un llamado a la utilizaci\u00f3n de mascarillas reutilizables, pero en caso de usar mascarillas desechables que son muy livianas, recomendamos retirar los el\u00e1sticos y disponerlas en un lugar adecuado. Estos elementos son muy livianos y muchas veces vuelan hasta sectores de playa y humedales provocando serios da\u00f1os a nuestros ecosistemas; por lo tanto, el llamado es la responsabilidad\u201d.<\/p>\n\n\n\n<p>Seg\u00fan datos de Forbes 2020, una mascarilla desechable tarda m\u00e1s de 400 a\u00f1os en desintegrarse. A su vez, la misma agencia inform\u00f3 en mayo de este a\u00f1o que toneladas de estos implementos llegaron al mar en solo un par de meses.&nbsp;<\/p>\n\n\n\n<p>Es por ello, que el dec\u00e1logo hace menci\u00f3n a acciones relacionadas con el uso de mascarillas,&nbsp;utensilios, contenedores y botellas re-utilizables; la tenencia responsable de mascotas, de manera que perros y gatos no pongan en peligro a las especies nativas del lugar; el dep\u00f3sito de residuos en lugares indicados; aparcar en lugares autorizados; no ingresar con veh\u00edculos a playas, humedales o dunas; no hacer fuego, entre otras medidas.<\/p>\n\n\n\n<p>Complementariamente, la directora de aseo, ornato y medio ambiente de la Municipalidad de Puc\u00f3n, Evelyn Silva manifest\u00f3 que \u201cla idea es que seamos responsables en c\u00f3mo generamos nuestros residuos, en ese mismo modo, las mascarillas que son tan desechables, est\u00e1n llegando al lago, a los humedales y r\u00edos, entonces la idea es que la gente tome conciencia del cuidado del medio ambiente\u201d.&nbsp;<\/p>\n\n\n\n<p>Finalmente, los turistas y la comunidad en general, podr\u00e1n descargar las 10 recomendaciones en sus celulares a trav\u00e9s de un c\u00f3digo QR o visitando la p\u00e1gina web&nbsp;<a href=\"https:\/\/gefhumedales.mma.gob.cl\/decalogoviajeroresponsable\/\">https:\/\/gefhumedales.mma.gob.cl\/decalogoviajeroresponsable\/<\/a>.<\/p>\n","protected":false},"excerpt":{"rendered":"<div class=\"pvc_clear\"><\/div>\n<p id=\"pvc_stats_17017\" class=\"pvc_stats total_only  \" data-element-id=\"17017\" style=\"\"><i class=\"pvc-stats-icon large\" aria-hidden=\"true\"><svg aria-hidden=\"true\" focusable=\"false\" data-prefix=\"far\" data-icon=\"chart-bar\" role=\"img\" xmlns=\"http:\/\/www.w3.org\/2000\/svg\" viewBox=\"0 0 512 512\" class=\"svg-inline--fa fa-chart-bar fa-w-16 fa-2x\"><path fill=\"currentColor\" d=\"M396.8 352h22.4c6.4 0 12.8-6.4 12.8-12.8V108.8c0-6.4-6.4-12.8-12.8-12.8h-22.4c-6.4 0-12.8 6.4-12.8 12.8v230.4c0 6.4 6.4 12.8 12.8 12.8zm-192 0h22.4c6.4 0 12.8-6.4 12.8-12.8V140.8c0-6.4-6.4-12.8-12.8-12.8h-22.4c-6.4 0-12.8 6.4-12.8 12.8v198.4c0 6.4 6.4 12.8 12.8 12.8zm96 0h22.4c6.4 0 12.8-6.4 12.8-12.8V204.8c0-6.4-6.4-12.8-12.8-12.8h-22.4c-6.4 0-12.8 6.4-12.8 12.8v134.4c0 6.4 6.4 12.8 12.8 12.8zM496 400H48V80c0-8.84-7.16-16-16-16H16C7.16 64 0 71.16 0 80v336c0 17.67 14.33 32 32 32h464c8.84 0 16-7.16 16-16v-16c0-8.84-7.16-16-16-16zm-387.2-48h22.4c6.4 0 12.8-6.4 12.8-12.8v-70.4c0-6.4-6.4-12.8-12.8-12.8h-22.4c-6.4 0-12.8 6.4-12.8 12.8v70.4c0 6.4 6.4 12.8 12.8 12.8z\" class=\"\"><\/path><\/svg><\/i> <img loading=\"lazy\" decoding=\"async\" width=\"16\" height=\"16\" alt=\"Loading\" src=\"https:\/\/temucotelevision.cl\/web\/wp-content\/plugins\/page-views-count\/ajax-loader-2x.gif\" border=0 \/><\/p>\n<div class=\"pvc_clear\"><\/div>\n<p>A trav\u00e9s del \u201cDec\u00e1logo del viajero responsable\u201d elaborado recientemente por el Proyecto GEF Humedales Costeros, se busca prevenir el aumento<\/p>\n","protected":false},"author":1,"featured_media":17018,"comment_status":"open","ping_status":"open","sticky":false,"template":"","format":"standard","meta":{"colormag_page_container_layout":"default_layout","colormag_page_sidebar_layout":"default_layout","footnotes":""},"categories":[15],"tags":[3299,89],"class_list":["post-17017","post","type-post","status-publish","format-standard","has-post-thumbnail","hentry","category-la-araucania","tag-medio-ambiente","tag-playas"],"a3_pvc":{"activated":true,"total_views":22,"today_views":0},"_links":{"self":[{"href":"https:\/\/temucotelevision.cl\/web\/wp-json\/wp\/v2\/posts\/17017","targetHints":{"allow":["GET"]}}],"collection":[{"href":"https:\/\/temucotelevision.cl\/web\/wp-json\/wp\/v2\/posts"}],"about":[{"href":"https:\/\/temucotelevision.cl\/web\/wp-json\/wp\/v2\/types\/post"}],"author":[{"embeddable":true,"href":"https:\/\/temucotelevision.cl\/web\/wp-json\/wp\/v2\/users\/1"}],"replies":[{"embeddable":true,"href":"https:\/\/temucotelevision.cl\/web\/wp-json\/wp\/v2\/comments?post=17017"}],"version-history":[{"count":1,"href":"https:\/\/temucotelevision.cl\/web\/wp-json\/wp\/v2\/posts\/17017\/revisions"}],"predecessor-version":[{"id":17019,"href":"https:\/\/temucotelevision.cl\/web\/wp-json\/wp\/v2\/posts\/17017\/revisions\/17019"}],"wp:featuredmedia":[{"embeddable":true,"href":"https:\/\/temucotelevision.cl\/web\/wp-json\/wp\/v2\/media\/17018"}],"wp:attachment":[{"href":"https:\/\/temucotelevision.cl\/web\/wp-json\/wp\/v2\/media?parent=17017"}],"wp:term":[{"taxonomy":"category","embeddable":true,"href":"https:\/\/temucotelevision.cl\/web\/wp-json\/wp\/v2\/categories?post=17017"},{"taxonomy":"post_tag","embeddable":true,"href":"https:\/\/temucotelevision.cl\/web\/wp-json\/wp\/v2\/tags?post=17017"}],"curies":[{"name":"wp","href":"https:\/\/api.w.org\/{rel}","templated":true}]}}