{"id":17012,"date":"2020-12-09T21:04:22","date_gmt":"2020-12-10T00:04:22","guid":{"rendered":"https:\/\/temucotelevision.cl\/web\/?p=17012"},"modified":"2020-12-09T21:04:26","modified_gmt":"2020-12-10T00:04:26","slug":"core-daniel-sandoval-rinde-cuenta-publica-de-gestion","status":"publish","type":"post","link":"https:\/\/temucotelevision.cl\/web\/2020\/12\/09\/core-daniel-sandoval-rinde-cuenta-publica-de-gestion\/","title":{"rendered":"Core Daniel Sandoval rinde cuenta p\u00fablica de gesti\u00f3n"},"content":{"rendered":"<div class=\"pvc_clear\"><\/div><p id=\"pvc_stats_17012\" class=\"pvc_stats total_only  \" data-element-id=\"17012\" style=\"\"><i class=\"pvc-stats-icon large\" aria-hidden=\"true\"><svg aria-hidden=\"true\" focusable=\"false\" data-prefix=\"far\" data-icon=\"chart-bar\" role=\"img\" xmlns=\"http:\/\/www.w3.org\/2000\/svg\" viewBox=\"0 0 512 512\" class=\"svg-inline--fa fa-chart-bar fa-w-16 fa-2x\"><path fill=\"currentColor\" d=\"M396.8 352h22.4c6.4 0 12.8-6.4 12.8-12.8V108.8c0-6.4-6.4-12.8-12.8-12.8h-22.4c-6.4 0-12.8 6.4-12.8 12.8v230.4c0 6.4 6.4 12.8 12.8 12.8zm-192 0h22.4c6.4 0 12.8-6.4 12.8-12.8V140.8c0-6.4-6.4-12.8-12.8-12.8h-22.4c-6.4 0-12.8 6.4-12.8 12.8v198.4c0 6.4 6.4 12.8 12.8 12.8zm96 0h22.4c6.4 0 12.8-6.4 12.8-12.8V204.8c0-6.4-6.4-12.8-12.8-12.8h-22.4c-6.4 0-12.8 6.4-12.8 12.8v134.4c0 6.4 6.4 12.8 12.8 12.8zM496 400H48V80c0-8.84-7.16-16-16-16H16C7.16 64 0 71.16 0 80v336c0 17.67 14.33 32 32 32h464c8.84 0 16-7.16 16-16v-16c0-8.84-7.16-16-16-16zm-387.2-48h22.4c6.4 0 12.8-6.4 12.8-12.8v-70.4c0-6.4-6.4-12.8-12.8-12.8h-22.4c-6.4 0-12.8 6.4-12.8 12.8v70.4c0 6.4 6.4 12.8 12.8 12.8z\" class=\"\"><\/path><\/svg><\/i> <img loading=\"lazy\" decoding=\"async\" width=\"16\" height=\"16\" alt=\"Loading\" src=\"https:\/\/temucotelevision.cl\/web\/wp-content\/plugins\/page-views-count\/ajax-loader-2x.gif\" border=0 \/><\/p><div class=\"pvc_clear\"><\/div>\n<p><strong><em>Ejercicio democr\u00e1tico sin que lo exija la ley contar\u00e1 con la presencia de dirigentes, la cantautora Nancy San Martin, la Machi Silvia Llanquileo y los presidenciables Jaime Mulet y Daniel Jadue.<\/em><\/strong><\/p>\n\n\n\n<p>Como ha sido la t\u00f3nica cada a\u00f1o y con el objetivo de profundizar el ejercicio de la democracia, el Consejero Regional Daniel Sandoval (FREVS) este jueves 10 de diciembre a las 19 hrs, realizar\u00e1 una cuenta p\u00fablica de su gesti\u00f3n a\u00f1o 2019 y 2020 v\u00eda telem\u00e1tica ante dirigentes, invitados especiales y con la presencia de los presidenciables, Jaime Mulet y Daniel Jadue.<\/p>\n\n\n\n<p>El Periodista y Core de la Federaci\u00f3n Regionalista Verde coment\u00f3 que \u201cel objetivo es siempre ir transparentando la actividad p\u00fablica, el desarrollo regional y el quehacer del cargo junto a quienes nos mandataron para esta tarea, creemos que quienes estamos en la funci\u00f3n p\u00fablica debemos m\u00e1s que pedir democracia, ejercerla desde la acci\u00f3n y es lo que haremos frente a la comunidad\u201d.<\/p>\n\n\n\n<p>Agreg\u00f3 que \u201cen esta instancia, daremos inspecci\u00f3n a las gestiones m\u00e1s relevantes de la institucionalidad del Consejo Regional explicando el rol de este cuerpo colegiado, as\u00ed como iniciativas que destacaron durante el 2019-2020, nuestro trabajo en las comisiones y adem\u00e1s con un enfoque en la gesti\u00f3n que hemos realizado junto a la sociedad civil en nuestro rol de dirigente y actor pol\u00edtico de y por La Araucan\u00eda\u201d.<\/p>\n\n\n\n<p>Daniel Sandoval destac\u00f3 que \u201ceste ejercicio que no nos exige la ley, lo hacemos de manera voluntaria y por cuarentena en formato telem\u00e1tico, deseamos hacer pedagog\u00eda c\u00edvica, informar lo que estamos realizando y como hemos representado a la comunidad en el Consejo Regional y tambi\u00e9n ante las instituciones del Estado con el objetivo de recuperar la pol\u00edtica de cara a la gente, para hacerla m\u00e1s convocante, inclusiva, democr\u00e1tica, abierta, horizontal y colectiva, donde los protagonistas sean la comunidad articulada y sus l\u00edderes comunitarios. De esta manera y desde la organizaci\u00f3n y la educaci\u00f3n continuaremos juntos transformando La Araucan\u00eda, hacia un territorio participativo, plurinacional, verde, azul, econ\u00f3micamente sustentable y radicalmente democr\u00e1tico\u201d<\/p>\n\n\n\n<p>La jornada podr\u00e1 ser seguida por el Facebook del consejero, sumado a las invitaciones cursadas para ingresar a la sesi\u00f3n zoom este jueves 10 de diciembre a las 19 horas.<\/p>\n","protected":false},"excerpt":{"rendered":"<div class=\"pvc_clear\"><\/div>\n<p id=\"pvc_stats_17012\" class=\"pvc_stats total_only  \" data-element-id=\"17012\" style=\"\"><i class=\"pvc-stats-icon large\" aria-hidden=\"true\"><svg aria-hidden=\"true\" focusable=\"false\" data-prefix=\"far\" data-icon=\"chart-bar\" role=\"img\" xmlns=\"http:\/\/www.w3.org\/2000\/svg\" viewBox=\"0 0 512 512\" class=\"svg-inline--fa fa-chart-bar fa-w-16 fa-2x\"><path fill=\"currentColor\" d=\"M396.8 352h22.4c6.4 0 12.8-6.4 12.8-12.8V108.8c0-6.4-6.4-12.8-12.8-12.8h-22.4c-6.4 0-12.8 6.4-12.8 12.8v230.4c0 6.4 6.4 12.8 12.8 12.8zm-192 0h22.4c6.4 0 12.8-6.4 12.8-12.8V140.8c0-6.4-6.4-12.8-12.8-12.8h-22.4c-6.4 0-12.8 6.4-12.8 12.8v198.4c0 6.4 6.4 12.8 12.8 12.8zm96 0h22.4c6.4 0 12.8-6.4 12.8-12.8V204.8c0-6.4-6.4-12.8-12.8-12.8h-22.4c-6.4 0-12.8 6.4-12.8 12.8v134.4c0 6.4 6.4 12.8 12.8 12.8zM496 400H48V80c0-8.84-7.16-16-16-16H16C7.16 64 0 71.16 0 80v336c0 17.67 14.33 32 32 32h464c8.84 0 16-7.16 16-16v-16c0-8.84-7.16-16-16-16zm-387.2-48h22.4c6.4 0 12.8-6.4 12.8-12.8v-70.4c0-6.4-6.4-12.8-12.8-12.8h-22.4c-6.4 0-12.8 6.4-12.8 12.8v70.4c0 6.4 6.4 12.8 12.8 12.8z\" class=\"\"><\/path><\/svg><\/i> <img loading=\"lazy\" decoding=\"async\" width=\"16\" height=\"16\" alt=\"Loading\" src=\"https:\/\/temucotelevision.cl\/web\/wp-content\/plugins\/page-views-count\/ajax-loader-2x.gif\" border=0 \/><\/p>\n<div class=\"pvc_clear\"><\/div>\n<p>Ejercicio democr\u00e1tico sin que lo exija la ley contar\u00e1 con la presencia de dirigentes, la cantautora Nancy San Martin, la<\/p>\n","protected":false},"author":1,"featured_media":9300,"comment_status":"open","ping_status":"open","sticky":false,"template":"","format":"standard","meta":{"colormag_page_container_layout":"default_layout","colormag_page_sidebar_layout":"default_layout","footnotes":""},"categories":[84,14],"tags":[3298,1517],"class_list":["post-17012","post","type-post","status-publish","format-standard","has-post-thumbnail","hentry","category-politica","category-temuco","tag-cueta","tag-publica"],"a3_pvc":{"activated":true,"total_views":30,"today_views":0},"_links":{"self":[{"href":"https:\/\/temucotelevision.cl\/web\/wp-json\/wp\/v2\/posts\/17012","targetHints":{"allow":["GET"]}}],"collection":[{"href":"https:\/\/temucotelevision.cl\/web\/wp-json\/wp\/v2\/posts"}],"about":[{"href":"https:\/\/temucotelevision.cl\/web\/wp-json\/wp\/v2\/types\/post"}],"author":[{"embeddable":true,"href":"https:\/\/temucotelevision.cl\/web\/wp-json\/wp\/v2\/users\/1"}],"replies":[{"embeddable":true,"href":"https:\/\/temucotelevision.cl\/web\/wp-json\/wp\/v2\/comments?post=17012"}],"version-history":[{"count":1,"href":"https:\/\/temucotelevision.cl\/web\/wp-json\/wp\/v2\/posts\/17012\/revisions"}],"predecessor-version":[{"id":17013,"href":"https:\/\/temucotelevision.cl\/web\/wp-json\/wp\/v2\/posts\/17012\/revisions\/17013"}],"wp:featuredmedia":[{"embeddable":true,"href":"https:\/\/temucotelevision.cl\/web\/wp-json\/wp\/v2\/media\/9300"}],"wp:attachment":[{"href":"https:\/\/temucotelevision.cl\/web\/wp-json\/wp\/v2\/media?parent=17012"}],"wp:term":[{"taxonomy":"category","embeddable":true,"href":"https:\/\/temucotelevision.cl\/web\/wp-json\/wp\/v2\/categories?post=17012"},{"taxonomy":"post_tag","embeddable":true,"href":"https:\/\/temucotelevision.cl\/web\/wp-json\/wp\/v2\/tags?post=17012"}],"curies":[{"name":"wp","href":"https:\/\/api.w.org\/{rel}","templated":true}]}}