{"id":17001,"date":"2020-12-09T17:02:55","date_gmt":"2020-12-09T20:02:55","guid":{"rendered":"https:\/\/temucotelevision.cl\/web\/?p=17001"},"modified":"2020-12-09T17:02:59","modified_gmt":"2020-12-09T20:02:59","slug":"gobernador-de-cautin-destaca-labor-de-bomberos-de-caburgua-a-un-ano-de-su-formacion%ef%bb%bf","status":"publish","type":"post","link":"https:\/\/temucotelevision.cl\/web\/2020\/12\/09\/gobernador-de-cautin-destaca-labor-de-bomberos-de-caburgua-a-un-ano-de-su-formacion%ef%bb%bf\/","title":{"rendered":"Gobernador de Caut\u00edn destaca labor de Bomberos de Caburgua a un a\u00f1o de su formaci\u00f3n\ufeff"},"content":{"rendered":"<div class=\"pvc_clear\"><\/div><p id=\"pvc_stats_17001\" class=\"pvc_stats total_only  \" data-element-id=\"17001\" style=\"\"><i class=\"pvc-stats-icon large\" aria-hidden=\"true\"><svg aria-hidden=\"true\" focusable=\"false\" data-prefix=\"far\" data-icon=\"chart-bar\" role=\"img\" xmlns=\"http:\/\/www.w3.org\/2000\/svg\" viewBox=\"0 0 512 512\" class=\"svg-inline--fa fa-chart-bar fa-w-16 fa-2x\"><path fill=\"currentColor\" d=\"M396.8 352h22.4c6.4 0 12.8-6.4 12.8-12.8V108.8c0-6.4-6.4-12.8-12.8-12.8h-22.4c-6.4 0-12.8 6.4-12.8 12.8v230.4c0 6.4 6.4 12.8 12.8 12.8zm-192 0h22.4c6.4 0 12.8-6.4 12.8-12.8V140.8c0-6.4-6.4-12.8-12.8-12.8h-22.4c-6.4 0-12.8 6.4-12.8 12.8v198.4c0 6.4 6.4 12.8 12.8 12.8zm96 0h22.4c6.4 0 12.8-6.4 12.8-12.8V204.8c0-6.4-6.4-12.8-12.8-12.8h-22.4c-6.4 0-12.8 6.4-12.8 12.8v134.4c0 6.4 6.4 12.8 12.8 12.8zM496 400H48V80c0-8.84-7.16-16-16-16H16C7.16 64 0 71.16 0 80v336c0 17.67 14.33 32 32 32h464c8.84 0 16-7.16 16-16v-16c0-8.84-7.16-16-16-16zm-387.2-48h22.4c6.4 0 12.8-6.4 12.8-12.8v-70.4c0-6.4-6.4-12.8-12.8-12.8h-22.4c-6.4 0-12.8 6.4-12.8 12.8v70.4c0 6.4 6.4 12.8 12.8 12.8z\" class=\"\"><\/path><\/svg><\/i> <img loading=\"lazy\" decoding=\"async\" width=\"16\" height=\"16\" alt=\"Loading\" src=\"https:\/\/temucotelevision.cl\/web\/wp-content\/plugins\/page-views-count\/ajax-loader-2x.gif\" border=0 \/><\/p><div class=\"pvc_clear\"><\/div>\n<p><em>La autoridad provincial visit\u00f3 las dependencias de la Brigada de Caburgua, para ver el avance del cuartel en construcci\u00f3n.&nbsp;<\/em><\/p>\n\n\n\n<p>En el marco de una visita protocolar, el gobernador Richard Caifal felicit\u00f3 a los voluntarios y el directorio de la Brigada de Bomberos de Caburgua, por todo el trabajo que llevan realizando con un gran compromiso y un conjunto de buenas voluntades.<\/p>\n\n\n\n<p>En esa misma l\u00ednea, el director de la 2da Compa\u00f1\u00eda del Cuerpo de Bomberos de Puc\u00f3n y director de la Brigada de Caburgua, Carlos Vergara, agradeci\u00f3 la visita de la autoridad y coment\u00f3 que el domingo 13 de diciembre, la Brigada de Bomberos de Caburgua, cumple su primer aniversario.<\/p>\n\n\n\n<p>\u201cEstamos muy contentos con la presencia del gobernador, para nosotros es un tremendo aliciente para seguir trabajando, saber que no estamos solos y que hay gente que est\u00e1 preocupada del quehacer de Bomberos\u201d, declar\u00f3 Vergara.<\/p>\n\n\n\n<p>De igual manera, el director de la Brigada a\u00f1adi\u00f3 \u201cestamos trabajando arduamente para terminar nuestro cuartel y para conseguir una camioneta, la cual fue ofrecida por la organizaci\u00f3n Caburgua Sustentable\u201d.<\/p>\n\n\n\n<p>Por su parte, Gast\u00f3n Figueroa, vicepresidente de la organizaci\u00f3n social \u2018Caburgua Sustentable\u2019, precis\u00f3 que su agrupaci\u00f3n est\u00e1 apoyando a Bomberos, en la gesti\u00f3n de recursos y creaci\u00f3n de proyectos.&nbsp;<\/p>\n\n\n\n<p>Junto con ello, aclar\u00f3 que la invitaci\u00f3n al gobernador de Caut\u00edn, obedece a la cimentaci\u00f3n de un tejido social con las autoridades regionales, y con la adquisici\u00f3n de una camioneta que ser\u00e1 financiada con recursos del Gobierno. \u201cEsto, gracias al trabajo que venimos realizando con la Primera Dama, con Presidencia y con el Ministerio del Interior\u201d, puntualiz\u00f3 Figueroa.<\/p>\n\n\n\n<p>Don Gast\u00f3n explic\u00f3 \u201cquer\u00edamos que el gobernador viera como una comunidad cuando se organiza y se traza objetivos los puede cumplir, por eso quisimos hacer este estrechamiento con nuestras autoridades, para que sepan que hay capacidades, que hay entrega y que hay voluntad para crear proyectos\u201d.<\/p>\n\n\n\n<p>Al respecto, el gobernador de Caut\u00edn, Richard Caifal sostuvo que la labor que lleva realizando Bomberos con el apoyo de \u2018Caburgua Sustentable\u2019 es digna de destacar, \u201cen esta visita a terreno se ha puesto en evidencia el compromiso y entrega de Bomberos\u201d.<\/p>\n\n\n\n<p>Asimismo, la autoridad provincial valor\u00f3 \u201ces una iniciativa de la comunidad organizada, que ha hecho posible no solamente la edificaci\u00f3n de un nuevo cuartel, sino que tambi\u00e9n la adquisici\u00f3n de un carro bomba, y en los pr\u00f3ximos d\u00edas, ellos estar\u00e1n concluyendo un proceso que les permitir\u00e1 adquirir una camioneta, un veh\u00edculo que cumple con las condiciones para recorrer la zona y socorrer a los vecinos\u201d.<\/p>\n\n\n\n<p>Por \u00faltimo, la autoridad provincial agradeci\u00f3 y reconoci\u00f3 el esfuerzo de los voluntarios de bomberos, por su multiplicidad de funciones en pro de la comunidad: en r\u00edos, en lagos, en incendios, y tambi\u00e9n apoyando las labores previas al Eclipse Solar\u201d.<\/p>\n","protected":false},"excerpt":{"rendered":"<div class=\"pvc_clear\"><\/div>\n<p id=\"pvc_stats_17001\" class=\"pvc_stats total_only  \" data-element-id=\"17001\" style=\"\"><i class=\"pvc-stats-icon large\" aria-hidden=\"true\"><svg aria-hidden=\"true\" focusable=\"false\" data-prefix=\"far\" data-icon=\"chart-bar\" role=\"img\" xmlns=\"http:\/\/www.w3.org\/2000\/svg\" viewBox=\"0 0 512 512\" class=\"svg-inline--fa fa-chart-bar fa-w-16 fa-2x\"><path fill=\"currentColor\" d=\"M396.8 352h22.4c6.4 0 12.8-6.4 12.8-12.8V108.8c0-6.4-6.4-12.8-12.8-12.8h-22.4c-6.4 0-12.8 6.4-12.8 12.8v230.4c0 6.4 6.4 12.8 12.8 12.8zm-192 0h22.4c6.4 0 12.8-6.4 12.8-12.8V140.8c0-6.4-6.4-12.8-12.8-12.8h-22.4c-6.4 0-12.8 6.4-12.8 12.8v198.4c0 6.4 6.4 12.8 12.8 12.8zm96 0h22.4c6.4 0 12.8-6.4 12.8-12.8V204.8c0-6.4-6.4-12.8-12.8-12.8h-22.4c-6.4 0-12.8 6.4-12.8 12.8v134.4c0 6.4 6.4 12.8 12.8 12.8zM496 400H48V80c0-8.84-7.16-16-16-16H16C7.16 64 0 71.16 0 80v336c0 17.67 14.33 32 32 32h464c8.84 0 16-7.16 16-16v-16c0-8.84-7.16-16-16-16zm-387.2-48h22.4c6.4 0 12.8-6.4 12.8-12.8v-70.4c0-6.4-6.4-12.8-12.8-12.8h-22.4c-6.4 0-12.8 6.4-12.8 12.8v70.4c0 6.4 6.4 12.8 12.8 12.8z\" class=\"\"><\/path><\/svg><\/i> <img loading=\"lazy\" decoding=\"async\" width=\"16\" height=\"16\" alt=\"Loading\" src=\"https:\/\/temucotelevision.cl\/web\/wp-content\/plugins\/page-views-count\/ajax-loader-2x.gif\" border=0 \/><\/p>\n<div class=\"pvc_clear\"><\/div>\n<p>La autoridad provincial visit\u00f3 las dependencias de la Brigada de Caburgua, para ver el avance del cuartel en construcci\u00f3n.&nbsp; En<\/p>\n","protected":false},"author":1,"featured_media":17002,"comment_status":"open","ping_status":"open","sticky":false,"template":"","format":"standard","meta":{"colormag_page_container_layout":"default_layout","colormag_page_sidebar_layout":"default_layout","footnotes":""},"categories":[15],"tags":[304],"class_list":["post-17001","post","type-post","status-publish","format-standard","has-post-thumbnail","hentry","category-la-araucania","tag-bomberos"],"a3_pvc":{"activated":true,"total_views":28,"today_views":0},"_links":{"self":[{"href":"https:\/\/temucotelevision.cl\/web\/wp-json\/wp\/v2\/posts\/17001","targetHints":{"allow":["GET"]}}],"collection":[{"href":"https:\/\/temucotelevision.cl\/web\/wp-json\/wp\/v2\/posts"}],"about":[{"href":"https:\/\/temucotelevision.cl\/web\/wp-json\/wp\/v2\/types\/post"}],"author":[{"embeddable":true,"href":"https:\/\/temucotelevision.cl\/web\/wp-json\/wp\/v2\/users\/1"}],"replies":[{"embeddable":true,"href":"https:\/\/temucotelevision.cl\/web\/wp-json\/wp\/v2\/comments?post=17001"}],"version-history":[{"count":1,"href":"https:\/\/temucotelevision.cl\/web\/wp-json\/wp\/v2\/posts\/17001\/revisions"}],"predecessor-version":[{"id":17003,"href":"https:\/\/temucotelevision.cl\/web\/wp-json\/wp\/v2\/posts\/17001\/revisions\/17003"}],"wp:featuredmedia":[{"embeddable":true,"href":"https:\/\/temucotelevision.cl\/web\/wp-json\/wp\/v2\/media\/17002"}],"wp:attachment":[{"href":"https:\/\/temucotelevision.cl\/web\/wp-json\/wp\/v2\/media?parent=17001"}],"wp:term":[{"taxonomy":"category","embeddable":true,"href":"https:\/\/temucotelevision.cl\/web\/wp-json\/wp\/v2\/categories?post=17001"},{"taxonomy":"post_tag","embeddable":true,"href":"https:\/\/temucotelevision.cl\/web\/wp-json\/wp\/v2\/tags?post=17001"}],"curies":[{"name":"wp","href":"https:\/\/api.w.org\/{rel}","templated":true}]}}