{"id":16995,"date":"2020-12-09T16:46:12","date_gmt":"2020-12-09T19:46:12","guid":{"rendered":"https:\/\/temucotelevision.cl\/web\/?p=16995"},"modified":"2020-12-09T16:46:14","modified_gmt":"2020-12-09T19:46:14","slug":"la-previa-de-santiago-a-mil-radioteatro-casimiro-traslada-funcion-presencial-a-valparaiso","status":"publish","type":"post","link":"https:\/\/temucotelevision.cl\/web\/2020\/12\/09\/la-previa-de-santiago-a-mil-radioteatro-casimiro-traslada-funcion-presencial-a-valparaiso\/","title":{"rendered":"\u201cLa previa&#8221; De Santiago a Mil: Radioteatro Casimiro traslada funci\u00f3n presencial a Valpara\u00edso"},"content":{"rendered":"<div class=\"pvc_clear\"><\/div><p id=\"pvc_stats_16995\" class=\"pvc_stats total_only  \" data-element-id=\"16995\" style=\"\"><i class=\"pvc-stats-icon large\" aria-hidden=\"true\"><svg aria-hidden=\"true\" focusable=\"false\" data-prefix=\"far\" data-icon=\"chart-bar\" role=\"img\" xmlns=\"http:\/\/www.w3.org\/2000\/svg\" viewBox=\"0 0 512 512\" class=\"svg-inline--fa fa-chart-bar fa-w-16 fa-2x\"><path fill=\"currentColor\" d=\"M396.8 352h22.4c6.4 0 12.8-6.4 12.8-12.8V108.8c0-6.4-6.4-12.8-12.8-12.8h-22.4c-6.4 0-12.8 6.4-12.8 12.8v230.4c0 6.4 6.4 12.8 12.8 12.8zm-192 0h22.4c6.4 0 12.8-6.4 12.8-12.8V140.8c0-6.4-6.4-12.8-12.8-12.8h-22.4c-6.4 0-12.8 6.4-12.8 12.8v198.4c0 6.4 6.4 12.8 12.8 12.8zm96 0h22.4c6.4 0 12.8-6.4 12.8-12.8V204.8c0-6.4-6.4-12.8-12.8-12.8h-22.4c-6.4 0-12.8 6.4-12.8 12.8v134.4c0 6.4 6.4 12.8 12.8 12.8zM496 400H48V80c0-8.84-7.16-16-16-16H16C7.16 64 0 71.16 0 80v336c0 17.67 14.33 32 32 32h464c8.84 0 16-7.16 16-16v-16c0-8.84-7.16-16-16-16zm-387.2-48h22.4c6.4 0 12.8-6.4 12.8-12.8v-70.4c0-6.4-6.4-12.8-12.8-12.8h-22.4c-6.4 0-12.8 6.4-12.8 12.8v70.4c0 6.4 6.4 12.8 12.8 12.8z\" class=\"\"><\/path><\/svg><\/i> <img loading=\"lazy\" decoding=\"async\" width=\"16\" height=\"16\" alt=\"Loading\" src=\"https:\/\/temucotelevision.cl\/web\/wp-content\/plugins\/page-views-count\/ajax-loader-2x.gif\" border=0 \/><\/p><div class=\"pvc_clear\"><\/div>\n<ul class=\"wp-block-list\"><li><strong>Dirigida por Elisa Zulueta y con un elenco que incluye a renombrados actores como Sergio Hern\u00e1ndez, Paola Volpato, Antonia Santa Mar\u00eda y H\u00e9ctor Morales, la adaptaci\u00f3n en formato radioteatral de Casimiro Vico Primer Actor de Armando Moock cambia de escenario, producto del retroceso en la fase de desconfinamiento en Santiago, para presentar su versi\u00f3n presencial.<\/strong><\/li><li><strong>Su estreno en vivo ser\u00e1 este domingo 13 de diciembre, a las 18.00 horas, en el Parque Cultural de Valpara\u00edso con acceso gratuito, previa inscripci\u00f3n debido al aforo reducido y protocolos sanitarios. Ese mismo d\u00eda, la versi\u00f3n sonora del mismo montaje llegar\u00e1 tambi\u00e9n a la plataforma Teatroamil.tv.<\/strong><\/li><\/ul>\n\n\n\n<p>El paso de fase 4 a fase 2 de desconfinamiento en toda la Regi\u00f3n Metropolitana volvi\u00f3 a mover las fichas en el tablero: programada originalmente para ser presentada en el Anfiteatro Bellas Artes,\u00a0<em><a rel=\"noreferrer noopener\" href=\"https:\/\/trackercl1.fidelizador.com\/L10E9CD10G100D4930HA9FF52380DJA9F05EA10AK10E9CD1099FE8B8BC7F93DA763609D\" target=\"_blank\">Casimiro<\/a>,<\/em>\u00a0la adaptaci\u00f3n en formato radioteatral Casimiro Vico Primer Actor de Armando Moock que trae de vuelta a la direcci\u00f3n a la actriz y dramaturga Elisa Zulueta, debutar\u00e1 con estrictas medidas sanitarias este domingo 13 de diciembre, a las 18.00 horas, en la explanada del Parque Cultural de Valpara\u00edso, ciudad que se mantiene en fase 3. La actividad ser\u00e1 gratuita, previa inscripci\u00f3n y contar\u00e1 con todos los protocolos sanitarios.\u00a0<\/p>\n\n\n\n<p>Ese mismo d\u00eda se estrenar\u00e1 tambi\u00e9n la versi\u00f3n sonora a trav\u00e9s de la plataforma digital Teatroamil.tv, donde permanecer\u00e1 hasta el 19 de diciembre pr\u00f3ximo y como parte de la programaci\u00f3n de<strong>&nbsp;\u201cLa Previa\u201d de Santiago a Mil 2021, un adelanto del certamen que va del 3 al 24 de enero de 2021 y que es presentado por Fundaci\u00f3n Teatro a Mil y Escondida | BHP, acogido a la Ley de Donaciones Culturales y que cuenta con el apoyo del Ministerio de la Cultura, las Artes y el Patrimonio.<\/strong><\/p>\n\n\n\n<p>Protagonizada por Sergio Hern\u00e1ndez, Paola Volpato, Antonia Santa Mar\u00eda, H\u00e9ctor Morales, Natalia Grez, Cristi\u00e1n Carvajal, Luis Cerda y Jaime Ome\u00f1aca, la historia escrita por el dramaturgo chileno Armando Moock en 1937 retrata en escena a un ingenuo sastre que vive permanentemente con el sue\u00f1o de ser actor. A su sastrer\u00eda llega gente de las tablas; directores, dramaturgos y actores a beber, fumar y vestirse, sin nunca recibir un peso a cambio. As\u00ed y todo, durante una noche de juerga sus amigos lo convencen de vender su local y comprar una compa\u00f1\u00eda de teatro de poca monta y en quiebra, de la que terminar\u00e1 siendo primer actor, y Carmen, su esposa, primera actriz. Cumplir su sue\u00f1o de meterse de lleno en el teatro, sin embargo, no le ser\u00e1 f\u00e1cil.&nbsp;<\/p>\n\n\n\n<p>De cara a su cierre e inicio de la XXVIII de Santiago a Mil (3 al 24 de enero de 2021), \u201cLa Previa\u201d sumar\u00e1 a su programaci\u00f3n una versi\u00f3n radiof\u00f3nica de Los ni\u00f1os del Winnipeg, de La Llave Maestra, que se podr\u00e1 o\u00edr tambi\u00e9n en la plataforma online de Fundaci\u00f3n Teatro a Mil entre el 10 y 19 de diciembre.&nbsp;<\/p>\n\n\n\n<p>Tambi\u00e9n un estreno internacional: reconocido por su lenguaje inmersivo y que entrelaza el cine y el teatro, el virtuoso colectivo estadounidense Manual Cinema, aplaudido en Chile por la su versi\u00f3n de Frankenstein en el pasado Santiago a Mil, vuelve a tomar el cl\u00e1sico navide\u00f1o de Charles Dickens, A Christmas Carol. Desde hace casi diez a\u00f1os lo presentan sobre distintos escenarios de su pa\u00eds para la temporada de nieve y fin de a\u00f1o, pero esta vez han decidido convertirla en un in\u00e9dito y deslumbrante espect\u00e1culo visual pensado para las familias y los tiempos de pandemia. Ser\u00e1 transmitido en vivo por Teatroamil.tv desde Chicago, EE.UU., el pr\u00f3ximo domingo 20 de diciembre a las 20.00 horas.<\/p>\n\n\n\n<p>Las entradas para estos y otros espect\u00e1culos se encuentran disponibles y a la venta.<\/p>\n\n\n\n<p>M\u00e1s informaci\u00f3n en:&nbsp;<a href=\"https:\/\/trackercl1.fidelizador.com\/L10E9CD10G100D4930HA9FF52380DJA9F05EA1B3K10E9CD1099FE8B8BC7F93DA763609D\" target=\"_blank\" rel=\"noreferrer noopener\">www.santiagoamil.cl<\/a><\/p>\n","protected":false},"excerpt":{"rendered":"<div class=\"pvc_clear\"><\/div>\n<p id=\"pvc_stats_16995\" class=\"pvc_stats total_only  \" data-element-id=\"16995\" style=\"\"><i class=\"pvc-stats-icon large\" aria-hidden=\"true\"><svg aria-hidden=\"true\" focusable=\"false\" data-prefix=\"far\" data-icon=\"chart-bar\" role=\"img\" xmlns=\"http:\/\/www.w3.org\/2000\/svg\" viewBox=\"0 0 512 512\" class=\"svg-inline--fa fa-chart-bar fa-w-16 fa-2x\"><path fill=\"currentColor\" d=\"M396.8 352h22.4c6.4 0 12.8-6.4 12.8-12.8V108.8c0-6.4-6.4-12.8-12.8-12.8h-22.4c-6.4 0-12.8 6.4-12.8 12.8v230.4c0 6.4 6.4 12.8 12.8 12.8zm-192 0h22.4c6.4 0 12.8-6.4 12.8-12.8V140.8c0-6.4-6.4-12.8-12.8-12.8h-22.4c-6.4 0-12.8 6.4-12.8 12.8v198.4c0 6.4 6.4 12.8 12.8 12.8zm96 0h22.4c6.4 0 12.8-6.4 12.8-12.8V204.8c0-6.4-6.4-12.8-12.8-12.8h-22.4c-6.4 0-12.8 6.4-12.8 12.8v134.4c0 6.4 6.4 12.8 12.8 12.8zM496 400H48V80c0-8.84-7.16-16-16-16H16C7.16 64 0 71.16 0 80v336c0 17.67 14.33 32 32 32h464c8.84 0 16-7.16 16-16v-16c0-8.84-7.16-16-16-16zm-387.2-48h22.4c6.4 0 12.8-6.4 12.8-12.8v-70.4c0-6.4-6.4-12.8-12.8-12.8h-22.4c-6.4 0-12.8 6.4-12.8 12.8v70.4c0 6.4 6.4 12.8 12.8 12.8z\" class=\"\"><\/path><\/svg><\/i> <img loading=\"lazy\" decoding=\"async\" width=\"16\" height=\"16\" alt=\"Loading\" src=\"https:\/\/temucotelevision.cl\/web\/wp-content\/plugins\/page-views-count\/ajax-loader-2x.gif\" border=0 \/><\/p>\n<div class=\"pvc_clear\"><\/div>\n<p>Dirigida por Elisa Zulueta y con un elenco que incluye a renombrados actores como Sergio Hern\u00e1ndez, Paola Volpato, Antonia Santa<\/p>\n","protected":false},"author":1,"featured_media":16996,"comment_status":"open","ping_status":"open","sticky":false,"template":"","format":"standard","meta":{"colormag_page_container_layout":"default_layout","colormag_page_sidebar_layout":"default_layout","footnotes":""},"categories":[86],"tags":[3296],"class_list":["post-16995","post","type-post","status-publish","format-standard","has-post-thumbnail","hentry","category-panoramas","tag-actores"],"a3_pvc":{"activated":true,"total_views":30,"today_views":0},"_links":{"self":[{"href":"https:\/\/temucotelevision.cl\/web\/wp-json\/wp\/v2\/posts\/16995","targetHints":{"allow":["GET"]}}],"collection":[{"href":"https:\/\/temucotelevision.cl\/web\/wp-json\/wp\/v2\/posts"}],"about":[{"href":"https:\/\/temucotelevision.cl\/web\/wp-json\/wp\/v2\/types\/post"}],"author":[{"embeddable":true,"href":"https:\/\/temucotelevision.cl\/web\/wp-json\/wp\/v2\/users\/1"}],"replies":[{"embeddable":true,"href":"https:\/\/temucotelevision.cl\/web\/wp-json\/wp\/v2\/comments?post=16995"}],"version-history":[{"count":1,"href":"https:\/\/temucotelevision.cl\/web\/wp-json\/wp\/v2\/posts\/16995\/revisions"}],"predecessor-version":[{"id":16997,"href":"https:\/\/temucotelevision.cl\/web\/wp-json\/wp\/v2\/posts\/16995\/revisions\/16997"}],"wp:featuredmedia":[{"embeddable":true,"href":"https:\/\/temucotelevision.cl\/web\/wp-json\/wp\/v2\/media\/16996"}],"wp:attachment":[{"href":"https:\/\/temucotelevision.cl\/web\/wp-json\/wp\/v2\/media?parent=16995"}],"wp:term":[{"taxonomy":"category","embeddable":true,"href":"https:\/\/temucotelevision.cl\/web\/wp-json\/wp\/v2\/categories?post=16995"},{"taxonomy":"post_tag","embeddable":true,"href":"https:\/\/temucotelevision.cl\/web\/wp-json\/wp\/v2\/tags?post=16995"}],"curies":[{"name":"wp","href":"https:\/\/api.w.org\/{rel}","templated":true}]}}