{"id":16993,"date":"2020-12-09T12:22:55","date_gmt":"2020-12-09T15:22:55","guid":{"rendered":"https:\/\/temucotelevision.cl\/web\/?p=16993"},"modified":"2020-12-09T12:22:59","modified_gmt":"2020-12-09T15:22:59","slug":"134-nuevos-contagios-suma-el-informe-para-hoy-en-la-araucania-y-15-en-temuco","status":"publish","type":"post","link":"https:\/\/temucotelevision.cl\/web\/2020\/12\/09\/134-nuevos-contagios-suma-el-informe-para-hoy-en-la-araucania-y-15-en-temuco\/","title":{"rendered":"134 nuevos contagios suma el informe para hoy en La Araucan\u00eda y 15 en Temuco"},"content":{"rendered":"<div class=\"pvc_clear\"><\/div><p id=\"pvc_stats_16993\" class=\"pvc_stats total_only  \" data-element-id=\"16993\" style=\"\"><i class=\"pvc-stats-icon large\" aria-hidden=\"true\"><svg aria-hidden=\"true\" focusable=\"false\" data-prefix=\"far\" data-icon=\"chart-bar\" role=\"img\" xmlns=\"http:\/\/www.w3.org\/2000\/svg\" viewBox=\"0 0 512 512\" class=\"svg-inline--fa fa-chart-bar fa-w-16 fa-2x\"><path fill=\"currentColor\" d=\"M396.8 352h22.4c6.4 0 12.8-6.4 12.8-12.8V108.8c0-6.4-6.4-12.8-12.8-12.8h-22.4c-6.4 0-12.8 6.4-12.8 12.8v230.4c0 6.4 6.4 12.8 12.8 12.8zm-192 0h22.4c6.4 0 12.8-6.4 12.8-12.8V140.8c0-6.4-6.4-12.8-12.8-12.8h-22.4c-6.4 0-12.8 6.4-12.8 12.8v198.4c0 6.4 6.4 12.8 12.8 12.8zm96 0h22.4c6.4 0 12.8-6.4 12.8-12.8V204.8c0-6.4-6.4-12.8-12.8-12.8h-22.4c-6.4 0-12.8 6.4-12.8 12.8v134.4c0 6.4 6.4 12.8 12.8 12.8zM496 400H48V80c0-8.84-7.16-16-16-16H16C7.16 64 0 71.16 0 80v336c0 17.67 14.33 32 32 32h464c8.84 0 16-7.16 16-16v-16c0-8.84-7.16-16-16-16zm-387.2-48h22.4c6.4 0 12.8-6.4 12.8-12.8v-70.4c0-6.4-6.4-12.8-12.8-12.8h-22.4c-6.4 0-12.8 6.4-12.8 12.8v70.4c0 6.4 6.4 12.8 12.8 12.8z\" class=\"\"><\/path><\/svg><\/i> <img loading=\"lazy\" decoding=\"async\" width=\"16\" height=\"16\" alt=\"Loading\" src=\"https:\/\/temucotelevision.cl\/web\/wp-content\/plugins\/page-views-count\/ajax-loader-2x.gif\" border=0 \/><\/p><div class=\"pvc_clear\"><\/div>\n<p><strong>19.057 son los casos confirmados de COVID- 19 en La Araucan\u00eda.<\/strong><\/p>\n\n\n\n<p>Durante el d\u00eda ayer fueron 134 los nuevos casos confirmados de COVID- 19 en la regi\u00f3n. Estos nuevos casos sumados a los confirmados anteriormente, nos entregan la siguiente distribuci\u00f3n comunal:<\/p>\n\n\n\n<table class=\"wp-block-table\"><tbody><tr><td><strong>Comuna de residencia *<\/strong><\/td><td><strong>N\u00b0 de casos<\/strong><\/td><td><strong>Casos nuevos<\/strong><\/td><td><strong>Casos activos<\/strong><\/td><\/tr><tr><td>Angol<\/td><td>1.343<\/td><td>24<\/td><td>104<\/td><\/tr><tr><td>Carahue<\/td><td>671<\/td><td>5<\/td><td>25<\/td><\/tr><tr><td>Chol-Chol<\/td><td>280<\/td><td>1<\/td><td>4<\/td><\/tr><tr><td>Collipulli<\/td><td>629<\/td><td>3<\/td><td>12<\/td><\/tr><tr><td>Cunco<\/td><td>298<\/td><td>&#8211;<\/td><td>8<\/td><\/tr><tr><td>Curacaut\u00edn<\/td><td>141<\/td><td>1<\/td><td>10<\/td><\/tr><tr><td>Curarrehue<\/td><td>103<\/td><td>&#8211;<\/td><td>9<\/td><\/tr><tr><td>Ercilla<\/td><td>299<\/td><td>2<\/td><td>8<\/td><\/tr><tr><td>Freire<\/td><td>466<\/td><td>&#8211;<\/td><td>20<\/td><\/tr><tr><td>Galvarino<\/td><td>471<\/td><td>&#8211;<\/td><td>38<\/td><\/tr><tr><td>Gorbea<\/td><td>201<\/td><td>1<\/td><td>10<\/td><\/tr><tr><td>Lautaro<\/td><td>857<\/td><td>8<\/td><td>72<\/td><\/tr><tr><td>Loncoche<\/td><td>326<\/td><td>1<\/td><td>15<\/td><\/tr><tr><td>Lonquimay<\/td><td>195<\/td><td>4<\/td><td>8<\/td><\/tr><tr><td>Los Sauces<\/td><td>209<\/td><td>2<\/td><td>54<\/td><\/tr><tr><td>Lumaco<\/td><td>158<\/td><td>&#8211;<\/td><td>5<\/td><\/tr><tr><td>Melipeuco<\/td><td>79<\/td><td>&#8211;<\/td><td>1<\/td><\/tr><tr><td>Nueva Imperial<\/td><td>489<\/td><td>1<\/td><td>14<\/td><\/tr><tr><td>Padre Las Casas<\/td><td>1.345<\/td><td>10<\/td><td>72<\/td><\/tr><tr><td>Perquenco<\/td><td>251<\/td><td>10<\/td><td>19<\/td><\/tr><tr><td>Pitrufqu\u00e9n<\/td><td>300<\/td><td>&#8211;<\/td><td>9<\/td><\/tr><tr><td>Puc\u00f3n<\/td><td>305<\/td><td>9<\/td><td>20<\/td><\/tr><tr><td>Pur\u00e9n<\/td><td>121<\/td><td>8<\/td><td>15<\/td><\/tr><tr><td>Renaico<\/td><td>234<\/td><td>3<\/td><td>21<\/td><\/tr><tr><td>Saavedra<\/td><td>293<\/td><td>&#8211;<\/td><td>11<\/td><\/tr><tr><td>Temuco<\/td><td>6.191<\/td><td>15<\/td><td>246<\/td><\/tr><tr><td>Teodoro Schmidt<\/td><td>284<\/td><td>&#8211;<\/td><td>1<\/td><\/tr><tr><td>Tolt\u00e9n<\/td><td>130<\/td><td>4<\/td><td>7<\/td><\/tr><tr><td>Traigu\u00e9n<\/td><td>209<\/td><td>1<\/td><td>10<\/td><\/tr><tr><td>Victoria<\/td><td>545<\/td><td>3<\/td><td>33<\/td><\/tr><tr><td>Vilc\u00fan<\/td><td>484<\/td><td>&#8211;<\/td><td>12<\/td><\/tr><tr><td>Villarrica<\/td><td>937<\/td><td>18<\/td><td>50<\/td><\/tr><tr><td><strong>Total General<\/strong><\/td><td><strong>18.844<\/strong><\/td><td><strong>&nbsp;&nbsp;&nbsp;&nbsp;&nbsp;&nbsp;&nbsp;&nbsp;&nbsp;&nbsp;&nbsp;&nbsp;&nbsp;&nbsp;134<\/strong><\/td><td><strong>943<\/strong><\/td><\/tr><tr><td>*Informaci\u00f3n susceptible de ser modificada, en relaci\u00f3n a los resultados de las investigaciones Epidemiol\u00f3gicas.<strong><\/strong><\/td><td>(Se extraen 212 casos del an\u00e1lisis, puesto que presentan residencia en otras regiones).&nbsp;&nbsp;<\/td><td>&nbsp;<\/td><td>** Se extraen 9 del total de activos que presentan domicilio en otra regi\u00f3n<\/td><\/tr><\/tbody><\/table>\n\n\n\n<table class=\"wp-block-table\"><tbody><tr><td><strong>Casos nuevos<\/strong><\/td><td><strong>Sintom\u00e1ticos&nbsp;<\/strong><\/td><td><strong>Asintom\u00e1ticos<\/strong><\/td><td><strong>Casos nuevos no notificados<\/strong><strong><\/strong><\/td><\/tr><tr><td><strong>134<\/strong><\/td><td><strong>109<\/strong><\/td><td><strong>24<\/strong><\/td><td><strong>1<\/strong><\/td><\/tr><\/tbody><\/table>\n\n\n\n<p><strong>Cambios de Residencia<\/strong><\/p>\n\n\n\n<table class=\"wp-block-table\"><tbody><tr><td><strong>Intercomunal<\/strong><\/td><td>3<\/td><td>1 caso de Padre Las Casas a Temuco.1 caso de Gorbea a Pitrufqu\u00e9n.1 caso de Angol a Renaico.<\/td><td><em>Se mantienen en ambos detalles.<\/em><\/td><\/tr><\/tbody><\/table>\n\n\n\n<p><strong>Ex\u00e1menes PCR procesados en las \u00faltimas 24 hrs.<\/strong><\/p>\n\n\n\n<table class=\"wp-block-table\"><tbody><tr><td>N\u00b0 de Muestras procesadas (08.12.2020)<\/td><td>1.037<\/td><\/tr><\/tbody><\/table>\n\n\n\n<table class=\"wp-block-table\"><tbody><tr><td><strong>Activos<\/strong><\/td><td><strong>N\u00b0 de Casos&nbsp;<\/strong><\/td><td><strong>Porcentaje<\/strong><\/td><\/tr><tr><td>&nbsp;Si&nbsp;<\/td><td>&nbsp;943<\/td><td>&nbsp;5.1%<\/td><\/tr><tr><td>No<\/td><td>17.662<\/td><td>94.9%<\/td><\/tr><\/tbody><\/table>\n\n\n\n<p>*Se excluyen del an\u00e1lisis los pacientes fallecidos.<\/p>\n\n\n\n<table class=\"wp-block-table\"><tbody><tr><td><strong>Casos asignados en proceso de an\u00e1lisis<\/strong>(08.12.2020)<\/td><td><strong>1<\/strong><\/td><td><em>Estos casos en proceso de an\u00e1lisis se suman solo al total regional acumulado y no al detalle comunal.<\/em><strong><\/strong><\/td><\/tr><\/tbody><\/table>\n\n\n\n<p><strong>Casos confirmados por sexo<\/strong><\/p>\n\n\n\n<table class=\"wp-block-table\"><tbody><tr><td><strong>Sexo<\/strong><\/td><td><strong>N\u00b0 Casos<\/strong><\/td><td><strong>Porcentaje<\/strong><\/td><\/tr><tr><td>Hombre<\/td><td>9.373<\/td><td>49,7%<\/td><\/tr><tr><td>Mujer<\/td><td>9.471<\/td><td>50,3%<\/td><\/tr><\/tbody><\/table>\n\n\n\n<table class=\"wp-block-table\"><tbody><tr><td><strong>&nbsp;<\/strong><\/td><td><strong>Total<\/strong><\/td><\/tr><tr><td><strong>Fallecidos<\/strong><\/td><td><strong>250<\/strong><\/td><\/tr><\/tbody><\/table>\n\n\n\n<p>De la totalidad de casos, 185 se encuentran hospitalizados, de estos, 63 en Unidades de Paciente Cr\u00edtico (UTI 17 \u2013 UCI 46) y 39 conectados a ventilador mec\u00e1nico de los cuales 34 se encuentran en establecimientos de la red p\u00fablica y 05 en cl\u00ednicas privadas.<\/p>\n\n\n\n<p><a>\u2014\u2013<\/a>\u2014\u2014<br><strong>Unidad de Comunicaciones<\/strong><\/p>\n\n\n\n<p>Seremi de Salud<\/p>\n","protected":false},"excerpt":{"rendered":"<div class=\"pvc_clear\"><\/div>\n<p id=\"pvc_stats_16993\" class=\"pvc_stats total_only  \" data-element-id=\"16993\" style=\"\"><i class=\"pvc-stats-icon large\" aria-hidden=\"true\"><svg aria-hidden=\"true\" focusable=\"false\" data-prefix=\"far\" data-icon=\"chart-bar\" role=\"img\" xmlns=\"http:\/\/www.w3.org\/2000\/svg\" viewBox=\"0 0 512 512\" class=\"svg-inline--fa fa-chart-bar fa-w-16 fa-2x\"><path fill=\"currentColor\" d=\"M396.8 352h22.4c6.4 0 12.8-6.4 12.8-12.8V108.8c0-6.4-6.4-12.8-12.8-12.8h-22.4c-6.4 0-12.8 6.4-12.8 12.8v230.4c0 6.4 6.4 12.8 12.8 12.8zm-192 0h22.4c6.4 0 12.8-6.4 12.8-12.8V140.8c0-6.4-6.4-12.8-12.8-12.8h-22.4c-6.4 0-12.8 6.4-12.8 12.8v198.4c0 6.4 6.4 12.8 12.8 12.8zm96 0h22.4c6.4 0 12.8-6.4 12.8-12.8V204.8c0-6.4-6.4-12.8-12.8-12.8h-22.4c-6.4 0-12.8 6.4-12.8 12.8v134.4c0 6.4 6.4 12.8 12.8 12.8zM496 400H48V80c0-8.84-7.16-16-16-16H16C7.16 64 0 71.16 0 80v336c0 17.67 14.33 32 32 32h464c8.84 0 16-7.16 16-16v-16c0-8.84-7.16-16-16-16zm-387.2-48h22.4c6.4 0 12.8-6.4 12.8-12.8v-70.4c0-6.4-6.4-12.8-12.8-12.8h-22.4c-6.4 0-12.8 6.4-12.8 12.8v70.4c0 6.4 6.4 12.8 12.8 12.8z\" class=\"\"><\/path><\/svg><\/i> <img loading=\"lazy\" decoding=\"async\" width=\"16\" height=\"16\" alt=\"Loading\" src=\"https:\/\/temucotelevision.cl\/web\/wp-content\/plugins\/page-views-count\/ajax-loader-2x.gif\" border=0 \/><\/p>\n<div class=\"pvc_clear\"><\/div>\n<p>19.057 son los casos confirmados de COVID- 19 en La Araucan\u00eda. Durante el d\u00eda ayer fueron 134 los nuevos casos<\/p>\n","protected":false},"author":1,"featured_media":16550,"comment_status":"open","ping_status":"open","sticky":false,"template":"","format":"standard","meta":{"colormag_page_container_layout":"default_layout","colormag_page_sidebar_layout":"default_layout","footnotes":""},"categories":[14],"tags":[2347,2326],"class_list":["post-16993","post","type-post","status-publish","format-standard","has-post-thumbnail","hentry","category-temuco","tag-contagios","tag-covid"],"a3_pvc":{"activated":true,"total_views":11,"today_views":0},"_links":{"self":[{"href":"https:\/\/temucotelevision.cl\/web\/wp-json\/wp\/v2\/posts\/16993","targetHints":{"allow":["GET"]}}],"collection":[{"href":"https:\/\/temucotelevision.cl\/web\/wp-json\/wp\/v2\/posts"}],"about":[{"href":"https:\/\/temucotelevision.cl\/web\/wp-json\/wp\/v2\/types\/post"}],"author":[{"embeddable":true,"href":"https:\/\/temucotelevision.cl\/web\/wp-json\/wp\/v2\/users\/1"}],"replies":[{"embeddable":true,"href":"https:\/\/temucotelevision.cl\/web\/wp-json\/wp\/v2\/comments?post=16993"}],"version-history":[{"count":1,"href":"https:\/\/temucotelevision.cl\/web\/wp-json\/wp\/v2\/posts\/16993\/revisions"}],"predecessor-version":[{"id":16994,"href":"https:\/\/temucotelevision.cl\/web\/wp-json\/wp\/v2\/posts\/16993\/revisions\/16994"}],"wp:featuredmedia":[{"embeddable":true,"href":"https:\/\/temucotelevision.cl\/web\/wp-json\/wp\/v2\/media\/16550"}],"wp:attachment":[{"href":"https:\/\/temucotelevision.cl\/web\/wp-json\/wp\/v2\/media?parent=16993"}],"wp:term":[{"taxonomy":"category","embeddable":true,"href":"https:\/\/temucotelevision.cl\/web\/wp-json\/wp\/v2\/categories?post=16993"},{"taxonomy":"post_tag","embeddable":true,"href":"https:\/\/temucotelevision.cl\/web\/wp-json\/wp\/v2\/tags?post=16993"}],"curies":[{"name":"wp","href":"https:\/\/api.w.org\/{rel}","templated":true}]}}