{"id":16987,"date":"2020-12-09T11:41:48","date_gmt":"2020-12-09T14:41:48","guid":{"rendered":"https:\/\/temucotelevision.cl\/web\/?p=16987"},"modified":"2020-12-09T11:41:50","modified_gmt":"2020-12-09T14:41:50","slug":"belen-montecinos-lanza-su-precandidatura-a-la-alcaldia-de-lumaco%ef%bb%bf","status":"publish","type":"post","link":"https:\/\/temucotelevision.cl\/web\/2020\/12\/09\/belen-montecinos-lanza-su-precandidatura-a-la-alcaldia-de-lumaco%ef%bb%bf\/","title":{"rendered":"Bel\u00e9n Montecinos lanza su precandidatura a la alcald\u00eda de Lumaco\ufeff"},"content":{"rendered":"<div class=\"pvc_clear\"><\/div><p id=\"pvc_stats_16987\" class=\"pvc_stats total_only  \" data-element-id=\"16987\" style=\"\"><i class=\"pvc-stats-icon large\" aria-hidden=\"true\"><svg aria-hidden=\"true\" focusable=\"false\" data-prefix=\"far\" data-icon=\"chart-bar\" role=\"img\" xmlns=\"http:\/\/www.w3.org\/2000\/svg\" viewBox=\"0 0 512 512\" class=\"svg-inline--fa fa-chart-bar fa-w-16 fa-2x\"><path fill=\"currentColor\" d=\"M396.8 352h22.4c6.4 0 12.8-6.4 12.8-12.8V108.8c0-6.4-6.4-12.8-12.8-12.8h-22.4c-6.4 0-12.8 6.4-12.8 12.8v230.4c0 6.4 6.4 12.8 12.8 12.8zm-192 0h22.4c6.4 0 12.8-6.4 12.8-12.8V140.8c0-6.4-6.4-12.8-12.8-12.8h-22.4c-6.4 0-12.8 6.4-12.8 12.8v198.4c0 6.4 6.4 12.8 12.8 12.8zm96 0h22.4c6.4 0 12.8-6.4 12.8-12.8V204.8c0-6.4-6.4-12.8-12.8-12.8h-22.4c-6.4 0-12.8 6.4-12.8 12.8v134.4c0 6.4 6.4 12.8 12.8 12.8zM496 400H48V80c0-8.84-7.16-16-16-16H16C7.16 64 0 71.16 0 80v336c0 17.67 14.33 32 32 32h464c8.84 0 16-7.16 16-16v-16c0-8.84-7.16-16-16-16zm-387.2-48h22.4c6.4 0 12.8-6.4 12.8-12.8v-70.4c0-6.4-6.4-12.8-12.8-12.8h-22.4c-6.4 0-12.8 6.4-12.8 12.8v70.4c0 6.4 6.4 12.8 12.8 12.8z\" class=\"\"><\/path><\/svg><\/i> <img loading=\"lazy\" decoding=\"async\" width=\"16\" height=\"16\" alt=\"Loading\" src=\"https:\/\/temucotelevision.cl\/web\/wp-content\/plugins\/page-views-count\/ajax-loader-2x.gif\" border=0 \/><\/p><div class=\"pvc_clear\"><\/div>\n<p>En la Plaza Intercultural de la comuna de Lumaco, Bel\u00e9n Montecinos realiz\u00f3 el lanzamiento de su precandidatura a la alcald\u00eda, acompa\u00f1ada por la Diputada Andrea Parra y el presidente regional del PPD Essio Guidotti.&nbsp;<\/p>\n\n\n\n<p>Bel\u00e9n Montecinos, se\u00f1al\u00f3 que \u201c<em>creo que estos procesos eleccionarios son importantes para la ciudadan\u00eda. Desde hace un tiempo est\u00e1n solicitando que los candidatos no sean elegidos entre cuatro paredes por lo tanto existe un avance en nuestra comuna en relaci\u00f3n a la democracia y eso tenemos que aprovecharlo este 20 de dicimebre<\/em>\u201d<em>.<\/em><\/p>\n\n\n\n<p>Por su parte la Diputada (PPD)&nbsp;&nbsp;Andrea Parra, quien respalda a Bel\u00e9n Montecinos indic\u00f3 que \u201c<em>es importante poder dar espacios a nuevas personas que quieran liderar la comuna. Bel\u00e9n es una excelente opci\u00f3n, es una mujer preparada que adem\u00e1s tiene pertenencia con la comuna y que sabe de los principales problemas a los que hay que dar soluci\u00f3n. Adem\u00e1s ella tiene la convicci\u00f3n de que es necesario dejar las divisiones atr\u00e1s para poder dedicarse a sacar adelante a Lumaco, con todos y todas<\/em>.&nbsp;<em>En lo personal invito a todos a que este 20 de diciembre voten por Bel\u00e9n Montecinos<\/em>\u201d.<\/p>\n\n\n\n<p>Finalmente, la precandidata a la alcald\u00eda del PPD enfatiz\u00f3 que \u201c<em>mi origen es de una comunidad ind\u00edgena de ac\u00e1 de Lumaco, y me he preparado para poder asumir este desaf\u00edo, m\u00e1s all\u00e1 de una buena intenci\u00f3n y creo que cuando uno quiere asumir este tipo de desaf\u00edos para ser un aporte real, tiene que tener una formaci\u00f3n y una base para poder realizar una buena gesti\u00f3n que hoy d\u00eda necesitamos urgentemente como comuna debido a que nosotros estamos dentro de las comunas m\u00e1s pobres del pa\u00eds, entonces se requiere de una buena gesti\u00f3n para poder avanzar y disminuir estos indicadores\u201d.<\/em><\/p>\n\n\n\n<p>Montecinos es lumaquina, estudi\u00f3 Ingenier\u00eda Comercial y egres\u00f3 recientemente del Magister en Gesti\u00f3n de Gobierno. Es adem\u00e1s respaldada por el PPD y propone el concepto de una alcald\u00eda con poder femenino.<\/p>\n","protected":false},"excerpt":{"rendered":"<div class=\"pvc_clear\"><\/div>\n<p id=\"pvc_stats_16987\" class=\"pvc_stats total_only  \" data-element-id=\"16987\" style=\"\"><i class=\"pvc-stats-icon large\" aria-hidden=\"true\"><svg aria-hidden=\"true\" focusable=\"false\" data-prefix=\"far\" data-icon=\"chart-bar\" role=\"img\" xmlns=\"http:\/\/www.w3.org\/2000\/svg\" viewBox=\"0 0 512 512\" class=\"svg-inline--fa fa-chart-bar fa-w-16 fa-2x\"><path fill=\"currentColor\" d=\"M396.8 352h22.4c6.4 0 12.8-6.4 12.8-12.8V108.8c0-6.4-6.4-12.8-12.8-12.8h-22.4c-6.4 0-12.8 6.4-12.8 12.8v230.4c0 6.4 6.4 12.8 12.8 12.8zm-192 0h22.4c6.4 0 12.8-6.4 12.8-12.8V140.8c0-6.4-6.4-12.8-12.8-12.8h-22.4c-6.4 0-12.8 6.4-12.8 12.8v198.4c0 6.4 6.4 12.8 12.8 12.8zm96 0h22.4c6.4 0 12.8-6.4 12.8-12.8V204.8c0-6.4-6.4-12.8-12.8-12.8h-22.4c-6.4 0-12.8 6.4-12.8 12.8v134.4c0 6.4 6.4 12.8 12.8 12.8zM496 400H48V80c0-8.84-7.16-16-16-16H16C7.16 64 0 71.16 0 80v336c0 17.67 14.33 32 32 32h464c8.84 0 16-7.16 16-16v-16c0-8.84-7.16-16-16-16zm-387.2-48h22.4c6.4 0 12.8-6.4 12.8-12.8v-70.4c0-6.4-6.4-12.8-12.8-12.8h-22.4c-6.4 0-12.8 6.4-12.8 12.8v70.4c0 6.4 6.4 12.8 12.8 12.8z\" class=\"\"><\/path><\/svg><\/i> <img loading=\"lazy\" decoding=\"async\" width=\"16\" height=\"16\" alt=\"Loading\" src=\"https:\/\/temucotelevision.cl\/web\/wp-content\/plugins\/page-views-count\/ajax-loader-2x.gif\" border=0 \/><\/p>\n<div class=\"pvc_clear\"><\/div>\n<p>En la Plaza Intercultural de la comuna de Lumaco, Bel\u00e9n Montecinos realiz\u00f3 el lanzamiento de su precandidatura a la alcald\u00eda,<\/p>\n","protected":false},"author":1,"featured_media":16988,"comment_status":"open","ping_status":"open","sticky":false,"template":"","format":"standard","meta":{"colormag_page_container_layout":"default_layout","colormag_page_sidebar_layout":"default_layout","footnotes":""},"categories":[84],"tags":[2048,123],"class_list":["post-16987","post","type-post","status-publish","format-standard","has-post-thumbnail","hentry","category-politica","tag-alcaldesa","tag-lumaco"],"a3_pvc":{"activated":true,"total_views":42,"today_views":0},"_links":{"self":[{"href":"https:\/\/temucotelevision.cl\/web\/wp-json\/wp\/v2\/posts\/16987","targetHints":{"allow":["GET"]}}],"collection":[{"href":"https:\/\/temucotelevision.cl\/web\/wp-json\/wp\/v2\/posts"}],"about":[{"href":"https:\/\/temucotelevision.cl\/web\/wp-json\/wp\/v2\/types\/post"}],"author":[{"embeddable":true,"href":"https:\/\/temucotelevision.cl\/web\/wp-json\/wp\/v2\/users\/1"}],"replies":[{"embeddable":true,"href":"https:\/\/temucotelevision.cl\/web\/wp-json\/wp\/v2\/comments?post=16987"}],"version-history":[{"count":1,"href":"https:\/\/temucotelevision.cl\/web\/wp-json\/wp\/v2\/posts\/16987\/revisions"}],"predecessor-version":[{"id":16989,"href":"https:\/\/temucotelevision.cl\/web\/wp-json\/wp\/v2\/posts\/16987\/revisions\/16989"}],"wp:featuredmedia":[{"embeddable":true,"href":"https:\/\/temucotelevision.cl\/web\/wp-json\/wp\/v2\/media\/16988"}],"wp:attachment":[{"href":"https:\/\/temucotelevision.cl\/web\/wp-json\/wp\/v2\/media?parent=16987"}],"wp:term":[{"taxonomy":"category","embeddable":true,"href":"https:\/\/temucotelevision.cl\/web\/wp-json\/wp\/v2\/categories?post=16987"},{"taxonomy":"post_tag","embeddable":true,"href":"https:\/\/temucotelevision.cl\/web\/wp-json\/wp\/v2\/tags?post=16987"}],"curies":[{"name":"wp","href":"https:\/\/api.w.org\/{rel}","templated":true}]}}