{"id":16984,"date":"2020-12-08T21:09:56","date_gmt":"2020-12-09T00:09:56","guid":{"rendered":"https:\/\/temucotelevision.cl\/web\/?p=16984"},"modified":"2020-12-08T21:09:58","modified_gmt":"2020-12-09T00:09:58","slug":"eclipse-solar-gobernador-de-cautin-informo-aumento-de-control-y-fiscalizacion-en-rutas-de-la-araucania","status":"publish","type":"post","link":"https:\/\/temucotelevision.cl\/web\/2020\/12\/08\/eclipse-solar-gobernador-de-cautin-informo-aumento-de-control-y-fiscalizacion-en-rutas-de-la-araucania\/","title":{"rendered":"Eclipse Solar: Gobernador de Caut\u00edn inform\u00f3 aumento de control y fiscalizaci\u00f3n en rutas de La Araucan\u00eda"},"content":{"rendered":"<div class=\"pvc_clear\"><\/div><p id=\"pvc_stats_16984\" class=\"pvc_stats total_only  \" data-element-id=\"16984\" style=\"\"><i class=\"pvc-stats-icon large\" aria-hidden=\"true\"><svg aria-hidden=\"true\" focusable=\"false\" data-prefix=\"far\" data-icon=\"chart-bar\" role=\"img\" xmlns=\"http:\/\/www.w3.org\/2000\/svg\" viewBox=\"0 0 512 512\" class=\"svg-inline--fa fa-chart-bar fa-w-16 fa-2x\"><path fill=\"currentColor\" d=\"M396.8 352h22.4c6.4 0 12.8-6.4 12.8-12.8V108.8c0-6.4-6.4-12.8-12.8-12.8h-22.4c-6.4 0-12.8 6.4-12.8 12.8v230.4c0 6.4 6.4 12.8 12.8 12.8zm-192 0h22.4c6.4 0 12.8-6.4 12.8-12.8V140.8c0-6.4-6.4-12.8-12.8-12.8h-22.4c-6.4 0-12.8 6.4-12.8 12.8v198.4c0 6.4 6.4 12.8 12.8 12.8zm96 0h22.4c6.4 0 12.8-6.4 12.8-12.8V204.8c0-6.4-6.4-12.8-12.8-12.8h-22.4c-6.4 0-12.8 6.4-12.8 12.8v134.4c0 6.4 6.4 12.8 12.8 12.8zM496 400H48V80c0-8.84-7.16-16-16-16H16C7.16 64 0 71.16 0 80v336c0 17.67 14.33 32 32 32h464c8.84 0 16-7.16 16-16v-16c0-8.84-7.16-16-16-16zm-387.2-48h22.4c6.4 0 12.8-6.4 12.8-12.8v-70.4c0-6.4-6.4-12.8-12.8-12.8h-22.4c-6.4 0-12.8 6.4-12.8 12.8v70.4c0 6.4 6.4 12.8 12.8 12.8z\" class=\"\"><\/path><\/svg><\/i> <img loading=\"lazy\" decoding=\"async\" width=\"16\" height=\"16\" alt=\"Loading\" src=\"https:\/\/temucotelevision.cl\/web\/wp-content\/plugins\/page-views-count\/ajax-loader-2x.gif\" border=0 \/><\/p><div class=\"pvc_clear\"><\/div>\n<p>El pr\u00f3ximo lunes 14 de diciembre se vivir\u00e1 el evento astron\u00f3mico m\u00e1s esperado del a\u00f1o. Por lo mismo, las autoridades advirtieron que ya existe una intensificaci\u00f3n del plan vial para evitar m\u00e1s contagios de Covid-19. <\/p>\n\n\n\n<p>Para los pr\u00f3ximos d\u00edas se prev\u00e9 un aumento del flujo vehicular, y es debido a esto, que el gobernador Richard Caifal junto al seremi de Econom\u00eda, Francisco L\u00f3pez y el prefecto de la Prefectura de Villarrica, coronel Roger Vald\u00e9s, encabezaron una fiscalizaci\u00f3n en el Peaje Quepe, a menos de una semana del Eclipse Solar.<\/p>\n\n\n\n<p>Bajo ese contexto, el gobernador sostuvo \u201cestamos con disposici\u00f3n de trabajo y queremos entregar un mensaje categ\u00f3rico, vamos fiscalizar, vamos a estar en las comunas de Freire, en Nueva Imperial, en Saavedra, en la zona lacustre y en la zona costera porque nos interesa de sobremanera proteger la salud de las personas\u201d.<\/p>\n\n\n\n<p>En relaci\u00f3n al retroceso a Fase 2 de toda la Regi\u00f3n Metropolitana, la autoridad provincial precis\u00f3 \u201cno podr\u00e1n viajar a la Regi\u00f3n de La Araucan\u00eda por la determinaci\u00f3n que ha adoptado el Ministerio de Salud. Ellos, entran en una fase que les impide poder desplazarse, por lo mismo, vamos a agudizar los controles en rutas, en terminales de buses y en aeropuertos\u201d. <\/p>\n\n\n\n<p>En otro aspecto del Eclipse, el gobernador detall\u00f3 \u201chemos tomado conocimiento de que hay invitaciones a eventos particulares o a presenciar el Eclipse en un punto determinado, eso ya est\u00e1 informado a Carabineros y a la PDI. De hecho, la Polic\u00eda de Investigaciones va a desplegar 100 funcionarios en la zona lacustre y un helic\u00f3ptero, para realizar controles preventivos en materia de drogas y de control sanitario\u201d. <\/p>\n\n\n\n<p>En tanto, el prefecto de la Prefectura de Villarrica, coronel Roger Vald\u00e9s, se\u00f1al\u00f3 \u201cCarabineros ha planificado los servicios policiales para dar seguridad y tranquilidad a los visitantes que concurran a la Regi\u00f3n a presenciar este evento astron\u00f3mico\u201d. <\/p>\n\n\n\n<p>El prefecto de Villarrica especific\u00f3 las restricciones que se han determinado para los pr\u00f3ximos d\u00edas, \u201cdesde el s\u00e1bado 13 de diciembre a las 23:59 horas se cortar\u00e1n todas las rutas principales de acceso a la zona lacustre, es decir Freire, Pitrufqu\u00e9n y Gorbea. Esto va a durar hasta las 16:00 horas del lunes 14 de diciembre\u201d.<\/p>\n\n\n\n<p>Junto con lo anterior, Vald\u00e9s a\u00f1adi\u00f3 \u201cadem\u00e1s, el d\u00eda del Eclipse, va haber restricci\u00f3n de movilidad entre las localidades y comunas de la zona lacustre, por ejemplo entre Villarrica-Puc\u00f3n y Villarrica-Lican Ray, va a haber restricci\u00f3n de movilidad desde las 09:00 hasta las 16:00 horas\u201d.<\/p>\n\n\n\n<p>\u201cVamos a tener un despliegue operativo en rutas principales para controlar que se cumplan las medidas sanitarias y verificar el porte de la documentaci\u00f3n necesaria para el desplazamiento\u201d, confirm\u00f3 el prefecto Roger Vald\u00e9s.<\/p>\n\n\n\n<p>En caso de que no cumplan con los documentos requeridos por la autoridad sanitaria, el prefecto asegur\u00f3 \u201cse exponen a un sumario sanitario por infracci\u00f3n al Art\u00edculo 318 del C\u00f3digo Penal, y deben devolverse a su lugar de origen\u201d.<\/p>\n\n\n\n<p>Ad portas del Eclipse, el seremi de Econom\u00eda, Francisco L\u00f3pez entreg\u00f3 kits sanitarios en el peaje Quepe. <\/p>\n\n\n\n<p>\u201cEstamos entregando informaci\u00f3n sanitaria a trav\u00e9s de folleter\u00eda para el cuidado ocular en este evento natural. Adem\u00e1s, entregamos kits sanitarios que incluyen mascarillas certificadas y alcohol gel. Con esto, estamos haciendo un llamado a la ciudadan\u00eda a que disfrutemos de este evento, pero a la vez nos cuidemos y seamos responsables\u201d. <\/p>\n\n\n\n<p>L\u00f3pez concluy\u00f3 \u201cesto es un aporte que ha hecho el Gobierno Regional de La Araucan\u00eda que nos ha permitido desarrollar 35 mil folletos y 8 mil kits sanitarios para entregarle a la poblaci\u00f3n\u201d.<\/p>\n","protected":false},"excerpt":{"rendered":"<div class=\"pvc_clear\"><\/div>\n<p id=\"pvc_stats_16984\" class=\"pvc_stats total_only  \" data-element-id=\"16984\" style=\"\"><i class=\"pvc-stats-icon large\" aria-hidden=\"true\"><svg aria-hidden=\"true\" focusable=\"false\" data-prefix=\"far\" data-icon=\"chart-bar\" role=\"img\" xmlns=\"http:\/\/www.w3.org\/2000\/svg\" viewBox=\"0 0 512 512\" class=\"svg-inline--fa fa-chart-bar fa-w-16 fa-2x\"><path fill=\"currentColor\" d=\"M396.8 352h22.4c6.4 0 12.8-6.4 12.8-12.8V108.8c0-6.4-6.4-12.8-12.8-12.8h-22.4c-6.4 0-12.8 6.4-12.8 12.8v230.4c0 6.4 6.4 12.8 12.8 12.8zm-192 0h22.4c6.4 0 12.8-6.4 12.8-12.8V140.8c0-6.4-6.4-12.8-12.8-12.8h-22.4c-6.4 0-12.8 6.4-12.8 12.8v198.4c0 6.4 6.4 12.8 12.8 12.8zm96 0h22.4c6.4 0 12.8-6.4 12.8-12.8V204.8c0-6.4-6.4-12.8-12.8-12.8h-22.4c-6.4 0-12.8 6.4-12.8 12.8v134.4c0 6.4 6.4 12.8 12.8 12.8zM496 400H48V80c0-8.84-7.16-16-16-16H16C7.16 64 0 71.16 0 80v336c0 17.67 14.33 32 32 32h464c8.84 0 16-7.16 16-16v-16c0-8.84-7.16-16-16-16zm-387.2-48h22.4c6.4 0 12.8-6.4 12.8-12.8v-70.4c0-6.4-6.4-12.8-12.8-12.8h-22.4c-6.4 0-12.8 6.4-12.8 12.8v70.4c0 6.4 6.4 12.8 12.8 12.8z\" class=\"\"><\/path><\/svg><\/i> <img loading=\"lazy\" decoding=\"async\" width=\"16\" height=\"16\" alt=\"Loading\" src=\"https:\/\/temucotelevision.cl\/web\/wp-content\/plugins\/page-views-count\/ajax-loader-2x.gif\" border=0 \/><\/p>\n<div class=\"pvc_clear\"><\/div>\n<p>El pr\u00f3ximo lunes 14 de diciembre se vivir\u00e1 el evento astron\u00f3mico m\u00e1s esperado del a\u00f1o. Por lo mismo, las autoridades<\/p>\n","protected":false},"author":1,"featured_media":16985,"comment_status":"open","ping_status":"open","sticky":false,"template":"","format":"standard","meta":{"colormag_page_container_layout":"default_layout","colormag_page_sidebar_layout":"default_layout","footnotes":""},"categories":[15],"tags":[1223,829],"class_list":["post-16984","post","type-post","status-publish","format-standard","has-post-thumbnail","hentry","category-la-araucania","tag-fiscalizaciones","tag-gobernador"],"a3_pvc":{"activated":true,"total_views":24,"today_views":0},"_links":{"self":[{"href":"https:\/\/temucotelevision.cl\/web\/wp-json\/wp\/v2\/posts\/16984","targetHints":{"allow":["GET"]}}],"collection":[{"href":"https:\/\/temucotelevision.cl\/web\/wp-json\/wp\/v2\/posts"}],"about":[{"href":"https:\/\/temucotelevision.cl\/web\/wp-json\/wp\/v2\/types\/post"}],"author":[{"embeddable":true,"href":"https:\/\/temucotelevision.cl\/web\/wp-json\/wp\/v2\/users\/1"}],"replies":[{"embeddable":true,"href":"https:\/\/temucotelevision.cl\/web\/wp-json\/wp\/v2\/comments?post=16984"}],"version-history":[{"count":1,"href":"https:\/\/temucotelevision.cl\/web\/wp-json\/wp\/v2\/posts\/16984\/revisions"}],"predecessor-version":[{"id":16986,"href":"https:\/\/temucotelevision.cl\/web\/wp-json\/wp\/v2\/posts\/16984\/revisions\/16986"}],"wp:featuredmedia":[{"embeddable":true,"href":"https:\/\/temucotelevision.cl\/web\/wp-json\/wp\/v2\/media\/16985"}],"wp:attachment":[{"href":"https:\/\/temucotelevision.cl\/web\/wp-json\/wp\/v2\/media?parent=16984"}],"wp:term":[{"taxonomy":"category","embeddable":true,"href":"https:\/\/temucotelevision.cl\/web\/wp-json\/wp\/v2\/categories?post=16984"},{"taxonomy":"post_tag","embeddable":true,"href":"https:\/\/temucotelevision.cl\/web\/wp-json\/wp\/v2\/tags?post=16984"}],"curies":[{"name":"wp","href":"https:\/\/api.w.org\/{rel}","templated":true}]}}