{"id":16981,"date":"2020-12-08T17:08:10","date_gmt":"2020-12-08T20:08:10","guid":{"rendered":"https:\/\/temucotelevision.cl\/web\/?p=16981"},"modified":"2020-12-08T17:08:16","modified_gmt":"2020-12-08T20:08:16","slug":"diputado-rathgeb-lamento-retroceso-de-angol-y-los-sauces-a-cuarentena-y-llamo-a-la-comunidad-a-respetar-medidas-sanitaria%ef%bb%bfs","status":"publish","type":"post","link":"https:\/\/temucotelevision.cl\/web\/2020\/12\/08\/diputado-rathgeb-lamento-retroceso-de-angol-y-los-sauces-a-cuarentena-y-llamo-a-la-comunidad-a-respetar-medidas-sanitaria%ef%bb%bfs\/","title":{"rendered":"Diputado Rathgeb lament\u00f3 retroceso de Angol y Los Sauces a cuarentena y llam\u00f3 a la comunidad a respetar medidas sanitaria\ufeffs"},"content":{"rendered":"<div class=\"pvc_clear\"><\/div><p id=\"pvc_stats_16981\" class=\"pvc_stats total_only  \" data-element-id=\"16981\" style=\"\"><i class=\"pvc-stats-icon large\" aria-hidden=\"true\"><svg aria-hidden=\"true\" focusable=\"false\" data-prefix=\"far\" data-icon=\"chart-bar\" role=\"img\" xmlns=\"http:\/\/www.w3.org\/2000\/svg\" viewBox=\"0 0 512 512\" class=\"svg-inline--fa fa-chart-bar fa-w-16 fa-2x\"><path fill=\"currentColor\" d=\"M396.8 352h22.4c6.4 0 12.8-6.4 12.8-12.8V108.8c0-6.4-6.4-12.8-12.8-12.8h-22.4c-6.4 0-12.8 6.4-12.8 12.8v230.4c0 6.4 6.4 12.8 12.8 12.8zm-192 0h22.4c6.4 0 12.8-6.4 12.8-12.8V140.8c0-6.4-6.4-12.8-12.8-12.8h-22.4c-6.4 0-12.8 6.4-12.8 12.8v198.4c0 6.4 6.4 12.8 12.8 12.8zm96 0h22.4c6.4 0 12.8-6.4 12.8-12.8V204.8c0-6.4-6.4-12.8-12.8-12.8h-22.4c-6.4 0-12.8 6.4-12.8 12.8v134.4c0 6.4 6.4 12.8 12.8 12.8zM496 400H48V80c0-8.84-7.16-16-16-16H16C7.16 64 0 71.16 0 80v336c0 17.67 14.33 32 32 32h464c8.84 0 16-7.16 16-16v-16c0-8.84-7.16-16-16-16zm-387.2-48h22.4c6.4 0 12.8-6.4 12.8-12.8v-70.4c0-6.4-6.4-12.8-12.8-12.8h-22.4c-6.4 0-12.8 6.4-12.8 12.8v70.4c0 6.4 6.4 12.8 12.8 12.8z\" class=\"\"><\/path><\/svg><\/i> <img loading=\"lazy\" decoding=\"async\" width=\"16\" height=\"16\" alt=\"Loading\" src=\"https:\/\/temucotelevision.cl\/web\/wp-content\/plugins\/page-views-count\/ajax-loader-2x.gif\" border=0 \/><\/p><div class=\"pvc_clear\"><\/div>\n<p><strong>Parlamentario de Renovaci\u00f3n Nacional, indic\u00f3 que lamentablemente la comunidad no ha respetado las indicaciones lo que se traduce en el alto n\u00famero de contagios.<\/strong><\/p>\n\n\n\n<p>Los casos positivos de Coronavirus, han tenido un fuerte aumento en Angol y Los Sauces, lo que oblig\u00f3 a decretar cuarentena para ambas comunas desde el jueves 10 de diciembre, panorama similar es el de Renaico que tambi\u00e9n ha visto crecer las cifras y retroceder\u00e1 a la fase de transici\u00f3n.<\/p>\n\n\n\n<p>El diputado de Renovaci\u00f3n Nacional por La Araucan\u00eda, Jorge Rathgeb Schifferli, lament\u00f3 que se hayan tenido que adoptar estas medidas extremas, debido a que no se est\u00e1n respetando las indicaciones que dicta la autoridad sanitaria.<\/p>\n\n\n\n<p>Rathgeb, indic\u00f3 que espera que la ciudadan\u00eda pueda responder de buena forma ante esta cuarentena y que la extensi\u00f3n sea lo m\u00e1s breve posible, para que de esta manera las Pymes y distintos rubros no se vean perjudicados, como se ha podido apreciar en algunas comunas del pa\u00eds.<\/p>\n\n\n\n<p>Para el congresista es momento de que el autocuidado se refuerce y as\u00ed los casos puedan ir a la baja para que los efectos negativos, sean los menores.<\/p>\n\n\n\n<p>\u201cLamentablemente la irresponsabilidad de algunos que no han respetado las medidas de la autoridad sanitaria se traduce en las cuarentenas para Angol y Los Sauces y el retroceso a transici\u00f3n en Renaico. Esperamos que la ciudadan\u00eda se comprometa y responda, caso contrario los n\u00fameros seguir\u00e1n al alza y quienes m\u00e1s lo sentir\u00e1n son las Pymes, por esta raz\u00f3n hoy m\u00e1s que nunca el llamado es a cuidarnos entre todos, para que los periodos de tiempo en que se fija esta norma no sean extensos\u201d, puntualiz\u00f3 el parlamentario.<\/p>\n\n\n\n<p>El congresista agreg\u00f3 que solicitar\u00e1 a las autoridades regionales que se refuercen los controles, con el objetivo de que se respete la cuarentena, en estas comunas de la provincia de Malleco.<\/p>\n","protected":false},"excerpt":{"rendered":"<div class=\"pvc_clear\"><\/div>\n<p id=\"pvc_stats_16981\" class=\"pvc_stats total_only  \" data-element-id=\"16981\" style=\"\"><i class=\"pvc-stats-icon large\" aria-hidden=\"true\"><svg aria-hidden=\"true\" focusable=\"false\" data-prefix=\"far\" data-icon=\"chart-bar\" role=\"img\" xmlns=\"http:\/\/www.w3.org\/2000\/svg\" viewBox=\"0 0 512 512\" class=\"svg-inline--fa fa-chart-bar fa-w-16 fa-2x\"><path fill=\"currentColor\" d=\"M396.8 352h22.4c6.4 0 12.8-6.4 12.8-12.8V108.8c0-6.4-6.4-12.8-12.8-12.8h-22.4c-6.4 0-12.8 6.4-12.8 12.8v230.4c0 6.4 6.4 12.8 12.8 12.8zm-192 0h22.4c6.4 0 12.8-6.4 12.8-12.8V140.8c0-6.4-6.4-12.8-12.8-12.8h-22.4c-6.4 0-12.8 6.4-12.8 12.8v198.4c0 6.4 6.4 12.8 12.8 12.8zm96 0h22.4c6.4 0 12.8-6.4 12.8-12.8V204.8c0-6.4-6.4-12.8-12.8-12.8h-22.4c-6.4 0-12.8 6.4-12.8 12.8v134.4c0 6.4 6.4 12.8 12.8 12.8zM496 400H48V80c0-8.84-7.16-16-16-16H16C7.16 64 0 71.16 0 80v336c0 17.67 14.33 32 32 32h464c8.84 0 16-7.16 16-16v-16c0-8.84-7.16-16-16-16zm-387.2-48h22.4c6.4 0 12.8-6.4 12.8-12.8v-70.4c0-6.4-6.4-12.8-12.8-12.8h-22.4c-6.4 0-12.8 6.4-12.8 12.8v70.4c0 6.4 6.4 12.8 12.8 12.8z\" class=\"\"><\/path><\/svg><\/i> <img loading=\"lazy\" decoding=\"async\" width=\"16\" height=\"16\" alt=\"Loading\" src=\"https:\/\/temucotelevision.cl\/web\/wp-content\/plugins\/page-views-count\/ajax-loader-2x.gif\" border=0 \/><\/p>\n<div class=\"pvc_clear\"><\/div>\n<p>Parlamentario de Renovaci\u00f3n Nacional, indic\u00f3 que lamentablemente la comunidad no ha respetado las indicaciones lo que se traduce en el<\/p>\n","protected":false},"author":1,"featured_media":7849,"comment_status":"open","ping_status":"open","sticky":false,"template":"","format":"standard","meta":{"colormag_page_container_layout":"default_layout","colormag_page_sidebar_layout":"default_layout","footnotes":""},"categories":[84],"tags":[206],"class_list":["post-16981","post","type-post","status-publish","format-standard","has-post-thumbnail","hentry","category-politica","tag-gobierno"],"a3_pvc":{"activated":true,"total_views":27,"today_views":0},"_links":{"self":[{"href":"https:\/\/temucotelevision.cl\/web\/wp-json\/wp\/v2\/posts\/16981","targetHints":{"allow":["GET"]}}],"collection":[{"href":"https:\/\/temucotelevision.cl\/web\/wp-json\/wp\/v2\/posts"}],"about":[{"href":"https:\/\/temucotelevision.cl\/web\/wp-json\/wp\/v2\/types\/post"}],"author":[{"embeddable":true,"href":"https:\/\/temucotelevision.cl\/web\/wp-json\/wp\/v2\/users\/1"}],"replies":[{"embeddable":true,"href":"https:\/\/temucotelevision.cl\/web\/wp-json\/wp\/v2\/comments?post=16981"}],"version-history":[{"count":1,"href":"https:\/\/temucotelevision.cl\/web\/wp-json\/wp\/v2\/posts\/16981\/revisions"}],"predecessor-version":[{"id":16982,"href":"https:\/\/temucotelevision.cl\/web\/wp-json\/wp\/v2\/posts\/16981\/revisions\/16982"}],"wp:featuredmedia":[{"embeddable":true,"href":"https:\/\/temucotelevision.cl\/web\/wp-json\/wp\/v2\/media\/7849"}],"wp:attachment":[{"href":"https:\/\/temucotelevision.cl\/web\/wp-json\/wp\/v2\/media?parent=16981"}],"wp:term":[{"taxonomy":"category","embeddable":true,"href":"https:\/\/temucotelevision.cl\/web\/wp-json\/wp\/v2\/categories?post=16981"},{"taxonomy":"post_tag","embeddable":true,"href":"https:\/\/temucotelevision.cl\/web\/wp-json\/wp\/v2\/tags?post=16981"}],"curies":[{"name":"wp","href":"https:\/\/api.w.org\/{rel}","templated":true}]}}