{"id":16978,"date":"2020-12-08T16:58:45","date_gmt":"2020-12-08T19:58:45","guid":{"rendered":"https:\/\/temucotelevision.cl\/web\/?p=16978"},"modified":"2020-12-08T16:58:46","modified_gmt":"2020-12-08T19:58:46","slug":"entregan-lentes-para-ver-el-eclipse-a-trabajadores-de-la-feria-pinto-de-temuco","status":"publish","type":"post","link":"https:\/\/temucotelevision.cl\/web\/2020\/12\/08\/entregan-lentes-para-ver-el-eclipse-a-trabajadores-de-la-feria-pinto-de-temuco\/","title":{"rendered":"Entregan lentes para ver el eclipse a trabajadores de la Feria Pinto de Temuco"},"content":{"rendered":"<div class=\"pvc_clear\"><\/div><p id=\"pvc_stats_16978\" class=\"pvc_stats total_only  \" data-element-id=\"16978\" style=\"\"><i class=\"pvc-stats-icon large\" aria-hidden=\"true\"><svg aria-hidden=\"true\" focusable=\"false\" data-prefix=\"far\" data-icon=\"chart-bar\" role=\"img\" xmlns=\"http:\/\/www.w3.org\/2000\/svg\" viewBox=\"0 0 512 512\" class=\"svg-inline--fa fa-chart-bar fa-w-16 fa-2x\"><path fill=\"currentColor\" d=\"M396.8 352h22.4c6.4 0 12.8-6.4 12.8-12.8V108.8c0-6.4-6.4-12.8-12.8-12.8h-22.4c-6.4 0-12.8 6.4-12.8 12.8v230.4c0 6.4 6.4 12.8 12.8 12.8zm-192 0h22.4c6.4 0 12.8-6.4 12.8-12.8V140.8c0-6.4-6.4-12.8-12.8-12.8h-22.4c-6.4 0-12.8 6.4-12.8 12.8v198.4c0 6.4 6.4 12.8 12.8 12.8zm96 0h22.4c6.4 0 12.8-6.4 12.8-12.8V204.8c0-6.4-6.4-12.8-12.8-12.8h-22.4c-6.4 0-12.8 6.4-12.8 12.8v134.4c0 6.4 6.4 12.8 12.8 12.8zM496 400H48V80c0-8.84-7.16-16-16-16H16C7.16 64 0 71.16 0 80v336c0 17.67 14.33 32 32 32h464c8.84 0 16-7.16 16-16v-16c0-8.84-7.16-16-16-16zm-387.2-48h22.4c6.4 0 12.8-6.4 12.8-12.8v-70.4c0-6.4-6.4-12.8-12.8-12.8h-22.4c-6.4 0-12.8 6.4-12.8 12.8v70.4c0 6.4 6.4 12.8 12.8 12.8z\" class=\"\"><\/path><\/svg><\/i> <img loading=\"lazy\" decoding=\"async\" width=\"16\" height=\"16\" alt=\"Loading\" src=\"https:\/\/temucotelevision.cl\/web\/wp-content\/plugins\/page-views-count\/ajax-loader-2x.gif\" border=0 \/><\/p><div class=\"pvc_clear\"><\/div>\n<p><em>La seremi de Gobierno, P\u00eda Bersezio y el de Agricultura, Ricardo Senn, brindaron adem\u00e1s recomendaciones a los locatarios para apreciar el fen\u00f3meno astron\u00f3mico de forma segura.<\/em><\/p>\n\n\n\n<p>Una entrega gratuita de lentes para observar el eclipse con las medidas de seguridad adecuadas efectu\u00f3 la seremi de Gobierno, P\u00eda Bersezio y el de Agricultura, Ricardo Senn, a los trabajadores de la Feria Pinto de Temuco. &nbsp;En la ocasi\u00f3n las autoridades tambi\u00e9n brindaron una serie de recomendaciones a los locatarios para que as\u00ed no sufran da\u00f1os en los ojos al mirar el cielo cuando la luna se interponga frente al sol.<\/p>\n\n\n\n<p>\u201cMuy bien que se preocupen de nosotros. La verdad es que tanto Agricultura, Econom\u00eda, Salud y la Municipalidad siempre han estado con nosotros. Ahora estos lentes nos vienen de maravilla, quiz\u00e1s no tengamos la posibilidad de ver el eclipse, pero si nuestros nietos o hijos, entonces los podemos proteger a la vez pas\u00e1ndole los lentes a ellos\u201d, explic\u00f3 el presidente del sindicato El Porvenir de la Feria Pinto, Santiago Melim\u00e1n.<\/p>\n\n\n\n<p>Como recomendaci\u00f3n general, con eclipse y sin eclipse, no se debe mirar el sol de forma directa. La luz del sol puede da\u00f1ar severamente los ojos. Para observar el eclipse, se debe utilizar lentes especializados que poseen un filtro que bloquea los rayos da\u00f1inos del sol y que cuenten con la etiqueta ISO 12312-2. Estas fueron algunas de las recomendaciones que entregaron las autoridades a los trabajadores del recinto de venta de alimentos.<\/p>\n\n\n\n<p>\u201cEstamos entregando estos lentes certificados y esa es una de las recomendaciones m\u00e1s importantes que se debe tener en cuenta para el d\u00eda del eclipse, que no ser\u00e1 feriado, por lo tanto es muy importante que las personas sepan que en todo momento tienen que usar su mascarilla, distanciamiento social y ojal\u00e1 verlo desde su casa, ya que es vertical y se ver\u00e1 en el punto m\u00e1s alto del cielo, por lo tanto solo alzando la vista se podr\u00e1 apreciar y donde cerca de las 13 horas tendremos oscuridad total\u201d, precis\u00f3 la seremi de Gobierno P\u00eda Bersezio.<\/p>\n\n\n\n<p>En tanto, el seremi de Agricultura, Ricardo Senn, se refiri\u00f3 al trabajo que han estado realizando los locatarios durante la pandemia, para que la cadena de abastecimiento de alimentos no se detenga.&nbsp;<\/p>\n\n\n\n<p>\u201cLa Feria Pinto para el Ministerio de Agricultura es muy relevante e importante ya que es un centro de abastos que ha funcionado, pr\u00e1cticamente con normalidad, durante toda esta pandemia y por eso ahora hemos querido estar aqu\u00ed con sus locatarios, el administrador, el presidente del sindicato y la seremi de Gobierno P\u00eda Bersezio, para seguir inst\u00e1ndolos al autocuidado, ahora al momento de ver el eclipse, porque muchos de ellos lo ver\u00e1n desde este lugar atendiendo al p\u00fablico que siempre ha estado viniendo a pesar de los problemas que hay con el covid-19\u201d, dijo el seremi de Agricultura, Ricardo Senn.<\/p>\n\n\n\n<p>Este lunes 14 de diciembre, un eclipse total de sol cruzar\u00e1 las regiones de La Araucan\u00eda, Los R\u00edos y Biob\u00edo; siendo visible, de manera parcial, en el resto del territorio nacional. En La Araucan\u00eda la oscuridad total del eclipse comenzar\u00e1 a las 13:03 horas y su duraci\u00f3n variar\u00e1 entre los 30 segundos a 2 minutos, dependiendo de la zona donde se observe.<\/p>\n","protected":false},"excerpt":{"rendered":"<div class=\"pvc_clear\"><\/div>\n<p id=\"pvc_stats_16978\" class=\"pvc_stats total_only  \" data-element-id=\"16978\" style=\"\"><i class=\"pvc-stats-icon large\" aria-hidden=\"true\"><svg aria-hidden=\"true\" focusable=\"false\" data-prefix=\"far\" data-icon=\"chart-bar\" role=\"img\" xmlns=\"http:\/\/www.w3.org\/2000\/svg\" viewBox=\"0 0 512 512\" class=\"svg-inline--fa fa-chart-bar fa-w-16 fa-2x\"><path fill=\"currentColor\" d=\"M396.8 352h22.4c6.4 0 12.8-6.4 12.8-12.8V108.8c0-6.4-6.4-12.8-12.8-12.8h-22.4c-6.4 0-12.8 6.4-12.8 12.8v230.4c0 6.4 6.4 12.8 12.8 12.8zm-192 0h22.4c6.4 0 12.8-6.4 12.8-12.8V140.8c0-6.4-6.4-12.8-12.8-12.8h-22.4c-6.4 0-12.8 6.4-12.8 12.8v198.4c0 6.4 6.4 12.8 12.8 12.8zm96 0h22.4c6.4 0 12.8-6.4 12.8-12.8V204.8c0-6.4-6.4-12.8-12.8-12.8h-22.4c-6.4 0-12.8 6.4-12.8 12.8v134.4c0 6.4 6.4 12.8 12.8 12.8zM496 400H48V80c0-8.84-7.16-16-16-16H16C7.16 64 0 71.16 0 80v336c0 17.67 14.33 32 32 32h464c8.84 0 16-7.16 16-16v-16c0-8.84-7.16-16-16-16zm-387.2-48h22.4c6.4 0 12.8-6.4 12.8-12.8v-70.4c0-6.4-6.4-12.8-12.8-12.8h-22.4c-6.4 0-12.8 6.4-12.8 12.8v70.4c0 6.4 6.4 12.8 12.8 12.8z\" class=\"\"><\/path><\/svg><\/i> <img loading=\"lazy\" decoding=\"async\" width=\"16\" height=\"16\" alt=\"Loading\" src=\"https:\/\/temucotelevision.cl\/web\/wp-content\/plugins\/page-views-count\/ajax-loader-2x.gif\" border=0 \/><\/p>\n<div class=\"pvc_clear\"><\/div>\n<p>La seremi de Gobierno, P\u00eda Bersezio y el de Agricultura, Ricardo Senn, brindaron adem\u00e1s recomendaciones a los locatarios para apreciar<\/p>\n","protected":false},"author":1,"featured_media":16979,"comment_status":"open","ping_status":"open","sticky":false,"template":"","format":"standard","meta":{"colormag_page_container_layout":"default_layout","colormag_page_sidebar_layout":"default_layout","footnotes":""},"categories":[14],"tags":[3071,852],"class_list":["post-16978","post","type-post","status-publish","format-standard","has-post-thumbnail","hentry","category-temuco","tag-lentes","tag-trabajadores"],"a3_pvc":{"activated":true,"total_views":26,"today_views":0},"_links":{"self":[{"href":"https:\/\/temucotelevision.cl\/web\/wp-json\/wp\/v2\/posts\/16978","targetHints":{"allow":["GET"]}}],"collection":[{"href":"https:\/\/temucotelevision.cl\/web\/wp-json\/wp\/v2\/posts"}],"about":[{"href":"https:\/\/temucotelevision.cl\/web\/wp-json\/wp\/v2\/types\/post"}],"author":[{"embeddable":true,"href":"https:\/\/temucotelevision.cl\/web\/wp-json\/wp\/v2\/users\/1"}],"replies":[{"embeddable":true,"href":"https:\/\/temucotelevision.cl\/web\/wp-json\/wp\/v2\/comments?post=16978"}],"version-history":[{"count":1,"href":"https:\/\/temucotelevision.cl\/web\/wp-json\/wp\/v2\/posts\/16978\/revisions"}],"predecessor-version":[{"id":16980,"href":"https:\/\/temucotelevision.cl\/web\/wp-json\/wp\/v2\/posts\/16978\/revisions\/16980"}],"wp:featuredmedia":[{"embeddable":true,"href":"https:\/\/temucotelevision.cl\/web\/wp-json\/wp\/v2\/media\/16979"}],"wp:attachment":[{"href":"https:\/\/temucotelevision.cl\/web\/wp-json\/wp\/v2\/media?parent=16978"}],"wp:term":[{"taxonomy":"category","embeddable":true,"href":"https:\/\/temucotelevision.cl\/web\/wp-json\/wp\/v2\/categories?post=16978"},{"taxonomy":"post_tag","embeddable":true,"href":"https:\/\/temucotelevision.cl\/web\/wp-json\/wp\/v2\/tags?post=16978"}],"curies":[{"name":"wp","href":"https:\/\/api.w.org\/{rel}","templated":true}]}}