{"id":16975,"date":"2020-12-08T16:50:38","date_gmt":"2020-12-08T19:50:38","guid":{"rendered":"https:\/\/temucotelevision.cl\/web\/?p=16975"},"modified":"2020-12-08T16:50:41","modified_gmt":"2020-12-08T19:50:41","slug":"administradoras-se-alistan-para-recepcion-de-solicitudes-de-retiro-de-fondos-a-partir-de-este-jueves%ef%bb%bf","status":"publish","type":"post","link":"https:\/\/temucotelevision.cl\/web\/2020\/12\/08\/administradoras-se-alistan-para-recepcion-de-solicitudes-de-retiro-de-fondos-a-partir-de-este-jueves%ef%bb%bf\/","title":{"rendered":"Administradoras se alistan para recepci\u00f3n de solicitudes de retiro de fondos a partir de este jueves\ufeff"},"content":{"rendered":"<div class=\"pvc_clear\"><\/div><p id=\"pvc_stats_16975\" class=\"pvc_stats total_only  \" data-element-id=\"16975\" style=\"\"><i class=\"pvc-stats-icon large\" aria-hidden=\"true\"><svg aria-hidden=\"true\" focusable=\"false\" data-prefix=\"far\" data-icon=\"chart-bar\" role=\"img\" xmlns=\"http:\/\/www.w3.org\/2000\/svg\" viewBox=\"0 0 512 512\" class=\"svg-inline--fa fa-chart-bar fa-w-16 fa-2x\"><path fill=\"currentColor\" d=\"M396.8 352h22.4c6.4 0 12.8-6.4 12.8-12.8V108.8c0-6.4-6.4-12.8-12.8-12.8h-22.4c-6.4 0-12.8 6.4-12.8 12.8v230.4c0 6.4 6.4 12.8 12.8 12.8zm-192 0h22.4c6.4 0 12.8-6.4 12.8-12.8V140.8c0-6.4-6.4-12.8-12.8-12.8h-22.4c-6.4 0-12.8 6.4-12.8 12.8v198.4c0 6.4 6.4 12.8 12.8 12.8zm96 0h22.4c6.4 0 12.8-6.4 12.8-12.8V204.8c0-6.4-6.4-12.8-12.8-12.8h-22.4c-6.4 0-12.8 6.4-12.8 12.8v134.4c0 6.4 6.4 12.8 12.8 12.8zM496 400H48V80c0-8.84-7.16-16-16-16H16C7.16 64 0 71.16 0 80v336c0 17.67 14.33 32 32 32h464c8.84 0 16-7.16 16-16v-16c0-8.84-7.16-16-16-16zm-387.2-48h22.4c6.4 0 12.8-6.4 12.8-12.8v-70.4c0-6.4-6.4-12.8-12.8-12.8h-22.4c-6.4 0-12.8 6.4-12.8 12.8v70.4c0 6.4 6.4 12.8 12.8 12.8z\" class=\"\"><\/path><\/svg><\/i> <img loading=\"lazy\" decoding=\"async\" width=\"16\" height=\"16\" alt=\"Loading\" src=\"https:\/\/temucotelevision.cl\/web\/wp-content\/plugins\/page-views-count\/ajax-loader-2x.gif\" border=0 \/><\/p><div class=\"pvc_clear\"><\/div>\n<p>\u00b7&nbsp;&nbsp; &nbsp;&nbsp;&nbsp;&nbsp;<em>Pese a tener hasta diez d\u00edas h\u00e1biles desde el ingreso de la solicitud para realizar el primer pago, las AFP se comprometieron a que los pagos comenzar\u00e1n, de manera gradual, a partir del jueves 17 de diciembre.<\/em><\/p>\n\n\n\n<p>\u00b7&nbsp;&nbsp; &nbsp;&nbsp;&nbsp;&nbsp;<em>Dado el contexto sanitario, los primeros 15 d\u00edas el proceso ser\u00e1 100% digital, a trav\u00e9s de las plataformas de las administradoras.<\/em><\/p>\n\n\n\n<p>Desde este jueves 10 de diciembre, los afiliados y afiliadas que deseen retirar el segundo 10% de sus fondos previsionales podr\u00e1n gestionar su solicitud a trav\u00e9s del sitio web de su AFP. Los requerimientos ser\u00e1n confirmados por las administradoras en un plazo de 4 d\u00edas h\u00e1biles, y el pago de la primera cuota del monto retirado comenzar\u00e1 en un plazo m\u00e1ximo de 10 d\u00edas h\u00e1biles desde el ingreso de la solicitud, la segunda cuota se pagar\u00e1 10 d\u00edas h\u00e1biles despu\u00e9s del primer pago. En los casos de retiros por montos menores a 35 UF, el pago se efectuar\u00e1 en una sola cuota.<\/p>\n\n\n\n<p>\u201cEs muy importante que los afiliados y afiliadas tengan claridad respecto de los plazos del segundo proceso de retiro de fondos. Es por eso, que reiteramos que las solicitudes podr\u00e1n ingresarse a partir de las 9:00 horas del jueves 10 en los sitios de cada una de las administradoras. Trabajaremos por hacer los pagos de manera anticipada desde el d\u00eda 17, entendiendo la urgencia que tiene para las personas y dentro de los 10 d\u00edas h\u00e1biles de plazo que nos entrega la ley\u201d, explica Fernando Larra\u00edn, gerente general de la Asociaci\u00f3n de AFP.<\/p>\n\n\n\n<p>\u00bfC\u00f3mo se realizar\u00e1 la solicitud? Cada afiliado deber\u00e1 ingresar el requerimiento con su RUT y n\u00famero de documento o serie (en el caso de los extranjeros sin RUT la solicitud se realiza con el NIC y la clave de AFP). En el formulario de solicitud, que ser\u00e1 muy similar al del primer proceso, el afiliado tendr\u00e1 que indicar sus datos personales, el monto solicitado (el 100% de lo aprobado por la ley o un monto menor) y declarar si es deudor de pensi\u00f3n de alimentos. Adem\u00e1s, deber\u00e1 se\u00f1alar la modalidad de pago, informando el n\u00famero de cuenta, tipo de cuenta y nombre de la entidad que la administra.<\/p>\n\n\n\n<p>Es importante se\u00f1alar que, al igual que durante el primer proceso de retiro, habr\u00e1 un a\u00f1o de plazo para tramitar el retiro de ahorros. De hecho, quienes no han solicitado el primer 10% pueden participar igualmente de esta segunda instancia, ya que se trata de dos iniciativas diferentes y el primer proceso se mantendr\u00e1 vigente hasta julio de 2021.<\/p>\n\n\n\n<p>Dado el actual contexto de pandemia, el proceso ser\u00e1 100% digital y se recomienda a las personas preferir los pagos electr\u00f3nicos. Para facilitar esta gesti\u00f3n, las administradoras han reforzado tanto sus plataformas digitales como sus canales de comunicaci\u00f3n, adem\u00e1s nuevamente toda la informaci\u00f3n clave sobre el proceso estar\u00e1 disponible en&nbsp;<a href=\"http:\/\/mi10afp.cl\/\" target=\"_blank\" rel=\"noreferrer noopener\">mi10afp.cl<\/a>.<\/p>\n\n\n\n<p>\u201cDado el actual contexto de pandemia y la necesidad de seguir cuid\u00e1ndose, insistimos en el llamado a hacer la solicitud a trav\u00e9s de las plataformas digitales, las cuales han sido reforzadas y est\u00e1n preparadas para atender a todos los afiliados y afiliadas. No es necesario ir a las sucursales\u201d, destaca Larra\u00edn.<\/p>\n\n\n\n<p><\/p>\n","protected":false},"excerpt":{"rendered":"<div class=\"pvc_clear\"><\/div>\n<p id=\"pvc_stats_16975\" class=\"pvc_stats total_only  \" data-element-id=\"16975\" style=\"\"><i class=\"pvc-stats-icon large\" aria-hidden=\"true\"><svg aria-hidden=\"true\" focusable=\"false\" data-prefix=\"far\" data-icon=\"chart-bar\" role=\"img\" xmlns=\"http:\/\/www.w3.org\/2000\/svg\" viewBox=\"0 0 512 512\" class=\"svg-inline--fa fa-chart-bar fa-w-16 fa-2x\"><path fill=\"currentColor\" d=\"M396.8 352h22.4c6.4 0 12.8-6.4 12.8-12.8V108.8c0-6.4-6.4-12.8-12.8-12.8h-22.4c-6.4 0-12.8 6.4-12.8 12.8v230.4c0 6.4 6.4 12.8 12.8 12.8zm-192 0h22.4c6.4 0 12.8-6.4 12.8-12.8V140.8c0-6.4-6.4-12.8-12.8-12.8h-22.4c-6.4 0-12.8 6.4-12.8 12.8v198.4c0 6.4 6.4 12.8 12.8 12.8zm96 0h22.4c6.4 0 12.8-6.4 12.8-12.8V204.8c0-6.4-6.4-12.8-12.8-12.8h-22.4c-6.4 0-12.8 6.4-12.8 12.8v134.4c0 6.4 6.4 12.8 12.8 12.8zM496 400H48V80c0-8.84-7.16-16-16-16H16C7.16 64 0 71.16 0 80v336c0 17.67 14.33 32 32 32h464c8.84 0 16-7.16 16-16v-16c0-8.84-7.16-16-16-16zm-387.2-48h22.4c6.4 0 12.8-6.4 12.8-12.8v-70.4c0-6.4-6.4-12.8-12.8-12.8h-22.4c-6.4 0-12.8 6.4-12.8 12.8v70.4c0 6.4 6.4 12.8 12.8 12.8z\" class=\"\"><\/path><\/svg><\/i> <img loading=\"lazy\" decoding=\"async\" width=\"16\" height=\"16\" alt=\"Loading\" src=\"https:\/\/temucotelevision.cl\/web\/wp-content\/plugins\/page-views-count\/ajax-loader-2x.gif\" border=0 \/><\/p>\n<div class=\"pvc_clear\"><\/div>\n<p>\u00b7&nbsp;&nbsp; &nbsp;&nbsp;&nbsp;&nbsp;Pese a tener hasta diez d\u00edas h\u00e1biles desde el ingreso de la solicitud para realizar el primer pago, las<\/p>\n","protected":false},"author":1,"featured_media":16976,"comment_status":"open","ping_status":"open","sticky":false,"template":"","format":"standard","meta":{"colormag_page_container_layout":"default_layout","colormag_page_sidebar_layout":"default_layout","footnotes":""},"categories":[15],"tags":[2802,1212],"class_list":["post-16975","post","type-post","status-publish","format-standard","has-post-thumbnail","hentry","category-la-araucania","tag-2802","tag-retiro"],"a3_pvc":{"activated":true,"total_views":23,"today_views":0},"_links":{"self":[{"href":"https:\/\/temucotelevision.cl\/web\/wp-json\/wp\/v2\/posts\/16975","targetHints":{"allow":["GET"]}}],"collection":[{"href":"https:\/\/temucotelevision.cl\/web\/wp-json\/wp\/v2\/posts"}],"about":[{"href":"https:\/\/temucotelevision.cl\/web\/wp-json\/wp\/v2\/types\/post"}],"author":[{"embeddable":true,"href":"https:\/\/temucotelevision.cl\/web\/wp-json\/wp\/v2\/users\/1"}],"replies":[{"embeddable":true,"href":"https:\/\/temucotelevision.cl\/web\/wp-json\/wp\/v2\/comments?post=16975"}],"version-history":[{"count":1,"href":"https:\/\/temucotelevision.cl\/web\/wp-json\/wp\/v2\/posts\/16975\/revisions"}],"predecessor-version":[{"id":16977,"href":"https:\/\/temucotelevision.cl\/web\/wp-json\/wp\/v2\/posts\/16975\/revisions\/16977"}],"wp:featuredmedia":[{"embeddable":true,"href":"https:\/\/temucotelevision.cl\/web\/wp-json\/wp\/v2\/media\/16976"}],"wp:attachment":[{"href":"https:\/\/temucotelevision.cl\/web\/wp-json\/wp\/v2\/media?parent=16975"}],"wp:term":[{"taxonomy":"category","embeddable":true,"href":"https:\/\/temucotelevision.cl\/web\/wp-json\/wp\/v2\/categories?post=16975"},{"taxonomy":"post_tag","embeddable":true,"href":"https:\/\/temucotelevision.cl\/web\/wp-json\/wp\/v2\/tags?post=16975"}],"curies":[{"name":"wp","href":"https:\/\/api.w.org\/{rel}","templated":true}]}}