{"id":16970,"date":"2020-12-08T16:46:51","date_gmt":"2020-12-08T19:46:51","guid":{"rendered":"https:\/\/temucotelevision.cl\/web\/?p=16970"},"modified":"2020-12-08T16:48:16","modified_gmt":"2020-12-08T19:48:16","slug":"director-de-senda-inaugura-primer-centro-de-tratamiento-exclusivo-de-mujeres-en-la-araucania","status":"publish","type":"post","link":"https:\/\/temucotelevision.cl\/web\/2020\/12\/08\/director-de-senda-inaugura-primer-centro-de-tratamiento-exclusivo-de-mujeres-en-la-araucania\/","title":{"rendered":"Director de Senda inaugura primer centro de tratamiento exclusivo de mujeres en La Araucan\u00eda"},"content":{"rendered":"<div class=\"pvc_clear\"><\/div><p id=\"pvc_stats_16970\" class=\"pvc_stats total_only  \" data-element-id=\"16970\" style=\"\"><i class=\"pvc-stats-icon large\" aria-hidden=\"true\"><svg aria-hidden=\"true\" focusable=\"false\" data-prefix=\"far\" data-icon=\"chart-bar\" role=\"img\" xmlns=\"http:\/\/www.w3.org\/2000\/svg\" viewBox=\"0 0 512 512\" class=\"svg-inline--fa fa-chart-bar fa-w-16 fa-2x\"><path fill=\"currentColor\" d=\"M396.8 352h22.4c6.4 0 12.8-6.4 12.8-12.8V108.8c0-6.4-6.4-12.8-12.8-12.8h-22.4c-6.4 0-12.8 6.4-12.8 12.8v230.4c0 6.4 6.4 12.8 12.8 12.8zm-192 0h22.4c6.4 0 12.8-6.4 12.8-12.8V140.8c0-6.4-6.4-12.8-12.8-12.8h-22.4c-6.4 0-12.8 6.4-12.8 12.8v198.4c0 6.4 6.4 12.8 12.8 12.8zm96 0h22.4c6.4 0 12.8-6.4 12.8-12.8V204.8c0-6.4-6.4-12.8-12.8-12.8h-22.4c-6.4 0-12.8 6.4-12.8 12.8v134.4c0 6.4 6.4 12.8 12.8 12.8zM496 400H48V80c0-8.84-7.16-16-16-16H16C7.16 64 0 71.16 0 80v336c0 17.67 14.33 32 32 32h464c8.84 0 16-7.16 16-16v-16c0-8.84-7.16-16-16-16zm-387.2-48h22.4c6.4 0 12.8-6.4 12.8-12.8v-70.4c0-6.4-6.4-12.8-12.8-12.8h-22.4c-6.4 0-12.8 6.4-12.8 12.8v70.4c0 6.4 6.4 12.8 12.8 12.8z\" class=\"\"><\/path><\/svg><\/i> <img loading=\"lazy\" decoding=\"async\" width=\"16\" height=\"16\" alt=\"Loading\" src=\"https:\/\/temucotelevision.cl\/web\/wp-content\/plugins\/page-views-count\/ajax-loader-2x.gif\" border=0 \/><\/p><div class=\"pvc_clear\"><\/div>\n<p><strong><em>El recinto atender\u00e1 mujeres de las provincias de Caut\u00edn y Malleco que deseen rehabilitarse del consumo de drogas, quienes podr\u00e1n asistir de manera ambulatoria o alojar en la modalidad residencial, seg\u00fan sea su necesidad.<\/em><\/strong><\/p>\n\n\n\n<p>Como una forma de acortar la brecha de atenci\u00f3n especializada y disminuir las principales barreras de acceso a tratamiento, el Servicio Nacional para La Prevenci\u00f3n y Rehabilitaci\u00f3n del Consumo de Drogas y Alcohol (SENDA), inaugur\u00f3 el \u00fanico Centro de Tratamiento exclusivo para mujeres en La Araucan\u00eda, lo que significa un gran avance en el proceso de rehabilitaci\u00f3n para ellas en la regi\u00f3n, teniendo una oferta especializada en mujeres.<\/p>\n\n\n\n<p>El Centro de Tratamiento \u201cLas Ra\u00edces\u201d, ubicado en la ciudad de Temuco, cuenta con una cobertura de 10 planes residenciales y 15 ambulatorios intensivos para mujeres con o sin hijos.<\/p>\n\n\n\n<p>Al respecto, el director nacional de SENDA, Carlos Charme, destac\u00f3 este centro exclusivo. \u201cCon esto estamos cerrando un largo y ansiado sue\u00f1o que ten\u00edamos para todo el pa\u00eds, seg\u00fan el mandato del presidente, Sebasti\u00e1n Pi\u00f1era, para poder entregar tratamiento a mujeres en todas las regiones. En el Centro Ra\u00edces de Temuco estamos haciendo realidad ese sue\u00f1o. La misi\u00f3n que nos convoca es el poder cambiar vidas para mejor y aqu\u00ed hay grandes profesionales que las recibir\u00e1n para apoyarlas en este proceso\u201d, se\u00f1al\u00f3.<\/p>\n\n\n\n<p><strong>Oferta en la regi\u00f3n<\/strong><\/p>\n\n\n\n<p>En materia de tratamiento y rehabilitaci\u00f3n, la regi\u00f3n cuenta con una red de centros de tratamiento con distintos niveles de especialidad y especificidad en la atenci\u00f3n, y hasta el momento,&nbsp; exist\u00edan centros de tratamiento mixtos, con cupos ambulatorios para mujeres, a diferencia del que se inaugur\u00f3 que es exclusivo de mujeres y con la opci\u00f3n residencial.<\/p>\n\n\n\n<p>En La Araucan\u00eda existe un total de 24 Centros de Tratamiento para distintos focos de usuarios: Para poblaci\u00f3n adulta, poblaci\u00f3n infantoadolescente, poblaci\u00f3n adolescente y j\u00f3venes con infracci\u00f3n a la Ley, poblaci\u00f3n adulta en conflicto con la justicia, poblaci\u00f3n adulta en situaci\u00f3n de calle y ahora un centro exclusivo para mujeres. Todo lo anterior, con una inversi\u00f3n 2020 de m\u00e1s de 1.600 millones de pesos.<\/p>\n\n\n\n<p>La directora regional de SENDA, Carolina Matamala, se\u00f1al\u00f3 que el trabajo de Senda est\u00e1 enfocado en la prevenci\u00f3n, rehabilitaci\u00f3n e integraci\u00f3n social de las personas. \u201cNuestro servicio trabaja arduamente por cambiar vidas, porque sabemos que es posible. En el 2019, solo en el programa ambulatorio infantoadolescentes, un 59% de quienes ingresaron al centro se rehabilit\u00f3, consiguiendo el alta terap\u00e9utica. Por lo mismo, nuestro inter\u00e9s ha sido que durante este a\u00f1o nuestros usuarios contin\u00faen con sus procesos terap\u00e9uticos y que, aunque se haya presentado una pandemia mundial, nada sea motivo para que su rehabilitaci\u00f3n sea interrumpida y as\u00ed lo hemos hecho. Todos&nbsp; los&nbsp; Centros de Tratamiento han seguido funcionando en la regi\u00f3n, adoptando los protocolos sanitarios necesarios para ello\u201d, destac\u00f3.<\/p>\n\n\n\n<p><\/p>\n","protected":false},"excerpt":{"rendered":"<div class=\"pvc_clear\"><\/div>\n<p id=\"pvc_stats_16970\" class=\"pvc_stats total_only  \" data-element-id=\"16970\" style=\"\"><i class=\"pvc-stats-icon large\" aria-hidden=\"true\"><svg aria-hidden=\"true\" focusable=\"false\" data-prefix=\"far\" data-icon=\"chart-bar\" role=\"img\" xmlns=\"http:\/\/www.w3.org\/2000\/svg\" viewBox=\"0 0 512 512\" class=\"svg-inline--fa fa-chart-bar fa-w-16 fa-2x\"><path fill=\"currentColor\" d=\"M396.8 352h22.4c6.4 0 12.8-6.4 12.8-12.8V108.8c0-6.4-6.4-12.8-12.8-12.8h-22.4c-6.4 0-12.8 6.4-12.8 12.8v230.4c0 6.4 6.4 12.8 12.8 12.8zm-192 0h22.4c6.4 0 12.8-6.4 12.8-12.8V140.8c0-6.4-6.4-12.8-12.8-12.8h-22.4c-6.4 0-12.8 6.4-12.8 12.8v198.4c0 6.4 6.4 12.8 12.8 12.8zm96 0h22.4c6.4 0 12.8-6.4 12.8-12.8V204.8c0-6.4-6.4-12.8-12.8-12.8h-22.4c-6.4 0-12.8 6.4-12.8 12.8v134.4c0 6.4 6.4 12.8 12.8 12.8zM496 400H48V80c0-8.84-7.16-16-16-16H16C7.16 64 0 71.16 0 80v336c0 17.67 14.33 32 32 32h464c8.84 0 16-7.16 16-16v-16c0-8.84-7.16-16-16-16zm-387.2-48h22.4c6.4 0 12.8-6.4 12.8-12.8v-70.4c0-6.4-6.4-12.8-12.8-12.8h-22.4c-6.4 0-12.8 6.4-12.8 12.8v70.4c0 6.4 6.4 12.8 12.8 12.8z\" class=\"\"><\/path><\/svg><\/i> <img loading=\"lazy\" decoding=\"async\" width=\"16\" height=\"16\" alt=\"Loading\" src=\"https:\/\/temucotelevision.cl\/web\/wp-content\/plugins\/page-views-count\/ajax-loader-2x.gif\" border=0 \/><\/p>\n<div class=\"pvc_clear\"><\/div>\n<p>El recinto atender\u00e1 mujeres de las provincias de Caut\u00edn y Malleco que deseen rehabilitarse del consumo de drogas, quienes podr\u00e1n<\/p>\n","protected":false},"author":1,"featured_media":16971,"comment_status":"open","ping_status":"open","sticky":false,"template":"","format":"standard","meta":{"colormag_page_container_layout":"default_layout","colormag_page_sidebar_layout":"default_layout","footnotes":""},"categories":[101],"tags":[77],"class_list":["post-16970","post","type-post","status-publish","format-standard","has-post-thumbnail","hentry","category-actualidad","tag-drogas"],"a3_pvc":{"activated":true,"total_views":114,"today_views":0},"_links":{"self":[{"href":"https:\/\/temucotelevision.cl\/web\/wp-json\/wp\/v2\/posts\/16970","targetHints":{"allow":["GET"]}}],"collection":[{"href":"https:\/\/temucotelevision.cl\/web\/wp-json\/wp\/v2\/posts"}],"about":[{"href":"https:\/\/temucotelevision.cl\/web\/wp-json\/wp\/v2\/types\/post"}],"author":[{"embeddable":true,"href":"https:\/\/temucotelevision.cl\/web\/wp-json\/wp\/v2\/users\/1"}],"replies":[{"embeddable":true,"href":"https:\/\/temucotelevision.cl\/web\/wp-json\/wp\/v2\/comments?post=16970"}],"version-history":[{"count":2,"href":"https:\/\/temucotelevision.cl\/web\/wp-json\/wp\/v2\/posts\/16970\/revisions"}],"predecessor-version":[{"id":16973,"href":"https:\/\/temucotelevision.cl\/web\/wp-json\/wp\/v2\/posts\/16970\/revisions\/16973"}],"wp:featuredmedia":[{"embeddable":true,"href":"https:\/\/temucotelevision.cl\/web\/wp-json\/wp\/v2\/media\/16971"}],"wp:attachment":[{"href":"https:\/\/temucotelevision.cl\/web\/wp-json\/wp\/v2\/media?parent=16970"}],"wp:term":[{"taxonomy":"category","embeddable":true,"href":"https:\/\/temucotelevision.cl\/web\/wp-json\/wp\/v2\/categories?post=16970"},{"taxonomy":"post_tag","embeddable":true,"href":"https:\/\/temucotelevision.cl\/web\/wp-json\/wp\/v2\/tags?post=16970"}],"curies":[{"name":"wp","href":"https:\/\/api.w.org\/{rel}","templated":true}]}}