{"id":16968,"date":"2020-12-08T14:48:15","date_gmt":"2020-12-08T17:48:15","guid":{"rendered":"https:\/\/temucotelevision.cl\/web\/?p=16968"},"modified":"2020-12-08T14:48:16","modified_gmt":"2020-12-08T17:48:16","slug":"diputado-celis-una-cuarentena-absoluta-por-dos-semanas-podria-controlar-el-alza-en-la-pandemia","status":"publish","type":"post","link":"https:\/\/temucotelevision.cl\/web\/2020\/12\/08\/diputado-celis-una-cuarentena-absoluta-por-dos-semanas-podria-controlar-el-alza-en-la-pandemia\/","title":{"rendered":"Diputado Celis: Una cuarentena absoluta por dos semanas podr\u00eda controlar el alza en la pandemia"},"content":{"rendered":"<div class=\"pvc_clear\"><\/div><p id=\"pvc_stats_16968\" class=\"pvc_stats total_only  \" data-element-id=\"16968\" style=\"\"><i class=\"pvc-stats-icon large\" aria-hidden=\"true\"><svg aria-hidden=\"true\" focusable=\"false\" data-prefix=\"far\" data-icon=\"chart-bar\" role=\"img\" xmlns=\"http:\/\/www.w3.org\/2000\/svg\" viewBox=\"0 0 512 512\" class=\"svg-inline--fa fa-chart-bar fa-w-16 fa-2x\"><path fill=\"currentColor\" d=\"M396.8 352h22.4c6.4 0 12.8-6.4 12.8-12.8V108.8c0-6.4-6.4-12.8-12.8-12.8h-22.4c-6.4 0-12.8 6.4-12.8 12.8v230.4c0 6.4 6.4 12.8 12.8 12.8zm-192 0h22.4c6.4 0 12.8-6.4 12.8-12.8V140.8c0-6.4-6.4-12.8-12.8-12.8h-22.4c-6.4 0-12.8 6.4-12.8 12.8v198.4c0 6.4 6.4 12.8 12.8 12.8zm96 0h22.4c6.4 0 12.8-6.4 12.8-12.8V204.8c0-6.4-6.4-12.8-12.8-12.8h-22.4c-6.4 0-12.8 6.4-12.8 12.8v134.4c0 6.4 6.4 12.8 12.8 12.8zM496 400H48V80c0-8.84-7.16-16-16-16H16C7.16 64 0 71.16 0 80v336c0 17.67 14.33 32 32 32h464c8.84 0 16-7.16 16-16v-16c0-8.84-7.16-16-16-16zm-387.2-48h22.4c6.4 0 12.8-6.4 12.8-12.8v-70.4c0-6.4-6.4-12.8-12.8-12.8h-22.4c-6.4 0-12.8 6.4-12.8 12.8v70.4c0 6.4 6.4 12.8 12.8 12.8z\" class=\"\"><\/path><\/svg><\/i> <img loading=\"lazy\" decoding=\"async\" width=\"16\" height=\"16\" alt=\"Loading\" src=\"https:\/\/temucotelevision.cl\/web\/wp-content\/plugins\/page-views-count\/ajax-loader-2x.gif\" border=0 \/><\/p><div class=\"pvc_clear\"><\/div>\n<p>Con 264 casos nuevos, 4 fallecidos y 2 comunas entrando a cuarentena total La Araucan\u00eda alcanza las cifras m\u00e1s altas en el \u00faltimo mes, lo que para el diputado Ricardo Celis no solo son malos resultados sino que implica reevaluar las medidas que se est\u00e1n tomando por la autoridad sanitaria.&nbsp;<\/p>\n\n\n\n<p>\u201cCreo que la fase 2 es una herramienta \u00fatil para manejar la pandemia, pero es tiempo de evaluar la posibilidad de una cuarentena absoluta de emergencia por dos semanas para las zonas con un aumento significativo de nuevos casos o que tengan personas activas o con capacidad de contagiar, medida que permitir\u00eda controlar los malos indicadores y que han sido sugeridas por varios expertos que han realizado modelaciones matem\u00e1ticas\u201d declar\u00f3 el parlamentario.<\/p>\n\n\n\n<p>Celis quien tambi\u00e9n es presidente de la Comisi\u00f3n de Salud de la C\u00e1mara de Diputados, agrega que deben tomarse medidas tempranas pero que a la vez sean consecuentes con una econom\u00eda familiar fr\u00e1gil: \u201cLa decisi\u00f3n del Ministro de Salud de volver a la fase 2 en la Regi\u00f3n Metropolitana parece una medida acertada toda vez que se observa la instalaci\u00f3n de un rebrote con una intensidad tan alta como la de Europa. Sin embargo, hay que evaluar muy bien si a futuro se va a encuarantenar la Regi\u00f3n Metropolitana en fase 1 por varias semanas, porque el equilibrio entre cuidados sanitarios y econom\u00eda familiar es muy fr\u00e1gil, y el Gobierno no ha colaborado en ayudar a las familias en este periodo, por tanto, una medida como esta en pleno verano en todo Santiago y otras capitales regionales del pa\u00eds parece complejo\u201d.&nbsp;<\/p>\n\n\n\n<p>El legislador alude con esto a la ayuda insuficiente otorgada a la clase media y los peque\u00f1os emprendedores, que ha obligado al Congreso a aprobar dos retiros del 10% de los ahorros previsionales de los chilenos, de los cuales el primero fue efectuado por m\u00e1s de 10 millones de personas y que pese a la resistencia del Gobierno signific\u00f3 una inyecci\u00f3n de US$ 16.992 millones de d\u00f3lares, lo que representa un 6% del PIB del a\u00f1o 2019.&nbsp;<\/p>\n\n\n\n<p>Por otra parte, el parlamentario por La Araucan\u00eda destaca con preocupaci\u00f3n la existencia de un mensaje muy d\u00e9bil por parte del Gobierno quien no presenta una coherencia entre la preocupaci\u00f3n por la pandemia y otras medidas que toma \u201cEl mensaje entregado por&nbsp; la autoridad es d\u00e9bil y la trazabiliad tambi\u00e9n y todos los efectos e indicadores actuales tienen que ver con eso, por ejemplo se abrieron las fronteras, se han autorizado viajes para adultos mayores, y ninguna medida apunta a un grupo de riesgo que se ha establecido en el aumento de la pandemia que es la poblaci\u00f3n entre los 20 y 40 a\u00f1os, quienes han roto la pandemia desde el punto de vista social y cultural, y a los cuales hay que tenerlos en consideraci\u00f3n\u201d, finaliz\u00f3.<\/p>\n","protected":false},"excerpt":{"rendered":"<div class=\"pvc_clear\"><\/div>\n<p id=\"pvc_stats_16968\" class=\"pvc_stats total_only  \" data-element-id=\"16968\" style=\"\"><i class=\"pvc-stats-icon large\" aria-hidden=\"true\"><svg aria-hidden=\"true\" focusable=\"false\" data-prefix=\"far\" data-icon=\"chart-bar\" role=\"img\" xmlns=\"http:\/\/www.w3.org\/2000\/svg\" viewBox=\"0 0 512 512\" class=\"svg-inline--fa fa-chart-bar fa-w-16 fa-2x\"><path fill=\"currentColor\" d=\"M396.8 352h22.4c6.4 0 12.8-6.4 12.8-12.8V108.8c0-6.4-6.4-12.8-12.8-12.8h-22.4c-6.4 0-12.8 6.4-12.8 12.8v230.4c0 6.4 6.4 12.8 12.8 12.8zm-192 0h22.4c6.4 0 12.8-6.4 12.8-12.8V140.8c0-6.4-6.4-12.8-12.8-12.8h-22.4c-6.4 0-12.8 6.4-12.8 12.8v198.4c0 6.4 6.4 12.8 12.8 12.8zm96 0h22.4c6.4 0 12.8-6.4 12.8-12.8V204.8c0-6.4-6.4-12.8-12.8-12.8h-22.4c-6.4 0-12.8 6.4-12.8 12.8v134.4c0 6.4 6.4 12.8 12.8 12.8zM496 400H48V80c0-8.84-7.16-16-16-16H16C7.16 64 0 71.16 0 80v336c0 17.67 14.33 32 32 32h464c8.84 0 16-7.16 16-16v-16c0-8.84-7.16-16-16-16zm-387.2-48h22.4c6.4 0 12.8-6.4 12.8-12.8v-70.4c0-6.4-6.4-12.8-12.8-12.8h-22.4c-6.4 0-12.8 6.4-12.8 12.8v70.4c0 6.4 6.4 12.8 12.8 12.8z\" class=\"\"><\/path><\/svg><\/i> <img loading=\"lazy\" decoding=\"async\" width=\"16\" height=\"16\" alt=\"Loading\" src=\"https:\/\/temucotelevision.cl\/web\/wp-content\/plugins\/page-views-count\/ajax-loader-2x.gif\" border=0 \/><\/p>\n<div class=\"pvc_clear\"><\/div>\n<p>Con 264 casos nuevos, 4 fallecidos y 2 comunas entrando a cuarentena total La Araucan\u00eda alcanza las cifras m\u00e1s altas<\/p>\n","protected":false},"author":1,"featured_media":12151,"comment_status":"open","ping_status":"open","sticky":false,"template":"","format":"standard","meta":{"colormag_page_container_layout":"default_layout","colormag_page_sidebar_layout":"default_layout","footnotes":""},"categories":[84],"tags":[2322,3291,2312],"class_list":["post-16968","post","type-post","status-publish","format-standard","has-post-thumbnail","hentry","category-politica","tag-cuarentena","tag-diputado-celis","tag-pandemia"],"a3_pvc":{"activated":true,"total_views":33,"today_views":0},"_links":{"self":[{"href":"https:\/\/temucotelevision.cl\/web\/wp-json\/wp\/v2\/posts\/16968","targetHints":{"allow":["GET"]}}],"collection":[{"href":"https:\/\/temucotelevision.cl\/web\/wp-json\/wp\/v2\/posts"}],"about":[{"href":"https:\/\/temucotelevision.cl\/web\/wp-json\/wp\/v2\/types\/post"}],"author":[{"embeddable":true,"href":"https:\/\/temucotelevision.cl\/web\/wp-json\/wp\/v2\/users\/1"}],"replies":[{"embeddable":true,"href":"https:\/\/temucotelevision.cl\/web\/wp-json\/wp\/v2\/comments?post=16968"}],"version-history":[{"count":1,"href":"https:\/\/temucotelevision.cl\/web\/wp-json\/wp\/v2\/posts\/16968\/revisions"}],"predecessor-version":[{"id":16969,"href":"https:\/\/temucotelevision.cl\/web\/wp-json\/wp\/v2\/posts\/16968\/revisions\/16969"}],"wp:featuredmedia":[{"embeddable":true,"href":"https:\/\/temucotelevision.cl\/web\/wp-json\/wp\/v2\/media\/12151"}],"wp:attachment":[{"href":"https:\/\/temucotelevision.cl\/web\/wp-json\/wp\/v2\/media?parent=16968"}],"wp:term":[{"taxonomy":"category","embeddable":true,"href":"https:\/\/temucotelevision.cl\/web\/wp-json\/wp\/v2\/categories?post=16968"},{"taxonomy":"post_tag","embeddable":true,"href":"https:\/\/temucotelevision.cl\/web\/wp-json\/wp\/v2\/tags?post=16968"}],"curies":[{"name":"wp","href":"https:\/\/api.w.org\/{rel}","templated":true}]}}