{"id":16966,"date":"2020-12-08T14:42:33","date_gmt":"2020-12-08T17:42:33","guid":{"rendered":"https:\/\/temucotelevision.cl\/web\/?p=16966"},"modified":"2020-12-08T14:42:36","modified_gmt":"2020-12-08T17:42:36","slug":"senadora-aravena-pide-equipos-medicos-para-aumentar-capacidad-de-camas-criticas-en-la-araucania%ef%bb%bf","status":"publish","type":"post","link":"https:\/\/temucotelevision.cl\/web\/2020\/12\/08\/senadora-aravena-pide-equipos-medicos-para-aumentar-capacidad-de-camas-criticas-en-la-araucania%ef%bb%bf\/","title":{"rendered":"Senadora Aravena pide equipos m\u00e9dicos para aumentar capacidad de camas cr\u00edticas en La Araucan\u00eda\ufeff"},"content":{"rendered":"<div class=\"pvc_clear\"><\/div><p id=\"pvc_stats_16966\" class=\"pvc_stats total_only  \" data-element-id=\"16966\" style=\"\"><i class=\"pvc-stats-icon large\" aria-hidden=\"true\"><svg aria-hidden=\"true\" focusable=\"false\" data-prefix=\"far\" data-icon=\"chart-bar\" role=\"img\" xmlns=\"http:\/\/www.w3.org\/2000\/svg\" viewBox=\"0 0 512 512\" class=\"svg-inline--fa fa-chart-bar fa-w-16 fa-2x\"><path fill=\"currentColor\" d=\"M396.8 352h22.4c6.4 0 12.8-6.4 12.8-12.8V108.8c0-6.4-6.4-12.8-12.8-12.8h-22.4c-6.4 0-12.8 6.4-12.8 12.8v230.4c0 6.4 6.4 12.8 12.8 12.8zm-192 0h22.4c6.4 0 12.8-6.4 12.8-12.8V140.8c0-6.4-6.4-12.8-12.8-12.8h-22.4c-6.4 0-12.8 6.4-12.8 12.8v198.4c0 6.4 6.4 12.8 12.8 12.8zm96 0h22.4c6.4 0 12.8-6.4 12.8-12.8V204.8c0-6.4-6.4-12.8-12.8-12.8h-22.4c-6.4 0-12.8 6.4-12.8 12.8v134.4c0 6.4 6.4 12.8 12.8 12.8zM496 400H48V80c0-8.84-7.16-16-16-16H16C7.16 64 0 71.16 0 80v336c0 17.67 14.33 32 32 32h464c8.84 0 16-7.16 16-16v-16c0-8.84-7.16-16-16-16zm-387.2-48h22.4c6.4 0 12.8-6.4 12.8-12.8v-70.4c0-6.4-6.4-12.8-12.8-12.8h-22.4c-6.4 0-12.8 6.4-12.8 12.8v70.4c0 6.4 6.4 12.8 12.8 12.8z\" class=\"\"><\/path><\/svg><\/i> <img loading=\"lazy\" decoding=\"async\" width=\"16\" height=\"16\" alt=\"Loading\" src=\"https:\/\/temucotelevision.cl\/web\/wp-content\/plugins\/page-views-count\/ajax-loader-2x.gif\" border=0 \/><\/p><div class=\"pvc_clear\"><\/div>\n<p><em>&nbsp;La parlamentaria indic\u00f3 que existe el equipamiento para contar con 12 camas cr\u00edticas m\u00e1s, pero que falta el personal especializado para el tratamiento de pacientes Covid-19.<\/em><\/p>\n\n\n\n<p>Ante la grave situaci\u00f3n sanitaria que ya desde hace algunas semanas enfrenta La Araucan\u00eda, con una positividad que ha alcanzado hasta un 12% los \u00faltimos d\u00edas, una de la m\u00e1s alta a nivel nacional, la senadora (independiente pro RN), Carmen Gloria Aravena, solicit\u00f3 al Ministerio de Salud aumentar los equipos m\u00e9dicos para la implementaci\u00f3n de una mayor cantidad de camas cr\u00edticas en la regi\u00f3n.<\/p>\n\n\n\n<p>La parlamentaria explic\u00f3 que la disponibilidad de camas, para el tratamiento de pacientes Covid-19, est\u00e1 en un punto cr\u00edtico, por lo que se requiere con urgencia poder implementar nuevas camas y contar con una mayor cantidad de personal especializado para las Unidades de Pacientes Cr\u00edticos de la Red Hospitalaria.<\/p>\n\n\n\n<p>\u201cLa situaci\u00f3n sanitaria en nuestra regi\u00f3n es extremadamente compleja, vemos un eventual colapso en la red hospitalaria dentro de los pr\u00f3ximos d\u00edas. Estamos en conocimiento de que existe en la regi\u00f3n el equipamiento necesario para poder habilitar 12 camas cr\u00edticas m\u00e1s para el tratamiento de pacientes Covid, por lo que solicitamos al Ministerio de Salud que eval\u00fae con urgencia la implementaci\u00f3n de estas camas y tambi\u00e9n el traslado de equipos m\u00e9dicos especializados para las Unidades de Pacientes Cr\u00edticos\u201d, sostuvo Aravena.<\/p>\n\n\n\n<p>Por su parte, la consejera regional Gilda Mendoza, presidenta de la comisi\u00f3n de salud del Consejo Regional, se\u00f1al\u00f3 que: \u201cHemos&nbsp;&nbsp;solicitado a nuestro gobierno env\u00eden con car\u00e1cter de urgencia recurso humano para poder abrir una nueva Unidad de Paciente Cr\u00edtico en nuestro hospital de Temuco\u201d.<\/p>\n\n\n\n<p>De acuerdo a los dos \u00faltimos informes del Minsal, La Araucan\u00eda ha superado el 10% de positividad. Este martes se registr\u00f3 un total de 149 casos y el d\u00eda lunes 7 de diciembre se confirmaron 264 casos positivos, con un 12,1% de positividad respecto a los 2.170 ex\u00e1menes PCR realizados.&nbsp;<\/p>\n\n\n\n<p>Cabe se\u00f1alar que de la totalidad de casos en La Araucan\u00eda, 185 pacientes se encuentran hospitalizados, de \u00e9stos, 59 personas est\u00e1n en Unidades de Paciente Cr\u00edtico (UTI 14 \u2013 UCI 45) y 40 de ellos conectados a ventilador mec\u00e1nico.<\/p>\n","protected":false},"excerpt":{"rendered":"<div class=\"pvc_clear\"><\/div>\n<p id=\"pvc_stats_16966\" class=\"pvc_stats total_only  \" data-element-id=\"16966\" style=\"\"><i class=\"pvc-stats-icon large\" aria-hidden=\"true\"><svg aria-hidden=\"true\" focusable=\"false\" data-prefix=\"far\" data-icon=\"chart-bar\" role=\"img\" xmlns=\"http:\/\/www.w3.org\/2000\/svg\" viewBox=\"0 0 512 512\" class=\"svg-inline--fa fa-chart-bar fa-w-16 fa-2x\"><path fill=\"currentColor\" d=\"M396.8 352h22.4c6.4 0 12.8-6.4 12.8-12.8V108.8c0-6.4-6.4-12.8-12.8-12.8h-22.4c-6.4 0-12.8 6.4-12.8 12.8v230.4c0 6.4 6.4 12.8 12.8 12.8zm-192 0h22.4c6.4 0 12.8-6.4 12.8-12.8V140.8c0-6.4-6.4-12.8-12.8-12.8h-22.4c-6.4 0-12.8 6.4-12.8 12.8v198.4c0 6.4 6.4 12.8 12.8 12.8zm96 0h22.4c6.4 0 12.8-6.4 12.8-12.8V204.8c0-6.4-6.4-12.8-12.8-12.8h-22.4c-6.4 0-12.8 6.4-12.8 12.8v134.4c0 6.4 6.4 12.8 12.8 12.8zM496 400H48V80c0-8.84-7.16-16-16-16H16C7.16 64 0 71.16 0 80v336c0 17.67 14.33 32 32 32h464c8.84 0 16-7.16 16-16v-16c0-8.84-7.16-16-16-16zm-387.2-48h22.4c6.4 0 12.8-6.4 12.8-12.8v-70.4c0-6.4-6.4-12.8-12.8-12.8h-22.4c-6.4 0-12.8 6.4-12.8 12.8v70.4c0 6.4 6.4 12.8 12.8 12.8z\" class=\"\"><\/path><\/svg><\/i> <img loading=\"lazy\" decoding=\"async\" width=\"16\" height=\"16\" alt=\"Loading\" src=\"https:\/\/temucotelevision.cl\/web\/wp-content\/plugins\/page-views-count\/ajax-loader-2x.gif\" border=0 \/><\/p>\n<div class=\"pvc_clear\"><\/div>\n<p>&nbsp;La parlamentaria indic\u00f3 que existe el equipamiento para contar con 12 camas cr\u00edticas m\u00e1s, pero que falta el personal especializado<\/p>\n","protected":false},"author":1,"featured_media":14227,"comment_status":"open","ping_status":"open","sticky":false,"template":"","format":"standard","meta":{"colormag_page_container_layout":"default_layout","colormag_page_sidebar_layout":"default_layout","footnotes":""},"categories":[15,16],"tags":[128,2065],"class_list":["post-16966","post","type-post","status-publish","format-standard","has-post-thumbnail","hentry","category-la-araucania","category-policial","tag-hospital","tag-senadora"],"a3_pvc":{"activated":true,"total_views":16,"today_views":0},"_links":{"self":[{"href":"https:\/\/temucotelevision.cl\/web\/wp-json\/wp\/v2\/posts\/16966","targetHints":{"allow":["GET"]}}],"collection":[{"href":"https:\/\/temucotelevision.cl\/web\/wp-json\/wp\/v2\/posts"}],"about":[{"href":"https:\/\/temucotelevision.cl\/web\/wp-json\/wp\/v2\/types\/post"}],"author":[{"embeddable":true,"href":"https:\/\/temucotelevision.cl\/web\/wp-json\/wp\/v2\/users\/1"}],"replies":[{"embeddable":true,"href":"https:\/\/temucotelevision.cl\/web\/wp-json\/wp\/v2\/comments?post=16966"}],"version-history":[{"count":1,"href":"https:\/\/temucotelevision.cl\/web\/wp-json\/wp\/v2\/posts\/16966\/revisions"}],"predecessor-version":[{"id":16967,"href":"https:\/\/temucotelevision.cl\/web\/wp-json\/wp\/v2\/posts\/16966\/revisions\/16967"}],"wp:featuredmedia":[{"embeddable":true,"href":"https:\/\/temucotelevision.cl\/web\/wp-json\/wp\/v2\/media\/14227"}],"wp:attachment":[{"href":"https:\/\/temucotelevision.cl\/web\/wp-json\/wp\/v2\/media?parent=16966"}],"wp:term":[{"taxonomy":"category","embeddable":true,"href":"https:\/\/temucotelevision.cl\/web\/wp-json\/wp\/v2\/categories?post=16966"},{"taxonomy":"post_tag","embeddable":true,"href":"https:\/\/temucotelevision.cl\/web\/wp-json\/wp\/v2\/tags?post=16966"}],"curies":[{"name":"wp","href":"https:\/\/api.w.org\/{rel}","templated":true}]}}