{"id":16963,"date":"2020-12-08T14:33:44","date_gmt":"2020-12-08T17:33:44","guid":{"rendered":"https:\/\/temucotelevision.cl\/web\/?p=16963"},"modified":"2020-12-08T14:33:47","modified_gmt":"2020-12-08T17:33:47","slug":"eclipse-2020-autoridades-refuerzan-controles-en-terminales-de-buses-para-evitar-contagios-de-covid-19","status":"publish","type":"post","link":"https:\/\/temucotelevision.cl\/web\/2020\/12\/08\/eclipse-2020-autoridades-refuerzan-controles-en-terminales-de-buses-para-evitar-contagios-de-covid-19\/","title":{"rendered":"Eclipse 2020: Autoridades refuerzan controles en terminales de buses para evitar contagios de Covid-19"},"content":{"rendered":"<div class=\"pvc_clear\"><\/div><p id=\"pvc_stats_16963\" class=\"pvc_stats total_only  \" data-element-id=\"16963\" style=\"\"><i class=\"pvc-stats-icon large\" aria-hidden=\"true\"><svg aria-hidden=\"true\" focusable=\"false\" data-prefix=\"far\" data-icon=\"chart-bar\" role=\"img\" xmlns=\"http:\/\/www.w3.org\/2000\/svg\" viewBox=\"0 0 512 512\" class=\"svg-inline--fa fa-chart-bar fa-w-16 fa-2x\"><path fill=\"currentColor\" d=\"M396.8 352h22.4c6.4 0 12.8-6.4 12.8-12.8V108.8c0-6.4-6.4-12.8-12.8-12.8h-22.4c-6.4 0-12.8 6.4-12.8 12.8v230.4c0 6.4 6.4 12.8 12.8 12.8zm-192 0h22.4c6.4 0 12.8-6.4 12.8-12.8V140.8c0-6.4-6.4-12.8-12.8-12.8h-22.4c-6.4 0-12.8 6.4-12.8 12.8v198.4c0 6.4 6.4 12.8 12.8 12.8zm96 0h22.4c6.4 0 12.8-6.4 12.8-12.8V204.8c0-6.4-6.4-12.8-12.8-12.8h-22.4c-6.4 0-12.8 6.4-12.8 12.8v134.4c0 6.4 6.4 12.8 12.8 12.8zM496 400H48V80c0-8.84-7.16-16-16-16H16C7.16 64 0 71.16 0 80v336c0 17.67 14.33 32 32 32h464c8.84 0 16-7.16 16-16v-16c0-8.84-7.16-16-16-16zm-387.2-48h22.4c6.4 0 12.8-6.4 12.8-12.8v-70.4c0-6.4-6.4-12.8-12.8-12.8h-22.4c-6.4 0-12.8 6.4-12.8 12.8v70.4c0 6.4 6.4 12.8 12.8 12.8z\" class=\"\"><\/path><\/svg><\/i> <img loading=\"lazy\" decoding=\"async\" width=\"16\" height=\"16\" alt=\"Loading\" src=\"https:\/\/temucotelevision.cl\/web\/wp-content\/plugins\/page-views-count\/ajax-loader-2x.gif\" border=0 \/><\/p><div class=\"pvc_clear\"><\/div>\n<p>Polic\u00edas junto a fiscalizadores sanitarios y de transportes, se desplegaron en un operativo multifoco, encabezado por el gobernador de Caut\u00edn, Richard Caifal.<\/p>\n\n\n\n<p>A una semana del Eclipse, la autoridad provincial inform\u00f3 que el Gobierno est\u00e1 trabajando intersectorialmente para asegurar la salud de la ciudadan\u00eda, con especial cuidado en lugares de alto flujo como el Rodoviario de Temuco y otros terminales comunales.<\/p>\n\n\n\n<p>En ese sentido, el gobernador se\u00f1al\u00f3 \u201ccontinuaremos con las fiscalizaciones para evitar aglomeraciones y m\u00e1s contagios por coronavirus. Hemos realizado un trabajo coordinado junto a Carabineros, la PDI, personal militar, Salud y Transportes\u201d.<\/p>\n\n\n\n<p>En la misma l\u00ednea, la seremi de Salud, Gloria Rodr\u00edguez detall\u00f3 \u201cse est\u00e1n realizando fiscalizaciones en todos los terminales de buses, normalmente a los buses que salen, pero en \u00e9poca previa al Eclipse, tambi\u00e9n se est\u00e1 fiscalizando a todos los buses que llegan para asegurarnos que no vengan personas con riesgo de contagio de Covid\u201d. <\/p>\n\n\n\n<p>\u201cEs por esta raz\u00f3n, que se exige el Pasaporte Sanitario a todos los pasajeros que lleguen, y que desciendan de un bus interregional o interprovincial\u201d. La autoridad de Salud, explic\u00f3 \u201cel pasaporte sanitario es un documento que se obtiene en la p\u00e1gina web www.c19.cl\u201d.<\/p>\n\n\n\n<p>Entre los aspectos a fiscalizar por la Seremi de Transportes en buses interurbanos, destacan la revisi\u00f3n de las condiciones t\u00e9cnicas, y se seguridad, como el estado de parabrisas, neum\u00e1ticos y el dispositivo de velocidad. Adem\u00e1s, se fiscaliza la documentaci\u00f3n como permisos de circulaci\u00f3n, licencias, revisi\u00f3n t\u00e9cnica y tambi\u00e9n el estado de cinturones de seguridad.<\/p>\n\n\n\n<p>Para este fin de semana, el gobernador Richard Caifal inform\u00f3 que reforzar\u00e1n el control en distintos puntos de la regi\u00f3n, \u201cespecialmente en terminales de buses urbanos y rurales; en la Ruta 5 Sur y tambi\u00e9n en rutas internas que conectan hacia la zona lacustre y hacia la zona costera, debido a que ambas tendr\u00e1n la mejor visibilidad para el ver Eclipse\u201d.<\/p>\n\n\n\n<p>En atenci\u00f3n al fen\u00f3meno astron\u00f3mico que podr\u00e1 verse el pr\u00f3ximo lunes 14 de diciembre, el capit\u00e1n Jorge Latorre, comisario (s) de la Segunda Comisar\u00eda de Temuco, precis\u00f3 \u201chemos incrementado considerablemente nuestros servicios, apuntando a la gente que va a desplazarse a la zona lacustre\u201d.<\/p>\n\n\n\n<p>En relaci\u00f3n al aumento de los controles vehiculares en terminales de buses y principales rutas de acceso, el capit\u00e1n sostuvo \u201cestos controles van a ir incrementando y ser\u00e1n apoyados por personal de la Seremi de Salud y de la Seremi de Transportes, para evitar el ingreso de droga a la zona lacustre\u201d. <\/p>\n\n\n\n<p>Para ello, \u201cel OS7 cuenta con el apoyo de canes que han participado en distintos procedimientos policiales de incautaci\u00f3n de drogas y armamento\u201d, agreg\u00f3 el comisario Latorre.<\/p>\n","protected":false},"excerpt":{"rendered":"<div class=\"pvc_clear\"><\/div>\n<p id=\"pvc_stats_16963\" class=\"pvc_stats total_only  \" data-element-id=\"16963\" style=\"\"><i class=\"pvc-stats-icon large\" aria-hidden=\"true\"><svg aria-hidden=\"true\" focusable=\"false\" data-prefix=\"far\" data-icon=\"chart-bar\" role=\"img\" xmlns=\"http:\/\/www.w3.org\/2000\/svg\" viewBox=\"0 0 512 512\" class=\"svg-inline--fa fa-chart-bar fa-w-16 fa-2x\"><path fill=\"currentColor\" d=\"M396.8 352h22.4c6.4 0 12.8-6.4 12.8-12.8V108.8c0-6.4-6.4-12.8-12.8-12.8h-22.4c-6.4 0-12.8 6.4-12.8 12.8v230.4c0 6.4 6.4 12.8 12.8 12.8zm-192 0h22.4c6.4 0 12.8-6.4 12.8-12.8V140.8c0-6.4-6.4-12.8-12.8-12.8h-22.4c-6.4 0-12.8 6.4-12.8 12.8v198.4c0 6.4 6.4 12.8 12.8 12.8zm96 0h22.4c6.4 0 12.8-6.4 12.8-12.8V204.8c0-6.4-6.4-12.8-12.8-12.8h-22.4c-6.4 0-12.8 6.4-12.8 12.8v134.4c0 6.4 6.4 12.8 12.8 12.8zM496 400H48V80c0-8.84-7.16-16-16-16H16C7.16 64 0 71.16 0 80v336c0 17.67 14.33 32 32 32h464c8.84 0 16-7.16 16-16v-16c0-8.84-7.16-16-16-16zm-387.2-48h22.4c6.4 0 12.8-6.4 12.8-12.8v-70.4c0-6.4-6.4-12.8-12.8-12.8h-22.4c-6.4 0-12.8 6.4-12.8 12.8v70.4c0 6.4 6.4 12.8 12.8 12.8z\" class=\"\"><\/path><\/svg><\/i> <img loading=\"lazy\" decoding=\"async\" width=\"16\" height=\"16\" alt=\"Loading\" src=\"https:\/\/temucotelevision.cl\/web\/wp-content\/plugins\/page-views-count\/ajax-loader-2x.gif\" border=0 \/><\/p>\n<div class=\"pvc_clear\"><\/div>\n<p>Polic\u00edas junto a fiscalizadores sanitarios y de transportes, se desplegaron en un operativo multifoco, encabezado por el gobernador de Caut\u00edn,<\/p>\n","protected":false},"author":1,"featured_media":16964,"comment_status":"open","ping_status":"open","sticky":false,"template":"","format":"standard","meta":{"colormag_page_container_layout":"default_layout","colormag_page_sidebar_layout":"default_layout","footnotes":""},"categories":[15],"tags":[622],"class_list":["post-16963","post","type-post","status-publish","format-standard","has-post-thumbnail","hentry","category-la-araucania","tag-eclipse"],"a3_pvc":{"activated":true,"total_views":29,"today_views":0},"_links":{"self":[{"href":"https:\/\/temucotelevision.cl\/web\/wp-json\/wp\/v2\/posts\/16963","targetHints":{"allow":["GET"]}}],"collection":[{"href":"https:\/\/temucotelevision.cl\/web\/wp-json\/wp\/v2\/posts"}],"about":[{"href":"https:\/\/temucotelevision.cl\/web\/wp-json\/wp\/v2\/types\/post"}],"author":[{"embeddable":true,"href":"https:\/\/temucotelevision.cl\/web\/wp-json\/wp\/v2\/users\/1"}],"replies":[{"embeddable":true,"href":"https:\/\/temucotelevision.cl\/web\/wp-json\/wp\/v2\/comments?post=16963"}],"version-history":[{"count":1,"href":"https:\/\/temucotelevision.cl\/web\/wp-json\/wp\/v2\/posts\/16963\/revisions"}],"predecessor-version":[{"id":16965,"href":"https:\/\/temucotelevision.cl\/web\/wp-json\/wp\/v2\/posts\/16963\/revisions\/16965"}],"wp:featuredmedia":[{"embeddable":true,"href":"https:\/\/temucotelevision.cl\/web\/wp-json\/wp\/v2\/media\/16964"}],"wp:attachment":[{"href":"https:\/\/temucotelevision.cl\/web\/wp-json\/wp\/v2\/media?parent=16963"}],"wp:term":[{"taxonomy":"category","embeddable":true,"href":"https:\/\/temucotelevision.cl\/web\/wp-json\/wp\/v2\/categories?post=16963"},{"taxonomy":"post_tag","embeddable":true,"href":"https:\/\/temucotelevision.cl\/web\/wp-json\/wp\/v2\/tags?post=16963"}],"curies":[{"name":"wp","href":"https:\/\/api.w.org\/{rel}","templated":true}]}}