{"id":16960,"date":"2020-12-08T14:28:52","date_gmt":"2020-12-08T17:28:52","guid":{"rendered":"https:\/\/temucotelevision.cl\/web\/?p=16960"},"modified":"2020-12-08T14:28:56","modified_gmt":"2020-12-08T17:28:56","slug":"segunda-compania-de-bomberos-de-temuco-puso-en-servicio-nuevo-modelo-de-casco-de-trabajo-tipo-americano","status":"publish","type":"post","link":"https:\/\/temucotelevision.cl\/web\/2020\/12\/08\/segunda-compania-de-bomberos-de-temuco-puso-en-servicio-nuevo-modelo-de-casco-de-trabajo-tipo-americano\/","title":{"rendered":"Segunda Compa\u00f1\u00eda de Bomberos de Temuco puso en servicio nuevo modelo de casco de trabajo tipo americano"},"content":{"rendered":"<div class=\"pvc_clear\"><\/div><p id=\"pvc_stats_16960\" class=\"pvc_stats total_only  \" data-element-id=\"16960\" style=\"\"><i class=\"pvc-stats-icon large\" aria-hidden=\"true\"><svg aria-hidden=\"true\" focusable=\"false\" data-prefix=\"far\" data-icon=\"chart-bar\" role=\"img\" xmlns=\"http:\/\/www.w3.org\/2000\/svg\" viewBox=\"0 0 512 512\" class=\"svg-inline--fa fa-chart-bar fa-w-16 fa-2x\"><path fill=\"currentColor\" d=\"M396.8 352h22.4c6.4 0 12.8-6.4 12.8-12.8V108.8c0-6.4-6.4-12.8-12.8-12.8h-22.4c-6.4 0-12.8 6.4-12.8 12.8v230.4c0 6.4 6.4 12.8 12.8 12.8zm-192 0h22.4c6.4 0 12.8-6.4 12.8-12.8V140.8c0-6.4-6.4-12.8-12.8-12.8h-22.4c-6.4 0-12.8 6.4-12.8 12.8v198.4c0 6.4 6.4 12.8 12.8 12.8zm96 0h22.4c6.4 0 12.8-6.4 12.8-12.8V204.8c0-6.4-6.4-12.8-12.8-12.8h-22.4c-6.4 0-12.8 6.4-12.8 12.8v134.4c0 6.4 6.4 12.8 12.8 12.8zM496 400H48V80c0-8.84-7.16-16-16-16H16C7.16 64 0 71.16 0 80v336c0 17.67 14.33 32 32 32h464c8.84 0 16-7.16 16-16v-16c0-8.84-7.16-16-16-16zm-387.2-48h22.4c6.4 0 12.8-6.4 12.8-12.8v-70.4c0-6.4-6.4-12.8-12.8-12.8h-22.4c-6.4 0-12.8 6.4-12.8 12.8v70.4c0 6.4 6.4 12.8 12.8 12.8z\" class=\"\"><\/path><\/svg><\/i> <img loading=\"lazy\" decoding=\"async\" width=\"16\" height=\"16\" alt=\"Loading\" src=\"https:\/\/temucotelevision.cl\/web\/wp-content\/plugins\/page-views-count\/ajax-loader-2x.gif\" border=0 \/><\/p><div class=\"pvc_clear\"><\/div>\n<p>Un nuevo hito se escribi\u00f3 este fin de semana en la historia de la Segunda Compa\u00f1\u00eda de Bomberos de Temuco, luego que se invirtieran cerca de $17 millones, en su mayor\u00eda obtenidos gracias a la colaboraci\u00f3n de la ciudadan\u00eda a trav\u00e9s de la venta de tarjetas de bingos y rifas,&nbsp; para adquirir 61 casos de trabajo del tipo americano, marca MSA modelo 1044.<\/p>\n\n\n\n<p>H\u00e9ctor Basualto, director de esta unidad bomberil cuyo cuartel se ubica en calle Bulnes, a pasos del cerro \u00d1ielol y que tiene como especialidad -junto al combate de incendios- el control de emergencias con sustancias peligrosas, explic\u00f3 que era necesario aumentar los niveles de protecci\u00f3n de los voluntarios y por ello se decidi\u00f3 efectuar esta inversi\u00f3n.<\/p>\n\n\n\n<p>\u201cNos atrevimos porque este a\u00f1o, producto de la pandemia del covid-19, pudimos ahorrar en una serie de gastos que se deben efectuar durante un a\u00f1o normal, entre ellos porque no efectuamos la sesi\u00f3n solemne con motivo de la celebraci\u00f3n de los 120 a\u00f1os de existencia de la Segunda Compa\u00f1\u00eda y tampoco se realiz\u00f3 la tradicional cena de aniversario; a eso agregamos dineros reunidos a trav\u00e9s del pago de nuestras cuotas sociales\u201d, a\u00f1adi\u00f3.<\/p>\n\n\n\n<p>Basualto destac\u00f3 que el Cuerpo de Bomberos de Temuco aport\u00f3 con dos millones de pesos para esta adquisici\u00f3n y tambi\u00e9n se obtuvieron fondos a trav\u00e9s de la venta de los antiguos cascos que utilizaba la compa\u00f1\u00eda, y otra gran parte se reuni\u00f3 gracias a la colaboraci\u00f3n que efect\u00faa la propia comunidad a trav\u00e9s de la compra de n\u00fameros de rifas o bingos.<\/p>\n\n\n\n<p>\u201cEs necesario que la gente sepa que los bomberos cuidamos mucho nuestro dinero. Sabemos lo dif\u00edcil que es para todos los voluntarios reunir recursos y cuando los tenemos, se invierten de la mejor manera posible. Hace muy pocos a\u00f1os adquirimos un carro en Estados Unidos, totalmente con fondos propios de la Segunda Compa\u00f1\u00eda, sin proyectos de Gobierno, solamente con dineros reunidos a trav\u00e9s de beneficios realizados por los propios segundinos y la importante colaboraci\u00f3n econ\u00f3mica de la comunidad\u201d, subray\u00f3.<\/p>\n\n\n\n<p>Finalmente, el director manifest\u00f3 que estos cascos deber\u00e1n durar al menos entre 10 a 15 a\u00f1os.<\/p>\n\n\n\n<p><strong>EVOLUCI\u00d3N<\/strong><\/p>\n\n\n\n<p>El capit\u00e1n de la Segunda Compa\u00f1\u00eda, Carlos Ram\u00edrez, record\u00f3 que inicialmente, cuando fue fundada en el a\u00f1o 1900 y hasta 1935, los voluntarios utilizaron un casco de tipo romano.<\/p>\n\n\n\n<p>En 1935 se cambi\u00f3 por el modelo ingl\u00e9s, el que estuvo activo hasta 1949 y ese a\u00f1o se introdujo el casco tipo americano, que se caracteriza por poseer un ala ancha en la parte trasera, el que se mantuvo hasta el a\u00f1o 1996, cuando se adquirieron los entonces modernos \u201cPhoenix 660\u201d y tambi\u00e9n se a\u00f1adieron los marca Bullard que son similares.<\/p>\n\n\n\n<p>En 2012 se comenz\u00f3 a utilizar el modelo europeo F1 y que ahora dio paso a los nuevos equipos de tipo americano.<\/p>\n\n\n\n<p>El oficial lament\u00f3 no poder realizar una entrega presencial junto a la tradicional celebraci\u00f3n con la participaci\u00f3n de autoridades, invitados especiales y la totalidad de los miembros de la Segunda Compa\u00f1\u00eda, tal como se hace cuando se alcanza una meta relevante, lo que no fue posible producto de las restricciones sanitarias que deben ser observadas a causa de la pandemia, pero confirm\u00f3 que estos nuevos cascos entraron en servicio desde este s\u00e1bado 5 de diciembre y ser\u00e1n utilizados para enfrentar todas las emergencias a las que concurre el personal segundino.<\/p>\n","protected":false},"excerpt":{"rendered":"<div class=\"pvc_clear\"><\/div>\n<p id=\"pvc_stats_16960\" class=\"pvc_stats total_only  \" data-element-id=\"16960\" style=\"\"><i class=\"pvc-stats-icon large\" aria-hidden=\"true\"><svg aria-hidden=\"true\" focusable=\"false\" data-prefix=\"far\" data-icon=\"chart-bar\" role=\"img\" xmlns=\"http:\/\/www.w3.org\/2000\/svg\" viewBox=\"0 0 512 512\" class=\"svg-inline--fa fa-chart-bar fa-w-16 fa-2x\"><path fill=\"currentColor\" d=\"M396.8 352h22.4c6.4 0 12.8-6.4 12.8-12.8V108.8c0-6.4-6.4-12.8-12.8-12.8h-22.4c-6.4 0-12.8 6.4-12.8 12.8v230.4c0 6.4 6.4 12.8 12.8 12.8zm-192 0h22.4c6.4 0 12.8-6.4 12.8-12.8V140.8c0-6.4-6.4-12.8-12.8-12.8h-22.4c-6.4 0-12.8 6.4-12.8 12.8v198.4c0 6.4 6.4 12.8 12.8 12.8zm96 0h22.4c6.4 0 12.8-6.4 12.8-12.8V204.8c0-6.4-6.4-12.8-12.8-12.8h-22.4c-6.4 0-12.8 6.4-12.8 12.8v134.4c0 6.4 6.4 12.8 12.8 12.8zM496 400H48V80c0-8.84-7.16-16-16-16H16C7.16 64 0 71.16 0 80v336c0 17.67 14.33 32 32 32h464c8.84 0 16-7.16 16-16v-16c0-8.84-7.16-16-16-16zm-387.2-48h22.4c6.4 0 12.8-6.4 12.8-12.8v-70.4c0-6.4-6.4-12.8-12.8-12.8h-22.4c-6.4 0-12.8 6.4-12.8 12.8v70.4c0 6.4 6.4 12.8 12.8 12.8z\" class=\"\"><\/path><\/svg><\/i> <img loading=\"lazy\" decoding=\"async\" width=\"16\" height=\"16\" alt=\"Loading\" src=\"https:\/\/temucotelevision.cl\/web\/wp-content\/plugins\/page-views-count\/ajax-loader-2x.gif\" border=0 \/><\/p>\n<div class=\"pvc_clear\"><\/div>\n<p>Un nuevo hito se escribi\u00f3 este fin de semana en la historia de la Segunda Compa\u00f1\u00eda de Bomberos de Temuco,<\/p>\n","protected":false},"author":1,"featured_media":16961,"comment_status":"open","ping_status":"open","sticky":false,"template":"","format":"standard","meta":{"colormag_page_container_layout":"default_layout","colormag_page_sidebar_layout":"default_layout","footnotes":""},"categories":[14],"tags":[304,3290],"class_list":["post-16960","post","type-post","status-publish","format-standard","has-post-thumbnail","hentry","category-temuco","tag-bomberos","tag-casco"],"a3_pvc":{"activated":true,"total_views":42,"today_views":0},"_links":{"self":[{"href":"https:\/\/temucotelevision.cl\/web\/wp-json\/wp\/v2\/posts\/16960","targetHints":{"allow":["GET"]}}],"collection":[{"href":"https:\/\/temucotelevision.cl\/web\/wp-json\/wp\/v2\/posts"}],"about":[{"href":"https:\/\/temucotelevision.cl\/web\/wp-json\/wp\/v2\/types\/post"}],"author":[{"embeddable":true,"href":"https:\/\/temucotelevision.cl\/web\/wp-json\/wp\/v2\/users\/1"}],"replies":[{"embeddable":true,"href":"https:\/\/temucotelevision.cl\/web\/wp-json\/wp\/v2\/comments?post=16960"}],"version-history":[{"count":1,"href":"https:\/\/temucotelevision.cl\/web\/wp-json\/wp\/v2\/posts\/16960\/revisions"}],"predecessor-version":[{"id":16962,"href":"https:\/\/temucotelevision.cl\/web\/wp-json\/wp\/v2\/posts\/16960\/revisions\/16962"}],"wp:featuredmedia":[{"embeddable":true,"href":"https:\/\/temucotelevision.cl\/web\/wp-json\/wp\/v2\/media\/16961"}],"wp:attachment":[{"href":"https:\/\/temucotelevision.cl\/web\/wp-json\/wp\/v2\/media?parent=16960"}],"wp:term":[{"taxonomy":"category","embeddable":true,"href":"https:\/\/temucotelevision.cl\/web\/wp-json\/wp\/v2\/categories?post=16960"},{"taxonomy":"post_tag","embeddable":true,"href":"https:\/\/temucotelevision.cl\/web\/wp-json\/wp\/v2\/tags?post=16960"}],"curies":[{"name":"wp","href":"https:\/\/api.w.org\/{rel}","templated":true}]}}