{"id":16949,"date":"2020-12-07T15:46:57","date_gmt":"2020-12-07T18:46:57","guid":{"rendered":"https:\/\/temucotelevision.cl\/web\/?p=16949"},"modified":"2020-12-07T15:47:00","modified_gmt":"2020-12-07T18:47:00","slug":"escucha-lo-nuevo-de-adione-feat-flor-de-rap-tu-piel","status":"publish","type":"post","link":"https:\/\/temucotelevision.cl\/web\/2020\/12\/07\/escucha-lo-nuevo-de-adione-feat-flor-de-rap-tu-piel\/","title":{"rendered":"Escucha lo nuevo de Adione Feat Flor de Rap, &#8220;Tu Piel&#8221;"},"content":{"rendered":"<div class=\"pvc_clear\"><\/div><p id=\"pvc_stats_16949\" class=\"pvc_stats total_only  \" data-element-id=\"16949\" style=\"\"><i class=\"pvc-stats-icon large\" aria-hidden=\"true\"><svg aria-hidden=\"true\" focusable=\"false\" data-prefix=\"far\" data-icon=\"chart-bar\" role=\"img\" xmlns=\"http:\/\/www.w3.org\/2000\/svg\" viewBox=\"0 0 512 512\" class=\"svg-inline--fa fa-chart-bar fa-w-16 fa-2x\"><path fill=\"currentColor\" d=\"M396.8 352h22.4c6.4 0 12.8-6.4 12.8-12.8V108.8c0-6.4-6.4-12.8-12.8-12.8h-22.4c-6.4 0-12.8 6.4-12.8 12.8v230.4c0 6.4 6.4 12.8 12.8 12.8zm-192 0h22.4c6.4 0 12.8-6.4 12.8-12.8V140.8c0-6.4-6.4-12.8-12.8-12.8h-22.4c-6.4 0-12.8 6.4-12.8 12.8v198.4c0 6.4 6.4 12.8 12.8 12.8zm96 0h22.4c6.4 0 12.8-6.4 12.8-12.8V204.8c0-6.4-6.4-12.8-12.8-12.8h-22.4c-6.4 0-12.8 6.4-12.8 12.8v134.4c0 6.4 6.4 12.8 12.8 12.8zM496 400H48V80c0-8.84-7.16-16-16-16H16C7.16 64 0 71.16 0 80v336c0 17.67 14.33 32 32 32h464c8.84 0 16-7.16 16-16v-16c0-8.84-7.16-16-16-16zm-387.2-48h22.4c6.4 0 12.8-6.4 12.8-12.8v-70.4c0-6.4-6.4-12.8-12.8-12.8h-22.4c-6.4 0-12.8 6.4-12.8 12.8v70.4c0 6.4 6.4 12.8 12.8 12.8z\" class=\"\"><\/path><\/svg><\/i> <img loading=\"lazy\" decoding=\"async\" width=\"16\" height=\"16\" alt=\"Loading\" src=\"https:\/\/temucotelevision.cl\/web\/wp-content\/plugins\/page-views-count\/ajax-loader-2x.gif\" border=0 \/><\/p><div class=\"pvc_clear\"><\/div>\n<p><strong>Despu\u00e9s de un a\u00f1o junto al sello Warner Music, ADIONE consolida su carrera y lanza este hermoso tema de rap cl\u00e1sico con toques modernos, como lo describe.<\/strong><\/p>\n\n\n\n<iframe loading=\"lazy\" width=\"560\" height=\"315\" src=\"https:\/\/www.youtube.com\/embed\/zf8v1q99zsg\" frameborder=\"0\" allow=\"accelerometer; autoplay; clipboard-write; encrypted-media; gyroscope; picture-in-picture\" allowfullscreen><\/iframe>\n\n\n\n<p>ADIONE nos presenta su primer featuring junto a Flor de Rap, reconocida figura del rap y hip hop chilena. Esta canci\u00f3n es especial para ADIONE porque&nbsp;<em>\u201crescata mi esencia y la del rap puro que fue lo que me inspir\u00f3 a escribir en mis primeros a\u00f1os, rescata esas canciones que escuchaba de ni\u00f1o, pero con un sentido m\u00e1s moderno sin perder la entrega y la melancol\u00eda de las canciones de ese tiempo\u2026 Estoy muy contento de que este primer feat para el sello sea junto a una artista que admiro y respeto mucho\u201d.<\/em><\/p>\n\n\n\n<p>Flor de Rap es una destacada artista chilena, reconocida por su severa y firme forma de rapear, con letras directas y un r\u00edtmico trabajo en sus bases. ADIONE, reconocido por crear m\u00fasica con contenido, agrega:&nbsp;<em>`Con Flor de Rap, tenemos eso en com\u00fan, cuando interpretamos, tratamos de ponerle el mayor sentimiento posible y traer la esencia de esta rama musical. Rap cl\u00e1sico, modernizado, fue un desaf\u00edo lindo y estoy muy contento por el resultado\u00b4.<\/em><\/p>\n\n\n\n<p>Este es el tercer sencillo del chileno, luego de su single debut de 2019 \u201cTal como soy\u201d y de su tema estrenado en septiembre de este a\u00f1o \u201cYa no tengo tiempo\u201d. \u201cTu Piel\u201d es una rom\u00e1ntica canci\u00f3n que habla de la necesidad de estar juntos, destacando la verdad por sobre todo, interpretada con la mayor fuerza y convicci\u00f3n que entregan los m\u00fasicos.\u00a0<em>`Siento que hace falta tu piel \/ siento que necesito de ti \/ cuando el mundo se suele caer, me hace falta tu piel \/ siento que hace falta tu piel cada vez que el mundo intenta retroceder \/ Me tienes a mi, yo te tengo a ti\u00b4.<\/em>\u00a0Acompa\u00f1ada de un videoclip dirigido por Johnny Le\u00f3n, se grab\u00f3 en Santiago y su inspiraci\u00f3n fue el sentimiento que surge de la mezcla entre el canto y la danza, uniendo ambas artes de manera elegante, en una nueva faceta art\u00edstica.<\/p>\n\n\n\n<p><strong>Sobre ADIONE:<\/strong><\/p>\n\n\n\n<p>Carlos Araya tiene 25 a\u00f1os de edad y una propuesta musical atrevida. ADIONE define su estilo como \u201cm\u00fasica con contenido\u201d. Su fuerte son las letras, la poes\u00eda, con la que comenz\u00f3 cuando ten\u00eda 13 a\u00f1os ganando concursos literarios hasta que conoci\u00f3 el hip hop y descubri\u00f3 que pod\u00eda hacer poes\u00eda con ritmo.&nbsp;<\/p>\n\n\n\n<p>El nombre ADIONE viene del concepto de ADN, el material gen\u00e9tico que todos los seres vivos poseemos y a lo que el artista pone particular atenci\u00f3n al momento de crear sus composiciones, buscando inspiraci\u00f3n en situaciones, historias y todo tipo de personajes que lo rodean.\u00a0 ADIONE empez\u00f3 su carrera musical de la mano de la Municipalidad de Coquimbo, ciudad de la que es oriundo. Con ellos trabaj\u00f3 en un proyecto regional donde visit\u00f3 c\u00e1rceles y escuelas vulnerables haciendo charlas y talleres de m\u00fasica. Fue entonces cuando sus temas se fueron masificando. Ahora, dej\u00f3 su profesi\u00f3n de Constructor Civil para dedicarse completamente a la m\u00fasica.<\/p>\n\n\n\n<p>A fines de 2019 firm\u00f3 contrato con Warner Music Chile y edit\u00f3 su primer sencillo &#8220;Tal como soy&#8221;.<\/p>\n","protected":false},"excerpt":{"rendered":"<div class=\"pvc_clear\"><\/div>\n<p id=\"pvc_stats_16949\" class=\"pvc_stats total_only  \" data-element-id=\"16949\" style=\"\"><i class=\"pvc-stats-icon large\" aria-hidden=\"true\"><svg aria-hidden=\"true\" focusable=\"false\" data-prefix=\"far\" data-icon=\"chart-bar\" role=\"img\" xmlns=\"http:\/\/www.w3.org\/2000\/svg\" viewBox=\"0 0 512 512\" class=\"svg-inline--fa fa-chart-bar fa-w-16 fa-2x\"><path fill=\"currentColor\" d=\"M396.8 352h22.4c6.4 0 12.8-6.4 12.8-12.8V108.8c0-6.4-6.4-12.8-12.8-12.8h-22.4c-6.4 0-12.8 6.4-12.8 12.8v230.4c0 6.4 6.4 12.8 12.8 12.8zm-192 0h22.4c6.4 0 12.8-6.4 12.8-12.8V140.8c0-6.4-6.4-12.8-12.8-12.8h-22.4c-6.4 0-12.8 6.4-12.8 12.8v198.4c0 6.4 6.4 12.8 12.8 12.8zm96 0h22.4c6.4 0 12.8-6.4 12.8-12.8V204.8c0-6.4-6.4-12.8-12.8-12.8h-22.4c-6.4 0-12.8 6.4-12.8 12.8v134.4c0 6.4 6.4 12.8 12.8 12.8zM496 400H48V80c0-8.84-7.16-16-16-16H16C7.16 64 0 71.16 0 80v336c0 17.67 14.33 32 32 32h464c8.84 0 16-7.16 16-16v-16c0-8.84-7.16-16-16-16zm-387.2-48h22.4c6.4 0 12.8-6.4 12.8-12.8v-70.4c0-6.4-6.4-12.8-12.8-12.8h-22.4c-6.4 0-12.8 6.4-12.8 12.8v70.4c0 6.4 6.4 12.8 12.8 12.8z\" class=\"\"><\/path><\/svg><\/i> <img loading=\"lazy\" decoding=\"async\" width=\"16\" height=\"16\" alt=\"Loading\" src=\"https:\/\/temucotelevision.cl\/web\/wp-content\/plugins\/page-views-count\/ajax-loader-2x.gif\" border=0 \/><\/p>\n<div class=\"pvc_clear\"><\/div>\n<p>Despu\u00e9s de un a\u00f1o junto al sello Warner Music, ADIONE consolida su carrera y lanza este hermoso tema de rap<\/p>\n","protected":false},"author":1,"featured_media":16950,"comment_status":"open","ping_status":"open","sticky":false,"template":"","format":"standard","meta":{"colormag_page_container_layout":"default_layout","colormag_page_sidebar_layout":"default_layout","footnotes":""},"categories":[369],"tags":[374,358,3289],"class_list":["post-16949","post","type-post","status-publish","format-standard","has-post-thumbnail","hentry","category-musica","tag-cancion","tag-hip-hop","tag-rap"],"a3_pvc":{"activated":true,"total_views":104,"today_views":0},"_links":{"self":[{"href":"https:\/\/temucotelevision.cl\/web\/wp-json\/wp\/v2\/posts\/16949","targetHints":{"allow":["GET"]}}],"collection":[{"href":"https:\/\/temucotelevision.cl\/web\/wp-json\/wp\/v2\/posts"}],"about":[{"href":"https:\/\/temucotelevision.cl\/web\/wp-json\/wp\/v2\/types\/post"}],"author":[{"embeddable":true,"href":"https:\/\/temucotelevision.cl\/web\/wp-json\/wp\/v2\/users\/1"}],"replies":[{"embeddable":true,"href":"https:\/\/temucotelevision.cl\/web\/wp-json\/wp\/v2\/comments?post=16949"}],"version-history":[{"count":1,"href":"https:\/\/temucotelevision.cl\/web\/wp-json\/wp\/v2\/posts\/16949\/revisions"}],"predecessor-version":[{"id":16951,"href":"https:\/\/temucotelevision.cl\/web\/wp-json\/wp\/v2\/posts\/16949\/revisions\/16951"}],"wp:featuredmedia":[{"embeddable":true,"href":"https:\/\/temucotelevision.cl\/web\/wp-json\/wp\/v2\/media\/16950"}],"wp:attachment":[{"href":"https:\/\/temucotelevision.cl\/web\/wp-json\/wp\/v2\/media?parent=16949"}],"wp:term":[{"taxonomy":"category","embeddable":true,"href":"https:\/\/temucotelevision.cl\/web\/wp-json\/wp\/v2\/categories?post=16949"},{"taxonomy":"post_tag","embeddable":true,"href":"https:\/\/temucotelevision.cl\/web\/wp-json\/wp\/v2\/tags?post=16949"}],"curies":[{"name":"wp","href":"https:\/\/api.w.org\/{rel}","templated":true}]}}