{"id":16945,"date":"2020-12-07T12:57:35","date_gmt":"2020-12-07T15:57:35","guid":{"rendered":"https:\/\/temucotelevision.cl\/web\/?p=16945"},"modified":"2020-12-07T12:57:37","modified_gmt":"2020-12-07T15:57:37","slug":"partido-socialista-no-dara-la-pelea-por-el-sillon-alcaldicio-de-temuco","status":"publish","type":"post","link":"https:\/\/temucotelevision.cl\/web\/2020\/12\/07\/partido-socialista-no-dara-la-pelea-por-el-sillon-alcaldicio-de-temuco\/","title":{"rendered":"Partido Socialista no dar\u00e1 la pelea por el sill\u00f3n alcaldicio de Temuco"},"content":{"rendered":"<div class=\"pvc_clear\"><\/div><p id=\"pvc_stats_16945\" class=\"pvc_stats total_only  \" data-element-id=\"16945\" style=\"\"><i class=\"pvc-stats-icon large\" aria-hidden=\"true\"><svg aria-hidden=\"true\" focusable=\"false\" data-prefix=\"far\" data-icon=\"chart-bar\" role=\"img\" xmlns=\"http:\/\/www.w3.org\/2000\/svg\" viewBox=\"0 0 512 512\" class=\"svg-inline--fa fa-chart-bar fa-w-16 fa-2x\"><path fill=\"currentColor\" d=\"M396.8 352h22.4c6.4 0 12.8-6.4 12.8-12.8V108.8c0-6.4-6.4-12.8-12.8-12.8h-22.4c-6.4 0-12.8 6.4-12.8 12.8v230.4c0 6.4 6.4 12.8 12.8 12.8zm-192 0h22.4c6.4 0 12.8-6.4 12.8-12.8V140.8c0-6.4-6.4-12.8-12.8-12.8h-22.4c-6.4 0-12.8 6.4-12.8 12.8v198.4c0 6.4 6.4 12.8 12.8 12.8zm96 0h22.4c6.4 0 12.8-6.4 12.8-12.8V204.8c0-6.4-6.4-12.8-12.8-12.8h-22.4c-6.4 0-12.8 6.4-12.8 12.8v134.4c0 6.4 6.4 12.8 12.8 12.8zM496 400H48V80c0-8.84-7.16-16-16-16H16C7.16 64 0 71.16 0 80v336c0 17.67 14.33 32 32 32h464c8.84 0 16-7.16 16-16v-16c0-8.84-7.16-16-16-16zm-387.2-48h22.4c6.4 0 12.8-6.4 12.8-12.8v-70.4c0-6.4-6.4-12.8-12.8-12.8h-22.4c-6.4 0-12.8 6.4-12.8 12.8v70.4c0 6.4 6.4 12.8 12.8 12.8z\" class=\"\"><\/path><\/svg><\/i> <img loading=\"lazy\" decoding=\"async\" width=\"16\" height=\"16\" alt=\"Loading\" src=\"https:\/\/temucotelevision.cl\/web\/wp-content\/plugins\/page-views-count\/ajax-loader-2x.gif\" border=0 \/><\/p><div class=\"pvc_clear\"><\/div>\n<ul class=\"wp-block-list\"><li><strong><em>El <\/em><\/strong><em>precandidato a la alcald\u00eda de Temuco por el PS se\u00f1al\u00f3 que ha sido informado por parte de la Direcci\u00f3n regional de PS que no se logr\u00f3 acuerdo para un mecanismo de elecci\u00f3n de candidato en Temuco.<\/em><\/li><li><em>Como republicano, acept\u00f3 la decisi\u00f3n y manifest\u00f3 que no seguir\u00e1 la carrera como independiente por el municipio de Temuco.\ufeff<\/em><\/li><\/ul>\n\n\n\n<p> Como una triste noticia para los habitantes de la comuna de Temuco, calific\u00f3 el precandidato a alcalde, Marco Antonio V\u00e1squez Ulloa, la decisi\u00f3n del Partido Socialista en no seguir intentando priorizar una primaria u otro mecanismo que permitiera determinar la mejor opci\u00f3n para alcalde que represente al Pacto Unidad Constituyente en la Comuna de Temuco.Para V\u00e1squez Ulloa,\u00a0\u201cTemuco no se merece un mecanismo de determinaci\u00f3n de candidatos a dedo. <\/p>\n\n\n\n<p>Los movimientos sociales de octubre del a\u00f1o pasado dieron cuenta que la ciudadan\u00eda est\u00e1 \u00e1vida de participaci\u00f3n. Nuestra intenci\u00f3n siempre fue abogar por un mecanismo participativo y democr\u00e1tico con la participaci\u00f3n de toda la ciudadan\u00eda\u201d.<\/p>\n\n\n\n<p>Por \u00faltimo, Marco Antonio V\u00e1squez Ulloa, expres\u00f3 su deseo de \u00e9xito al concejal por Temuco y candidato del PPD, y a partir de hoy del Pacto Unidad Constituyente, Roberto Neira,\u00a0manifestando que \u201cComo republicano acepto la decisi\u00f3n tomada por los partidos del Pacto Unidad Constituyente y no seguir\u00e9 la carrera como independiente para alcanzar el sill\u00f3n municipal de Temuco.<\/p>\n","protected":false},"excerpt":{"rendered":"<div class=\"pvc_clear\"><\/div>\n<p id=\"pvc_stats_16945\" class=\"pvc_stats total_only  \" data-element-id=\"16945\" style=\"\"><i class=\"pvc-stats-icon large\" aria-hidden=\"true\"><svg aria-hidden=\"true\" focusable=\"false\" data-prefix=\"far\" data-icon=\"chart-bar\" role=\"img\" xmlns=\"http:\/\/www.w3.org\/2000\/svg\" viewBox=\"0 0 512 512\" class=\"svg-inline--fa fa-chart-bar fa-w-16 fa-2x\"><path fill=\"currentColor\" d=\"M396.8 352h22.4c6.4 0 12.8-6.4 12.8-12.8V108.8c0-6.4-6.4-12.8-12.8-12.8h-22.4c-6.4 0-12.8 6.4-12.8 12.8v230.4c0 6.4 6.4 12.8 12.8 12.8zm-192 0h22.4c6.4 0 12.8-6.4 12.8-12.8V140.8c0-6.4-6.4-12.8-12.8-12.8h-22.4c-6.4 0-12.8 6.4-12.8 12.8v198.4c0 6.4 6.4 12.8 12.8 12.8zm96 0h22.4c6.4 0 12.8-6.4 12.8-12.8V204.8c0-6.4-6.4-12.8-12.8-12.8h-22.4c-6.4 0-12.8 6.4-12.8 12.8v134.4c0 6.4 6.4 12.8 12.8 12.8zM496 400H48V80c0-8.84-7.16-16-16-16H16C7.16 64 0 71.16 0 80v336c0 17.67 14.33 32 32 32h464c8.84 0 16-7.16 16-16v-16c0-8.84-7.16-16-16-16zm-387.2-48h22.4c6.4 0 12.8-6.4 12.8-12.8v-70.4c0-6.4-6.4-12.8-12.8-12.8h-22.4c-6.4 0-12.8 6.4-12.8 12.8v70.4c0 6.4 6.4 12.8 12.8 12.8z\" class=\"\"><\/path><\/svg><\/i> <img loading=\"lazy\" decoding=\"async\" width=\"16\" height=\"16\" alt=\"Loading\" src=\"https:\/\/temucotelevision.cl\/web\/wp-content\/plugins\/page-views-count\/ajax-loader-2x.gif\" border=0 \/><\/p>\n<div class=\"pvc_clear\"><\/div>\n<p>El precandidato a la alcald\u00eda de Temuco por el PS se\u00f1al\u00f3 que ha sido informado por parte de la Direcci\u00f3n<\/p>\n","protected":false},"author":1,"featured_media":12618,"comment_status":"open","ping_status":"open","sticky":false,"template":"","format":"standard","meta":{"colormag_page_container_layout":"default_layout","colormag_page_sidebar_layout":"default_layout","footnotes":""},"categories":[84,14],"tags":[98],"class_list":["post-16945","post","type-post","status-publish","format-standard","has-post-thumbnail","hentry","category-politica","category-temuco","tag-ciudad"],"a3_pvc":{"activated":true,"total_views":60,"today_views":0},"_links":{"self":[{"href":"https:\/\/temucotelevision.cl\/web\/wp-json\/wp\/v2\/posts\/16945","targetHints":{"allow":["GET"]}}],"collection":[{"href":"https:\/\/temucotelevision.cl\/web\/wp-json\/wp\/v2\/posts"}],"about":[{"href":"https:\/\/temucotelevision.cl\/web\/wp-json\/wp\/v2\/types\/post"}],"author":[{"embeddable":true,"href":"https:\/\/temucotelevision.cl\/web\/wp-json\/wp\/v2\/users\/1"}],"replies":[{"embeddable":true,"href":"https:\/\/temucotelevision.cl\/web\/wp-json\/wp\/v2\/comments?post=16945"}],"version-history":[{"count":1,"href":"https:\/\/temucotelevision.cl\/web\/wp-json\/wp\/v2\/posts\/16945\/revisions"}],"predecessor-version":[{"id":16946,"href":"https:\/\/temucotelevision.cl\/web\/wp-json\/wp\/v2\/posts\/16945\/revisions\/16946"}],"wp:featuredmedia":[{"embeddable":true,"href":"https:\/\/temucotelevision.cl\/web\/wp-json\/wp\/v2\/media\/12618"}],"wp:attachment":[{"href":"https:\/\/temucotelevision.cl\/web\/wp-json\/wp\/v2\/media?parent=16945"}],"wp:term":[{"taxonomy":"category","embeddable":true,"href":"https:\/\/temucotelevision.cl\/web\/wp-json\/wp\/v2\/categories?post=16945"},{"taxonomy":"post_tag","embeddable":true,"href":"https:\/\/temucotelevision.cl\/web\/wp-json\/wp\/v2\/tags?post=16945"}],"curies":[{"name":"wp","href":"https:\/\/api.w.org\/{rel}","templated":true}]}}