{"id":16940,"date":"2020-12-07T11:59:35","date_gmt":"2020-12-07T14:59:35","guid":{"rendered":"https:\/\/temucotelevision.cl\/web\/?p=16940"},"modified":"2020-12-07T12:52:57","modified_gmt":"2020-12-07T15:52:57","slug":"fiscalia-logra-condena-de-conductor-ebrio-que-hurto-y-volco-ambulancia-del-hospital-de-cunco-debera-cumplir-mas-de-6-anos-de-carcel-efectiva","status":"publish","type":"post","link":"https:\/\/temucotelevision.cl\/web\/2020\/12\/07\/fiscalia-logra-condena-de-conductor-ebrio-que-hurto-y-volco-ambulancia-del-hospital-de-cunco-debera-cumplir-mas-de-6-anos-de-carcel-efectiva\/","title":{"rendered":"Fiscal\u00eda logra condena de conductor ebrio que hurt\u00f3 y volc\u00f3 ambulancia del hospital de Cunco: deber\u00e1 cumplir m\u00e1s de 6 a\u00f1os de c\u00e1rcel efectiva"},"content":{"rendered":"<div class=\"pvc_clear\"><\/div><p id=\"pvc_stats_16940\" class=\"pvc_stats total_only  \" data-element-id=\"16940\" style=\"\"><i class=\"pvc-stats-icon large\" aria-hidden=\"true\"><svg aria-hidden=\"true\" focusable=\"false\" data-prefix=\"far\" data-icon=\"chart-bar\" role=\"img\" xmlns=\"http:\/\/www.w3.org\/2000\/svg\" viewBox=\"0 0 512 512\" class=\"svg-inline--fa fa-chart-bar fa-w-16 fa-2x\"><path fill=\"currentColor\" d=\"M396.8 352h22.4c6.4 0 12.8-6.4 12.8-12.8V108.8c0-6.4-6.4-12.8-12.8-12.8h-22.4c-6.4 0-12.8 6.4-12.8 12.8v230.4c0 6.4 6.4 12.8 12.8 12.8zm-192 0h22.4c6.4 0 12.8-6.4 12.8-12.8V140.8c0-6.4-6.4-12.8-12.8-12.8h-22.4c-6.4 0-12.8 6.4-12.8 12.8v198.4c0 6.4 6.4 12.8 12.8 12.8zm96 0h22.4c6.4 0 12.8-6.4 12.8-12.8V204.8c0-6.4-6.4-12.8-12.8-12.8h-22.4c-6.4 0-12.8 6.4-12.8 12.8v134.4c0 6.4 6.4 12.8 12.8 12.8zM496 400H48V80c0-8.84-7.16-16-16-16H16C7.16 64 0 71.16 0 80v336c0 17.67 14.33 32 32 32h464c8.84 0 16-7.16 16-16v-16c0-8.84-7.16-16-16-16zm-387.2-48h22.4c6.4 0 12.8-6.4 12.8-12.8v-70.4c0-6.4-6.4-12.8-12.8-12.8h-22.4c-6.4 0-12.8 6.4-12.8 12.8v70.4c0 6.4 6.4 12.8 12.8 12.8z\" class=\"\"><\/path><\/svg><\/i> <img loading=\"lazy\" decoding=\"async\" width=\"16\" height=\"16\" alt=\"Loading\" src=\"https:\/\/temucotelevision.cl\/web\/wp-content\/plugins\/page-views-count\/ajax-loader-2x.gif\" border=0 \/><\/p><div class=\"pvc_clear\"><\/div>\n<p>Penas que suman m\u00e1s de 6 a\u00f1os de c\u00e1rcel efectiva deber\u00e1 cumplir Jaime Alejandro S\u00e1ez Rubilar, quien fue condenado por hurtar una ambulancia en el hospital de Cunco y posteriormente  volcar el veh\u00edculo de emergencia, conduciendo en estado de ebriedad y sin haber obtenido jam\u00e1s licencia.<\/p>\n\n\n\n<p>El fiscal Luis Arroyo acredit\u00f3 en el juicio que el ins\u00f3lito hecho ocurri\u00f3 el 06 de agosto de 2019, a las 23:35 horas, el ahora condenado  sustrajo desde el sector de Urgencias del Hospital de Cunco, una ambulancia marca Mercedes Benz avaluada en $63.665.000 (sesenta y tres millones seiscientos sesenta y cinco mil pesos), que permanec\u00eda con la llave de contacto  puesta y el motor encendido, mientras el conductor trasladaba a un paciente hasta el interior del hospital.<\/p>\n\n\n\n<p>Una vez advertida la sustracci\u00f3n, personal del hospital solicit\u00f3 la presencia de Carabineros quienes  iniciaron la persecuci\u00f3n del imputado por caminos p\u00fablicos y rurales. Al llegar a la Ruta S-377, kil\u00f3metro 07 de la misma comuna de Cunco, Jaime S\u00e1ez Rubilar perdi\u00f3 el control del veh\u00edculo de emergencia y volc\u00f3 a un costado del camino, resultando el m\u00f3vil  con su estructura completamente da\u00f1ada. Al momento de la detenci\u00f3n, el personal policial constat\u00f3 que sujeto estaba ebrio y que no ten\u00eda licencia de conducir. El examen de alcoholemia practicado arroj\u00f3 como resultado 3,20 gramos de alcohol por litro de sangre.<\/p>\n\n\n\n<p>El condenado deber\u00e1 purgar una pena de  4 a\u00f1os de presidio por el delito de hurto simple, y otra de 818 d\u00edas  por conducci\u00f3n de un veh\u00edculo motorizado en estado de ebriedad sin haber obtenido licencia causando da\u00f1os. El tribunal no le concedi\u00f3 beneficios en consideraci\u00f3n del da\u00f1o causado y a que registra 2 condenas anteriores por conducir ebrio y sin licencia, por lo que ambas penas son de cumplimiento efectivo.<\/p>\n","protected":false},"excerpt":{"rendered":"<div class=\"pvc_clear\"><\/div>\n<p id=\"pvc_stats_16940\" class=\"pvc_stats total_only  \" data-element-id=\"16940\" style=\"\"><i class=\"pvc-stats-icon large\" aria-hidden=\"true\"><svg aria-hidden=\"true\" focusable=\"false\" data-prefix=\"far\" data-icon=\"chart-bar\" role=\"img\" xmlns=\"http:\/\/www.w3.org\/2000\/svg\" viewBox=\"0 0 512 512\" class=\"svg-inline--fa fa-chart-bar fa-w-16 fa-2x\"><path fill=\"currentColor\" d=\"M396.8 352h22.4c6.4 0 12.8-6.4 12.8-12.8V108.8c0-6.4-6.4-12.8-12.8-12.8h-22.4c-6.4 0-12.8 6.4-12.8 12.8v230.4c0 6.4 6.4 12.8 12.8 12.8zm-192 0h22.4c6.4 0 12.8-6.4 12.8-12.8V140.8c0-6.4-6.4-12.8-12.8-12.8h-22.4c-6.4 0-12.8 6.4-12.8 12.8v198.4c0 6.4 6.4 12.8 12.8 12.8zm96 0h22.4c6.4 0 12.8-6.4 12.8-12.8V204.8c0-6.4-6.4-12.8-12.8-12.8h-22.4c-6.4 0-12.8 6.4-12.8 12.8v134.4c0 6.4 6.4 12.8 12.8 12.8zM496 400H48V80c0-8.84-7.16-16-16-16H16C7.16 64 0 71.16 0 80v336c0 17.67 14.33 32 32 32h464c8.84 0 16-7.16 16-16v-16c0-8.84-7.16-16-16-16zm-387.2-48h22.4c6.4 0 12.8-6.4 12.8-12.8v-70.4c0-6.4-6.4-12.8-12.8-12.8h-22.4c-6.4 0-12.8 6.4-12.8 12.8v70.4c0 6.4 6.4 12.8 12.8 12.8z\" class=\"\"><\/path><\/svg><\/i> <img loading=\"lazy\" decoding=\"async\" width=\"16\" height=\"16\" alt=\"Loading\" src=\"https:\/\/temucotelevision.cl\/web\/wp-content\/plugins\/page-views-count\/ajax-loader-2x.gif\" border=0 \/><\/p>\n<div class=\"pvc_clear\"><\/div>\n<p>Penas que suman m\u00e1s de 6 a\u00f1os de c\u00e1rcel efectiva deber\u00e1 cumplir Jaime Alejandro S\u00e1ez Rubilar, quien fue condenado por<\/p>\n","protected":false},"author":1,"featured_media":16941,"comment_status":"open","ping_status":"open","sticky":false,"template":"","format":"standard","meta":{"colormag_page_container_layout":"default_layout","colormag_page_sidebar_layout":"default_layout","footnotes":""},"categories":[15],"tags":[1195,448],"class_list":["post-16940","post","type-post","status-publish","format-standard","has-post-thumbnail","hentry","category-la-araucania","tag-ambulancia","tag-fiscalia"],"a3_pvc":{"activated":true,"total_views":26,"today_views":0},"_links":{"self":[{"href":"https:\/\/temucotelevision.cl\/web\/wp-json\/wp\/v2\/posts\/16940","targetHints":{"allow":["GET"]}}],"collection":[{"href":"https:\/\/temucotelevision.cl\/web\/wp-json\/wp\/v2\/posts"}],"about":[{"href":"https:\/\/temucotelevision.cl\/web\/wp-json\/wp\/v2\/types\/post"}],"author":[{"embeddable":true,"href":"https:\/\/temucotelevision.cl\/web\/wp-json\/wp\/v2\/users\/1"}],"replies":[{"embeddable":true,"href":"https:\/\/temucotelevision.cl\/web\/wp-json\/wp\/v2\/comments?post=16940"}],"version-history":[{"count":2,"href":"https:\/\/temucotelevision.cl\/web\/wp-json\/wp\/v2\/posts\/16940\/revisions"}],"predecessor-version":[{"id":16943,"href":"https:\/\/temucotelevision.cl\/web\/wp-json\/wp\/v2\/posts\/16940\/revisions\/16943"}],"wp:featuredmedia":[{"embeddable":true,"href":"https:\/\/temucotelevision.cl\/web\/wp-json\/wp\/v2\/media\/16941"}],"wp:attachment":[{"href":"https:\/\/temucotelevision.cl\/web\/wp-json\/wp\/v2\/media?parent=16940"}],"wp:term":[{"taxonomy":"category","embeddable":true,"href":"https:\/\/temucotelevision.cl\/web\/wp-json\/wp\/v2\/categories?post=16940"},{"taxonomy":"post_tag","embeddable":true,"href":"https:\/\/temucotelevision.cl\/web\/wp-json\/wp\/v2\/tags?post=16940"}],"curies":[{"name":"wp","href":"https:\/\/api.w.org\/{rel}","templated":true}]}}