{"id":1694,"date":"2019-02-22T11:25:18","date_gmt":"2019-02-22T14:25:18","guid":{"rendered":"https:\/\/temucotelevision.cl\/web\/?p=1694"},"modified":"2019-02-22T11:25:18","modified_gmt":"2019-02-22T14:25:18","slug":"diputado-rathgeb-por-visita-del-presidente-pinera-se-valora-el-esfuerzo-y-sacrificio-de-este-gobierno-por-la-region","status":"publish","type":"post","link":"https:\/\/temucotelevision.cl\/web\/2019\/02\/22\/diputado-rathgeb-por-visita-del-presidente-pinera-se-valora-el-esfuerzo-y-sacrificio-de-este-gobierno-por-la-region\/","title":{"rendered":"Diputado Rathgeb por visita del Presidente Pi\u00f1era: \u201cSe valora el esfuerzo y sacrificio de este Gobierno por la regi\u00f3n\u201d"},"content":{"rendered":"<div class=\"pvc_clear\"><\/div>\n<p id=\"pvc_stats_1694\" class=\"pvc_stats total_only  \" data-element-id=\"1694\" style=\"\"><i class=\"pvc-stats-icon large\" aria-hidden=\"true\"><svg aria-hidden=\"true\" focusable=\"false\" data-prefix=\"far\" data-icon=\"chart-bar\" role=\"img\" xmlns=\"http:\/\/www.w3.org\/2000\/svg\" viewBox=\"0 0 512 512\" class=\"svg-inline--fa fa-chart-bar fa-w-16 fa-2x\"><path fill=\"currentColor\" d=\"M396.8 352h22.4c6.4 0 12.8-6.4 12.8-12.8V108.8c0-6.4-6.4-12.8-12.8-12.8h-22.4c-6.4 0-12.8 6.4-12.8 12.8v230.4c0 6.4 6.4 12.8 12.8 12.8zm-192 0h22.4c6.4 0 12.8-6.4 12.8-12.8V140.8c0-6.4-6.4-12.8-12.8-12.8h-22.4c-6.4 0-12.8 6.4-12.8 12.8v198.4c0 6.4 6.4 12.8 12.8 12.8zm96 0h22.4c6.4 0 12.8-6.4 12.8-12.8V204.8c0-6.4-6.4-12.8-12.8-12.8h-22.4c-6.4 0-12.8 6.4-12.8 12.8v134.4c0 6.4 6.4 12.8 12.8 12.8zM496 400H48V80c0-8.84-7.16-16-16-16H16C7.16 64 0 71.16 0 80v336c0 17.67 14.33 32 32 32h464c8.84 0 16-7.16 16-16v-16c0-8.84-7.16-16-16-16zm-387.2-48h22.4c6.4 0 12.8-6.4 12.8-12.8v-70.4c0-6.4-6.4-12.8-12.8-12.8h-22.4c-6.4 0-12.8 6.4-12.8 12.8v70.4c0 6.4 6.4 12.8 12.8 12.8z\" class=\"\"><\/path><\/svg><\/i> <img loading=\"lazy\" decoding=\"async\" width=\"16\" height=\"16\" alt=\"Loading\" src=\"https:\/\/temucotelevision.cl\/web\/wp-content\/plugins\/page-views-count\/ajax-loader-2x.gif\" border=0 \/><\/p>\n<div class=\"pvc_clear\"><\/div>\n<p style=\"text-align: justify;\">El parlamentario agradeci\u00f3 la presencia del mandatario y sus ministros en terreno, lo que a su juicio demuestra el inter\u00e9s permanente del jefe de Estado por la situaci\u00f3n que se vive en la zona.<\/p>\n<p style=\"text-align: justify;\">Su segunda visita del a\u00f1o a la regi\u00f3n de La Araucan\u00eda en menos de un mes, cumpli\u00f3 el Presidente Sebasti\u00e1n Pi\u00f1era, cumpliendo una nutrida agenda de actividades en diferentes comunas y donde pudo trasladarse tambi\u00e9n a lugares que se vieron afectado por los incendios de esta temporada estival.<\/p>\n<p style=\"text-align: justify;\">El diputado de Renovaci\u00f3n Nacional por la regi\u00f3n, Jorge Rathgeb Schifferli, agradeci\u00f3 la presencia del mandatario en terreno, lo que a su juicio se demuestra un inter\u00e9s constante por parte del ejecutivo por los habitantes de la zona.<\/p>\n<p style=\"text-align: justify;\">El parlamentario acompa\u00f1\u00f3 al jefe de Estado en Lautaro lugar donde se inaugur\u00f3 la primera comisar\u00eda de Carabineros y tambi\u00e9n en la serie de reuniones que tuvieron cita en la intendencia regional.<\/p>\n<p style=\"text-align: justify;\">Rathgeb calific\u00f3 esta nueva visita del Presidente Pi\u00f1era, como un gesto claro y concreto de que esta administraci\u00f3n est\u00e1 preocupada por la situaci\u00f3n que se vive actualmente y que sin importar que estemos en \u00e9poca estival, donde muchos aprovechan de estar de vacaciones, el mandatario estuvo presente en terreno con parte de su gabinete.<\/p>\n<p style=\"text-align: justify;\">\u201cAgradecer la visita del Presidente a La Araucan\u00eda en plena \u00e9poca de vacaciones. Un hito importante teniendo presente que otras autoridades se toman un receso en febrero, pero en este caso el mandatario ha estado trabajando y pensando en la situaci\u00f3n que se vive en la regi\u00f3n. Muy provechosa su estad\u00eda escuchando a la mayor\u00eda de la comunidad buscando soluci\u00f3n a las situaciones que se viven. Hemos ido avanzando, pero para el Presidente esto todav\u00eda es insuficiente, por lo que valoramos el sacrificio de \u00e9l y sus ministros a fin de poder llevar adelante iniciativas que van a ir a beneficio de los habitantes de la regi\u00f3n\u201d, se\u00f1al\u00f3 el diputado.<\/p>\n<p style=\"text-align: justify;\">El legislador se\u00f1al\u00f3 que este tipo de gestos de la m\u00e1xima autoridad del pa\u00eds, demuestran un compromiso claro por sacar a esta regi\u00f3n del rezago hist\u00f3rico en que se encuentra.<\/p>\n","protected":false},"excerpt":{"rendered":"<div class=\"pvc_clear\"><\/div>\n<p id=\"pvc_stats_1694\" class=\"pvc_stats total_only  \" data-element-id=\"1694\" style=\"\"><i class=\"pvc-stats-icon large\" aria-hidden=\"true\"><svg aria-hidden=\"true\" focusable=\"false\" data-prefix=\"far\" data-icon=\"chart-bar\" role=\"img\" xmlns=\"http:\/\/www.w3.org\/2000\/svg\" viewBox=\"0 0 512 512\" class=\"svg-inline--fa fa-chart-bar fa-w-16 fa-2x\"><path fill=\"currentColor\" d=\"M396.8 352h22.4c6.4 0 12.8-6.4 12.8-12.8V108.8c0-6.4-6.4-12.8-12.8-12.8h-22.4c-6.4 0-12.8 6.4-12.8 12.8v230.4c0 6.4 6.4 12.8 12.8 12.8zm-192 0h22.4c6.4 0 12.8-6.4 12.8-12.8V140.8c0-6.4-6.4-12.8-12.8-12.8h-22.4c-6.4 0-12.8 6.4-12.8 12.8v198.4c0 6.4 6.4 12.8 12.8 12.8zm96 0h22.4c6.4 0 12.8-6.4 12.8-12.8V204.8c0-6.4-6.4-12.8-12.8-12.8h-22.4c-6.4 0-12.8 6.4-12.8 12.8v134.4c0 6.4 6.4 12.8 12.8 12.8zM496 400H48V80c0-8.84-7.16-16-16-16H16C7.16 64 0 71.16 0 80v336c0 17.67 14.33 32 32 32h464c8.84 0 16-7.16 16-16v-16c0-8.84-7.16-16-16-16zm-387.2-48h22.4c6.4 0 12.8-6.4 12.8-12.8v-70.4c0-6.4-6.4-12.8-12.8-12.8h-22.4c-6.4 0-12.8 6.4-12.8 12.8v70.4c0 6.4 6.4 12.8 12.8 12.8z\" class=\"\"><\/path><\/svg><\/i> <img loading=\"lazy\" decoding=\"async\" width=\"16\" height=\"16\" alt=\"Loading\" src=\"https:\/\/temucotelevision.cl\/web\/wp-content\/plugins\/page-views-count\/ajax-loader-2x.gif\" border=0 \/><\/p>\n<div class=\"pvc_clear\"><\/div>\n<p>El parlamentario agradeci\u00f3 la presencia del mandatario y sus ministros en terreno, lo que a su juicio demuestra el inter\u00e9s<\/p>\n","protected":false},"author":1,"featured_media":1696,"comment_status":"open","ping_status":"open","sticky":false,"template":"","format":"standard","meta":{"colormag_page_container_layout":"default_layout","colormag_page_sidebar_layout":"default_layout","footnotes":""},"categories":[84],"tags":[154,266,176,170,617],"class_list":["post-1694","post","type-post","status-publish","format-standard","has-post-thumbnail","hentry","category-politica","tag-diputado","tag-incendios","tag-presidente","tag-region","tag-visita"],"a3_pvc":{"activated":true,"total_views":37,"today_views":0},"_links":{"self":[{"href":"https:\/\/temucotelevision.cl\/web\/wp-json\/wp\/v2\/posts\/1694","targetHints":{"allow":["GET"]}}],"collection":[{"href":"https:\/\/temucotelevision.cl\/web\/wp-json\/wp\/v2\/posts"}],"about":[{"href":"https:\/\/temucotelevision.cl\/web\/wp-json\/wp\/v2\/types\/post"}],"author":[{"embeddable":true,"href":"https:\/\/temucotelevision.cl\/web\/wp-json\/wp\/v2\/users\/1"}],"replies":[{"embeddable":true,"href":"https:\/\/temucotelevision.cl\/web\/wp-json\/wp\/v2\/comments?post=1694"}],"version-history":[{"count":1,"href":"https:\/\/temucotelevision.cl\/web\/wp-json\/wp\/v2\/posts\/1694\/revisions"}],"predecessor-version":[{"id":1698,"href":"https:\/\/temucotelevision.cl\/web\/wp-json\/wp\/v2\/posts\/1694\/revisions\/1698"}],"wp:featuredmedia":[{"embeddable":true,"href":"https:\/\/temucotelevision.cl\/web\/wp-json\/wp\/v2\/media\/1696"}],"wp:attachment":[{"href":"https:\/\/temucotelevision.cl\/web\/wp-json\/wp\/v2\/media?parent=1694"}],"wp:term":[{"taxonomy":"category","embeddable":true,"href":"https:\/\/temucotelevision.cl\/web\/wp-json\/wp\/v2\/categories?post=1694"},{"taxonomy":"post_tag","embeddable":true,"href":"https:\/\/temucotelevision.cl\/web\/wp-json\/wp\/v2\/tags?post=1694"}],"curies":[{"name":"wp","href":"https:\/\/api.w.org\/{rel}","templated":true}]}}