{"id":16938,"date":"2020-12-07T10:49:59","date_gmt":"2020-12-07T13:49:59","guid":{"rendered":"https:\/\/temucotelevision.cl\/web\/?p=16938"},"modified":"2020-12-07T10:50:05","modified_gmt":"2020-12-07T13:50:05","slug":"senadora-aravena-la-araucania-vive-del-turismo-necesitamos-implementar-medidas-urgentes-para-no-acabar-con-esta-industria%ef%bb%bf","status":"publish","type":"post","link":"https:\/\/temucotelevision.cl\/web\/2020\/12\/07\/senadora-aravena-la-araucania-vive-del-turismo-necesitamos-implementar-medidas-urgentes-para-no-acabar-con-esta-industria%ef%bb%bf\/","title":{"rendered":"Senadora Aravena: \u201cLa Araucan\u00eda vive del turismo, necesitamos implementar medidas urgentes para no acabar con esta industria\u201d\ufeff"},"content":{"rendered":"<div class=\"pvc_clear\"><\/div><p id=\"pvc_stats_16938\" class=\"pvc_stats total_only  \" data-element-id=\"16938\" style=\"\"><i class=\"pvc-stats-icon large\" aria-hidden=\"true\"><svg aria-hidden=\"true\" focusable=\"false\" data-prefix=\"far\" data-icon=\"chart-bar\" role=\"img\" xmlns=\"http:\/\/www.w3.org\/2000\/svg\" viewBox=\"0 0 512 512\" class=\"svg-inline--fa fa-chart-bar fa-w-16 fa-2x\"><path fill=\"currentColor\" d=\"M396.8 352h22.4c6.4 0 12.8-6.4 12.8-12.8V108.8c0-6.4-6.4-12.8-12.8-12.8h-22.4c-6.4 0-12.8 6.4-12.8 12.8v230.4c0 6.4 6.4 12.8 12.8 12.8zm-192 0h22.4c6.4 0 12.8-6.4 12.8-12.8V140.8c0-6.4-6.4-12.8-12.8-12.8h-22.4c-6.4 0-12.8 6.4-12.8 12.8v198.4c0 6.4 6.4 12.8 12.8 12.8zm96 0h22.4c6.4 0 12.8-6.4 12.8-12.8V204.8c0-6.4-6.4-12.8-12.8-12.8h-22.4c-6.4 0-12.8 6.4-12.8 12.8v134.4c0 6.4 6.4 12.8 12.8 12.8zM496 400H48V80c0-8.84-7.16-16-16-16H16C7.16 64 0 71.16 0 80v336c0 17.67 14.33 32 32 32h464c8.84 0 16-7.16 16-16v-16c0-8.84-7.16-16-16-16zm-387.2-48h22.4c6.4 0 12.8-6.4 12.8-12.8v-70.4c0-6.4-6.4-12.8-12.8-12.8h-22.4c-6.4 0-12.8 6.4-12.8 12.8v70.4c0 6.4 6.4 12.8 12.8 12.8z\" class=\"\"><\/path><\/svg><\/i> <img loading=\"lazy\" decoding=\"async\" width=\"16\" height=\"16\" alt=\"Loading\" src=\"https:\/\/temucotelevision.cl\/web\/wp-content\/plugins\/page-views-count\/ajax-loader-2x.gif\" border=0 \/><\/p><div class=\"pvc_clear\"><\/div>\n<p>&nbsp;<em>La parlamentaria se refiri\u00f3 a las declaraciones que realiz\u00f3 el ministro de Salud, Enrique Paris, quien recomienda no viajar al sur de Chile.<\/em><\/p>\n\n\n\n<p>La senadora (independiente pro RN), Carmen Gloria Aravena, se refiri\u00f3 a las declaraciones que realiz\u00f3 el ministro de Salud, Enrique Paris, quien se\u00f1al\u00f3 que no se debe viajar al sur de Chile, en particular a La Araucan\u00eda, esto a pocos d\u00edas del eclipse que se apreciar\u00e1 en la regi\u00f3n.<\/p>\n\n\n\n<p>Al respecto, la parlamentaria explic\u00f3 que, si bien, la situaci\u00f3n sanitaria en la regi\u00f3n es preocupante, con un nivel de positividad de Covid-19 que supera el 9%, se deben tomar las medidas que sean necesarias para disminuir los casos, pero a su vez no cerrar las puertas a los turistas.<\/p>\n\n\n\n<p>\u201cEl ministro Paris se equivoca, nuestra regi\u00f3n vive del turismo. No podemos terminar de esa forma con esta industria, que tan mal lo ha pasado y que adem\u00e1s entrega una gran cantidad de empleos en La Araucan\u00eda. Necesitamos implementar medidas urgentes para bajar los casos, pero no podemos cerrar las puertas al turismo en la regi\u00f3n\u201d, sostuvo Aravena.<\/p>\n\n\n\n<p>Asimismo, la senadora indic\u00f3 que debe haber una mayor coordinaci\u00f3n con el gremio y sus necesidades. \u201cConsidero que lo primero es aumentar el testeo PCR para identificar nuevos casos. En cuanto a las personas que van a llegar a nuestra regi\u00f3n por el eclipse, se les puede exigir un PCR negativo realizado al menos 72 horas antes, tal y como se solicita en el aeropuerto internacional, e implementar cordones sanitarios efectivos en todos los puntos de acceso a la zona lacustre y tambi\u00e9n costera de nuestra regi\u00f3n, que es donde se apreciar\u00e1 de mejor forma el eclipse\u201d, puntualiz\u00f3.<\/p>\n","protected":false},"excerpt":{"rendered":"<div class=\"pvc_clear\"><\/div>\n<p id=\"pvc_stats_16938\" class=\"pvc_stats total_only  \" data-element-id=\"16938\" style=\"\"><i class=\"pvc-stats-icon large\" aria-hidden=\"true\"><svg aria-hidden=\"true\" focusable=\"false\" data-prefix=\"far\" data-icon=\"chart-bar\" role=\"img\" xmlns=\"http:\/\/www.w3.org\/2000\/svg\" viewBox=\"0 0 512 512\" class=\"svg-inline--fa fa-chart-bar fa-w-16 fa-2x\"><path fill=\"currentColor\" d=\"M396.8 352h22.4c6.4 0 12.8-6.4 12.8-12.8V108.8c0-6.4-6.4-12.8-12.8-12.8h-22.4c-6.4 0-12.8 6.4-12.8 12.8v230.4c0 6.4 6.4 12.8 12.8 12.8zm-192 0h22.4c6.4 0 12.8-6.4 12.8-12.8V140.8c0-6.4-6.4-12.8-12.8-12.8h-22.4c-6.4 0-12.8 6.4-12.8 12.8v198.4c0 6.4 6.4 12.8 12.8 12.8zm96 0h22.4c6.4 0 12.8-6.4 12.8-12.8V204.8c0-6.4-6.4-12.8-12.8-12.8h-22.4c-6.4 0-12.8 6.4-12.8 12.8v134.4c0 6.4 6.4 12.8 12.8 12.8zM496 400H48V80c0-8.84-7.16-16-16-16H16C7.16 64 0 71.16 0 80v336c0 17.67 14.33 32 32 32h464c8.84 0 16-7.16 16-16v-16c0-8.84-7.16-16-16-16zm-387.2-48h22.4c6.4 0 12.8-6.4 12.8-12.8v-70.4c0-6.4-6.4-12.8-12.8-12.8h-22.4c-6.4 0-12.8 6.4-12.8 12.8v70.4c0 6.4 6.4 12.8 12.8 12.8z\" class=\"\"><\/path><\/svg><\/i> <img loading=\"lazy\" decoding=\"async\" width=\"16\" height=\"16\" alt=\"Loading\" src=\"https:\/\/temucotelevision.cl\/web\/wp-content\/plugins\/page-views-count\/ajax-loader-2x.gif\" border=0 \/><\/p>\n<div class=\"pvc_clear\"><\/div>\n<p>&nbsp;La parlamentaria se refiri\u00f3 a las declaraciones que realiz\u00f3 el ministro de Salud, Enrique Paris, quien recomienda no viajar al<\/p>\n","protected":false},"author":1,"featured_media":12133,"comment_status":"open","ping_status":"open","sticky":false,"template":"","format":"standard","meta":{"colormag_page_container_layout":"default_layout","colormag_page_sidebar_layout":"default_layout","footnotes":""},"categories":[84],"tags":[1262,2065],"class_list":["post-16938","post","type-post","status-publish","format-standard","has-post-thumbnail","hentry","category-politica","tag-industria","tag-senadora"],"a3_pvc":{"activated":true,"total_views":22,"today_views":0},"_links":{"self":[{"href":"https:\/\/temucotelevision.cl\/web\/wp-json\/wp\/v2\/posts\/16938","targetHints":{"allow":["GET"]}}],"collection":[{"href":"https:\/\/temucotelevision.cl\/web\/wp-json\/wp\/v2\/posts"}],"about":[{"href":"https:\/\/temucotelevision.cl\/web\/wp-json\/wp\/v2\/types\/post"}],"author":[{"embeddable":true,"href":"https:\/\/temucotelevision.cl\/web\/wp-json\/wp\/v2\/users\/1"}],"replies":[{"embeddable":true,"href":"https:\/\/temucotelevision.cl\/web\/wp-json\/wp\/v2\/comments?post=16938"}],"version-history":[{"count":1,"href":"https:\/\/temucotelevision.cl\/web\/wp-json\/wp\/v2\/posts\/16938\/revisions"}],"predecessor-version":[{"id":16939,"href":"https:\/\/temucotelevision.cl\/web\/wp-json\/wp\/v2\/posts\/16938\/revisions\/16939"}],"wp:featuredmedia":[{"embeddable":true,"href":"https:\/\/temucotelevision.cl\/web\/wp-json\/wp\/v2\/media\/12133"}],"wp:attachment":[{"href":"https:\/\/temucotelevision.cl\/web\/wp-json\/wp\/v2\/media?parent=16938"}],"wp:term":[{"taxonomy":"category","embeddable":true,"href":"https:\/\/temucotelevision.cl\/web\/wp-json\/wp\/v2\/categories?post=16938"},{"taxonomy":"post_tag","embeddable":true,"href":"https:\/\/temucotelevision.cl\/web\/wp-json\/wp\/v2\/tags?post=16938"}],"curies":[{"name":"wp","href":"https:\/\/api.w.org\/{rel}","templated":true}]}}