{"id":16932,"date":"2020-12-07T10:39:39","date_gmt":"2020-12-07T13:39:39","guid":{"rendered":"https:\/\/temucotelevision.cl\/web\/?p=16932"},"modified":"2020-12-07T10:39:41","modified_gmt":"2020-12-07T13:39:41","slug":"moro-gonzalez-lanza-single-aguanile-junto-a-importantes-cantautoras-chilenas","status":"publish","type":"post","link":"https:\/\/temucotelevision.cl\/web\/2020\/12\/07\/moro-gonzalez-lanza-single-aguanile-junto-a-importantes-cantautoras-chilenas\/","title":{"rendered":"Moro Gonz\u00e1lez lanza single &#8220;Aguanil\u00e9&#8221; junto a importantes cantautoras chilenas"},"content":{"rendered":"<div class=\"pvc_clear\"><\/div><p id=\"pvc_stats_16932\" class=\"pvc_stats total_only  \" data-element-id=\"16932\" style=\"\"><i class=\"pvc-stats-icon large\" aria-hidden=\"true\"><svg aria-hidden=\"true\" focusable=\"false\" data-prefix=\"far\" data-icon=\"chart-bar\" role=\"img\" xmlns=\"http:\/\/www.w3.org\/2000\/svg\" viewBox=\"0 0 512 512\" class=\"svg-inline--fa fa-chart-bar fa-w-16 fa-2x\"><path fill=\"currentColor\" d=\"M396.8 352h22.4c6.4 0 12.8-6.4 12.8-12.8V108.8c0-6.4-6.4-12.8-12.8-12.8h-22.4c-6.4 0-12.8 6.4-12.8 12.8v230.4c0 6.4 6.4 12.8 12.8 12.8zm-192 0h22.4c6.4 0 12.8-6.4 12.8-12.8V140.8c0-6.4-6.4-12.8-12.8-12.8h-22.4c-6.4 0-12.8 6.4-12.8 12.8v198.4c0 6.4 6.4 12.8 12.8 12.8zm96 0h22.4c6.4 0 12.8-6.4 12.8-12.8V204.8c0-6.4-6.4-12.8-12.8-12.8h-22.4c-6.4 0-12.8 6.4-12.8 12.8v134.4c0 6.4 6.4 12.8 12.8 12.8zM496 400H48V80c0-8.84-7.16-16-16-16H16C7.16 64 0 71.16 0 80v336c0 17.67 14.33 32 32 32h464c8.84 0 16-7.16 16-16v-16c0-8.84-7.16-16-16-16zm-387.2-48h22.4c6.4 0 12.8-6.4 12.8-12.8v-70.4c0-6.4-6.4-12.8-12.8-12.8h-22.4c-6.4 0-12.8 6.4-12.8 12.8v70.4c0 6.4 6.4 12.8 12.8 12.8z\" class=\"\"><\/path><\/svg><\/i> <img loading=\"lazy\" decoding=\"async\" width=\"16\" height=\"16\" alt=\"Loading\" src=\"https:\/\/temucotelevision.cl\/web\/wp-content\/plugins\/page-views-count\/ajax-loader-2x.gif\" border=0 \/><\/p><div class=\"pvc_clear\"><\/div>\n<p>El sencillo cuenta con la colaboraci\u00f3n de Elizabeth Morris, Magdalena Matthey, Fabiola Gonz\u00e1lez (La Chinganera) y Marcela Cardemil.<\/p>\n\n\n\n<p>El destacado cantautor nacional&nbsp;<a href=\"https:\/\/www.facebook.com\/MoroGonz\" rel=\"noreferrer noopener\" target=\"_blank\">Moro Gonz\u00e1lez<\/a>&nbsp;regresa con el estreno de su single&nbsp;&#8220;Aguanil\u00e9&#8221;, el que cuenta con la participaci\u00f3n de&nbsp;Elizabeth Morris, Magdalena Matthey, Fabiola Gonz\u00e1lez (La Chinganera) y Marcela Cardemil.<\/p>\n\n\n\n<p>En Yoruba, Cuba, Aguanil\u00e9 significa &#8220;limpieza espiritual para tu casa&#8221;, que es desde donde inicia la inspiraci\u00f3n para este canto por los derechos del agua, donde su compositor comenta que&nbsp;&#8220;<em>preocupados por la crisis h\u00eddrica que nos afecta en Chile y el mundo, por la&nbsp;gesti\u00f3n y apropiaci\u00f3n codiciosa, amparada en leyes injustas y que favorecen &nbsp;el &nbsp;aprovechamiento de las cada vez m\u00e1s escasas aguas disponibles, decidimos hacernos parte de esta denuncia<\/em>&#8220;.<br><br><a href=\"https:\/\/www.facebook.com\/MoroGonz\" rel=\"noreferrer noopener\" target=\"_blank\">Moro Gonz\u00e1lez<\/a>&nbsp;es cantautor, guitarrista, compositor y productor musical. En esta \u00faltima faceta ha estado a cargo de importantes proyectos tales como &#8220;El derecho de vivir en paz&#8221; junto a&nbsp;&nbsp;grandes m\u00fasicos como Jorge coulon , Cecilia Echenique, Ismael Oddo, Pablo Ilabaca, Payadores, actores nacionales como Amparo Noguera,&nbsp;Catalina Saavedra, Tito Noguera &nbsp;y el escritor &nbsp;Jorge Baradit;&nbsp;<br><br>Adem\u00e1s, fue guitarrista y director musical en bandas de Per\u00fa y Cuba, guitarrista en los inicios de La Rue Morgue, arreglador y productor en discos para el Sello Azul.&nbsp;Compositor para Warner Chapel Chile y EMI Music Publishing, &nbsp;productor y compositor del disco de Coni Lewin en Estudio&nbsp;Circo Beat de Fito P\u00e1ez (Argentina), productor y compositor de su primer disco \u201cMoro Gonz\u00e1lez\u201d en M\u00e9xico junto a la co-producci\u00f3n de Arturo Medina y m\u00fasicos de Sin Bandera.&nbsp;Productor y compositor junto a Tito D\u00e1vila (tecladista de Enanitos Verdes y Andr\u00e9s Calamaro) del disco &#8220;Moro G. Americano&#8221; y productor el&nbsp;tema &#8220;Girando como el Pepa&#8221; de Chinchin Peteretes con&nbsp;Joe Vasconcellos.<br><br>Ha obtenido el 3er.&nbsp;(2012) y&nbsp;2do. lugar (2013) del Festival de Cauquenes&nbsp;y gan\u00f3 el Festival de Conc\u00f3n (2015), con el tema &#8220;Me voy pal Norte&#8221;.<br><br>El nuevo sencillo fue grabado&nbsp;en su home studio, mientras que la mezcla y masterizaci\u00f3n estuvo a cargo de Juan Pablo Quezada de&nbsp;<a href=\"https:\/\/www.santuariosonico.cl\/\" rel=\"noreferrer noopener\" target=\"_blank\">Estudio Santuario S\u00f3nico<\/a>.<\/p>\n","protected":false},"excerpt":{"rendered":"<div class=\"pvc_clear\"><\/div>\n<p id=\"pvc_stats_16932\" class=\"pvc_stats total_only  \" data-element-id=\"16932\" style=\"\"><i class=\"pvc-stats-icon large\" aria-hidden=\"true\"><svg aria-hidden=\"true\" focusable=\"false\" data-prefix=\"far\" data-icon=\"chart-bar\" role=\"img\" xmlns=\"http:\/\/www.w3.org\/2000\/svg\" viewBox=\"0 0 512 512\" class=\"svg-inline--fa fa-chart-bar fa-w-16 fa-2x\"><path fill=\"currentColor\" d=\"M396.8 352h22.4c6.4 0 12.8-6.4 12.8-12.8V108.8c0-6.4-6.4-12.8-12.8-12.8h-22.4c-6.4 0-12.8 6.4-12.8 12.8v230.4c0 6.4 6.4 12.8 12.8 12.8zm-192 0h22.4c6.4 0 12.8-6.4 12.8-12.8V140.8c0-6.4-6.4-12.8-12.8-12.8h-22.4c-6.4 0-12.8 6.4-12.8 12.8v198.4c0 6.4 6.4 12.8 12.8 12.8zm96 0h22.4c6.4 0 12.8-6.4 12.8-12.8V204.8c0-6.4-6.4-12.8-12.8-12.8h-22.4c-6.4 0-12.8 6.4-12.8 12.8v134.4c0 6.4 6.4 12.8 12.8 12.8zM496 400H48V80c0-8.84-7.16-16-16-16H16C7.16 64 0 71.16 0 80v336c0 17.67 14.33 32 32 32h464c8.84 0 16-7.16 16-16v-16c0-8.84-7.16-16-16-16zm-387.2-48h22.4c6.4 0 12.8-6.4 12.8-12.8v-70.4c0-6.4-6.4-12.8-12.8-12.8h-22.4c-6.4 0-12.8 6.4-12.8 12.8v70.4c0 6.4 6.4 12.8 12.8 12.8z\" class=\"\"><\/path><\/svg><\/i> <img loading=\"lazy\" decoding=\"async\" width=\"16\" height=\"16\" alt=\"Loading\" src=\"https:\/\/temucotelevision.cl\/web\/wp-content\/plugins\/page-views-count\/ajax-loader-2x.gif\" border=0 \/><\/p>\n<div class=\"pvc_clear\"><\/div>\n<p>El sencillo cuenta con la colaboraci\u00f3n de Elizabeth Morris, Magdalena Matthey, Fabiola Gonz\u00e1lez (La Chinganera) y Marcela Cardemil. El destacado<\/p>\n","protected":false},"author":1,"featured_media":16933,"comment_status":"open","ping_status":"open","sticky":false,"template":"","format":"standard","meta":{"colormag_page_container_layout":"default_layout","colormag_page_sidebar_layout":"default_layout","footnotes":""},"categories":[369],"tags":[609,376,372],"class_list":["post-16932","post","type-post","status-publish","format-standard","has-post-thumbnail","hentry","category-musica","tag-estreno","tag-sencillo","tag-single"],"a3_pvc":{"activated":true,"total_views":25,"today_views":0},"_links":{"self":[{"href":"https:\/\/temucotelevision.cl\/web\/wp-json\/wp\/v2\/posts\/16932","targetHints":{"allow":["GET"]}}],"collection":[{"href":"https:\/\/temucotelevision.cl\/web\/wp-json\/wp\/v2\/posts"}],"about":[{"href":"https:\/\/temucotelevision.cl\/web\/wp-json\/wp\/v2\/types\/post"}],"author":[{"embeddable":true,"href":"https:\/\/temucotelevision.cl\/web\/wp-json\/wp\/v2\/users\/1"}],"replies":[{"embeddable":true,"href":"https:\/\/temucotelevision.cl\/web\/wp-json\/wp\/v2\/comments?post=16932"}],"version-history":[{"count":1,"href":"https:\/\/temucotelevision.cl\/web\/wp-json\/wp\/v2\/posts\/16932\/revisions"}],"predecessor-version":[{"id":16934,"href":"https:\/\/temucotelevision.cl\/web\/wp-json\/wp\/v2\/posts\/16932\/revisions\/16934"}],"wp:featuredmedia":[{"embeddable":true,"href":"https:\/\/temucotelevision.cl\/web\/wp-json\/wp\/v2\/media\/16933"}],"wp:attachment":[{"href":"https:\/\/temucotelevision.cl\/web\/wp-json\/wp\/v2\/media?parent=16932"}],"wp:term":[{"taxonomy":"category","embeddable":true,"href":"https:\/\/temucotelevision.cl\/web\/wp-json\/wp\/v2\/categories?post=16932"},{"taxonomy":"post_tag","embeddable":true,"href":"https:\/\/temucotelevision.cl\/web\/wp-json\/wp\/v2\/tags?post=16932"}],"curies":[{"name":"wp","href":"https:\/\/api.w.org\/{rel}","templated":true}]}}