{"id":16929,"date":"2020-12-06T16:12:35","date_gmt":"2020-12-06T19:12:35","guid":{"rendered":"https:\/\/temucotelevision.cl\/web\/?p=16929"},"modified":"2020-12-06T16:12:37","modified_gmt":"2020-12-06T19:12:37","slug":"autoridades-informan-protocolo-sanitario-para-vuelos-privados-que-lleguen-a-la-region","status":"publish","type":"post","link":"https:\/\/temucotelevision.cl\/web\/2020\/12\/06\/autoridades-informan-protocolo-sanitario-para-vuelos-privados-que-lleguen-a-la-region\/","title":{"rendered":"Autoridades informan protocolo sanitario para vuelos privados que lleguen a la regi\u00f3n"},"content":{"rendered":"<div class=\"pvc_clear\"><\/div><p id=\"pvc_stats_16929\" class=\"pvc_stats total_only  \" data-element-id=\"16929\" style=\"\"><i class=\"pvc-stats-icon large\" aria-hidden=\"true\"><svg aria-hidden=\"true\" focusable=\"false\" data-prefix=\"far\" data-icon=\"chart-bar\" role=\"img\" xmlns=\"http:\/\/www.w3.org\/2000\/svg\" viewBox=\"0 0 512 512\" class=\"svg-inline--fa fa-chart-bar fa-w-16 fa-2x\"><path fill=\"currentColor\" d=\"M396.8 352h22.4c6.4 0 12.8-6.4 12.8-12.8V108.8c0-6.4-6.4-12.8-12.8-12.8h-22.4c-6.4 0-12.8 6.4-12.8 12.8v230.4c0 6.4 6.4 12.8 12.8 12.8zm-192 0h22.4c6.4 0 12.8-6.4 12.8-12.8V140.8c0-6.4-6.4-12.8-12.8-12.8h-22.4c-6.4 0-12.8 6.4-12.8 12.8v198.4c0 6.4 6.4 12.8 12.8 12.8zm96 0h22.4c6.4 0 12.8-6.4 12.8-12.8V204.8c0-6.4-6.4-12.8-12.8-12.8h-22.4c-6.4 0-12.8 6.4-12.8 12.8v134.4c0 6.4 6.4 12.8 12.8 12.8zM496 400H48V80c0-8.84-7.16-16-16-16H16C7.16 64 0 71.16 0 80v336c0 17.67 14.33 32 32 32h464c8.84 0 16-7.16 16-16v-16c0-8.84-7.16-16-16-16zm-387.2-48h22.4c6.4 0 12.8-6.4 12.8-12.8v-70.4c0-6.4-6.4-12.8-12.8-12.8h-22.4c-6.4 0-12.8 6.4-12.8 12.8v70.4c0 6.4 6.4 12.8 12.8 12.8z\" class=\"\"><\/path><\/svg><\/i> <img loading=\"lazy\" decoding=\"async\" width=\"16\" height=\"16\" alt=\"Loading\" src=\"https:\/\/temucotelevision.cl\/web\/wp-content\/plugins\/page-views-count\/ajax-loader-2x.gif\" border=0 \/><\/p><div class=\"pvc_clear\"><\/div>\n<p>Hasta la zona lacustre arribaron el Gobernador de Caut\u00edn, Richard Caifal, la seremi de Salud, Gloria Rodr\u00edguez y el director regional de Aeropuertos, Rodrigo Lagos. El lugar de encuentro fue el aer\u00f3dromo de Villarrica para informar los protocolos que se basan en aduanas sanitarias, controles de salida y llegada, entre otros. <\/p>\n\n\n\n<p>En la oportunidad, se inform\u00f3 adem\u00e1s que todos los aer\u00f3dromos de la regi\u00f3n estar\u00e1n habilitados para recepcionar a las aeronaves que lleguen a La Araucan\u00eda con motivo del Eclipse. En todos los centros a\u00e9reos se aplicaran las mismas medidas sanitarias. <\/p>\n\n\n\n<p>Al respecto, el Gobernador Richard Caifal se\u00f1al\u00f3 &#8220;seguimos en la misi\u00f3n de constatar en terreno la coordinaci\u00f3n de los diversos servicios y tambi\u00e9n prever la fiscalizaci\u00f3n que se producir\u00e1 el d\u00eda 14 de diciembre. Tenemos controles dispuestos en la comuna de Freire para fiscalizar el ingreso a la zona lacustre y como lo ha informado el Intendente habr\u00e1 restricci\u00f3n de desplazamiento para el d\u00eda 14 desde las 00.00 horas. Eso ya est\u00e1 coordinador con personal de la Armada, Carabineros y Ej\u00e9rcito&#8221;.<\/p>\n\n\n\n<p>En tanto, la seremi de Salud, Gloria Rodr\u00edguez dijo &#8220;estamos verificando las condiciones del aer\u00f3dromo porque tenemos que implementar las aduanas sanitarias en todos los vuelos de llegada de todas las personas que vengan al eclipse. Las personas tienen que traer su c\u00e9dula de identidad y su pasaporte sanitario, esta declaraci\u00f3n jurada de los viajeros que el d\u00eda de hoy incluye informaci\u00f3n del origen y destinos&#8221;.<\/p>\n\n\n\n<p>Finalmente el Director Regional de Aeropuertos, Rodrigo Lagos mencion\u00f3 &#8220;se estima un aumento de los vuelos. Como Direcci\u00f3n de Aeropuerto tenemos dispuestos \u00e1reas de estacionamientos especiales, precisamente en el aer\u00f3dromo de Puc\u00f3n para recibir 20 aeronaves m\u00e1s de lo normal. En el caso del Club A\u00e9reo de Villarrica se pusieron a disposici\u00f3n para recepcionar aeronaves, vuelos comerciales y deportivos&#8221;.<\/p>\n\n\n\n<p>Cabe mencionar que en los distintos aer\u00f3dromos de la regi\u00f3n se dispondr\u00e1n de aeronaves para rescate m\u00e9dico y el combate de eventuales incendios forestales.<\/p>\n","protected":false},"excerpt":{"rendered":"<div class=\"pvc_clear\"><\/div>\n<p id=\"pvc_stats_16929\" class=\"pvc_stats total_only  \" data-element-id=\"16929\" style=\"\"><i class=\"pvc-stats-icon large\" aria-hidden=\"true\"><svg aria-hidden=\"true\" focusable=\"false\" data-prefix=\"far\" data-icon=\"chart-bar\" role=\"img\" xmlns=\"http:\/\/www.w3.org\/2000\/svg\" viewBox=\"0 0 512 512\" class=\"svg-inline--fa fa-chart-bar fa-w-16 fa-2x\"><path fill=\"currentColor\" d=\"M396.8 352h22.4c6.4 0 12.8-6.4 12.8-12.8V108.8c0-6.4-6.4-12.8-12.8-12.8h-22.4c-6.4 0-12.8 6.4-12.8 12.8v230.4c0 6.4 6.4 12.8 12.8 12.8zm-192 0h22.4c6.4 0 12.8-6.4 12.8-12.8V140.8c0-6.4-6.4-12.8-12.8-12.8h-22.4c-6.4 0-12.8 6.4-12.8 12.8v198.4c0 6.4 6.4 12.8 12.8 12.8zm96 0h22.4c6.4 0 12.8-6.4 12.8-12.8V204.8c0-6.4-6.4-12.8-12.8-12.8h-22.4c-6.4 0-12.8 6.4-12.8 12.8v134.4c0 6.4 6.4 12.8 12.8 12.8zM496 400H48V80c0-8.84-7.16-16-16-16H16C7.16 64 0 71.16 0 80v336c0 17.67 14.33 32 32 32h464c8.84 0 16-7.16 16-16v-16c0-8.84-7.16-16-16-16zm-387.2-48h22.4c6.4 0 12.8-6.4 12.8-12.8v-70.4c0-6.4-6.4-12.8-12.8-12.8h-22.4c-6.4 0-12.8 6.4-12.8 12.8v70.4c0 6.4 6.4 12.8 12.8 12.8z\" class=\"\"><\/path><\/svg><\/i> <img loading=\"lazy\" decoding=\"async\" width=\"16\" height=\"16\" alt=\"Loading\" src=\"https:\/\/temucotelevision.cl\/web\/wp-content\/plugins\/page-views-count\/ajax-loader-2x.gif\" border=0 \/><\/p>\n<div class=\"pvc_clear\"><\/div>\n<p>Hasta la zona lacustre arribaron el Gobernador de Caut\u00edn, Richard Caifal, la seremi de Salud, Gloria Rodr\u00edguez y el director<\/p>\n","protected":false},"author":1,"featured_media":16930,"comment_status":"open","ping_status":"open","sticky":false,"template":"","format":"standard","meta":{"colormag_page_container_layout":"default_layout","colormag_page_sidebar_layout":"default_layout","footnotes":""},"categories":[15],"tags":[745,3287],"class_list":["post-16929","post","type-post","status-publish","format-standard","has-post-thumbnail","hentry","category-la-araucania","tag-autoridades","tag-privados"],"a3_pvc":{"activated":true,"total_views":46,"today_views":0},"_links":{"self":[{"href":"https:\/\/temucotelevision.cl\/web\/wp-json\/wp\/v2\/posts\/16929","targetHints":{"allow":["GET"]}}],"collection":[{"href":"https:\/\/temucotelevision.cl\/web\/wp-json\/wp\/v2\/posts"}],"about":[{"href":"https:\/\/temucotelevision.cl\/web\/wp-json\/wp\/v2\/types\/post"}],"author":[{"embeddable":true,"href":"https:\/\/temucotelevision.cl\/web\/wp-json\/wp\/v2\/users\/1"}],"replies":[{"embeddable":true,"href":"https:\/\/temucotelevision.cl\/web\/wp-json\/wp\/v2\/comments?post=16929"}],"version-history":[{"count":1,"href":"https:\/\/temucotelevision.cl\/web\/wp-json\/wp\/v2\/posts\/16929\/revisions"}],"predecessor-version":[{"id":16931,"href":"https:\/\/temucotelevision.cl\/web\/wp-json\/wp\/v2\/posts\/16929\/revisions\/16931"}],"wp:featuredmedia":[{"embeddable":true,"href":"https:\/\/temucotelevision.cl\/web\/wp-json\/wp\/v2\/media\/16930"}],"wp:attachment":[{"href":"https:\/\/temucotelevision.cl\/web\/wp-json\/wp\/v2\/media?parent=16929"}],"wp:term":[{"taxonomy":"category","embeddable":true,"href":"https:\/\/temucotelevision.cl\/web\/wp-json\/wp\/v2\/categories?post=16929"},{"taxonomy":"post_tag","embeddable":true,"href":"https:\/\/temucotelevision.cl\/web\/wp-json\/wp\/v2\/tags?post=16929"}],"curies":[{"name":"wp","href":"https:\/\/api.w.org\/{rel}","templated":true}]}}