{"id":16926,"date":"2020-12-06T09:44:18","date_gmt":"2020-12-06T12:44:18","guid":{"rendered":"https:\/\/temucotelevision.cl\/web\/?p=16926"},"modified":"2020-12-06T09:44:20","modified_gmt":"2020-12-06T12:44:20","slug":"daniel-pollak-estrena-el-single-nubes-negras","status":"publish","type":"post","link":"https:\/\/temucotelevision.cl\/web\/2020\/12\/06\/daniel-pollak-estrena-el-single-nubes-negras\/","title":{"rendered":"Daniel Pollak estrena el single &#8220;Nubes negras&#8221;"},"content":{"rendered":"<div class=\"pvc_clear\"><\/div><p id=\"pvc_stats_16926\" class=\"pvc_stats total_only  \" data-element-id=\"16926\" style=\"\"><i class=\"pvc-stats-icon large\" aria-hidden=\"true\"><svg aria-hidden=\"true\" focusable=\"false\" data-prefix=\"far\" data-icon=\"chart-bar\" role=\"img\" xmlns=\"http:\/\/www.w3.org\/2000\/svg\" viewBox=\"0 0 512 512\" class=\"svg-inline--fa fa-chart-bar fa-w-16 fa-2x\"><path fill=\"currentColor\" d=\"M396.8 352h22.4c6.4 0 12.8-6.4 12.8-12.8V108.8c0-6.4-6.4-12.8-12.8-12.8h-22.4c-6.4 0-12.8 6.4-12.8 12.8v230.4c0 6.4 6.4 12.8 12.8 12.8zm-192 0h22.4c6.4 0 12.8-6.4 12.8-12.8V140.8c0-6.4-6.4-12.8-12.8-12.8h-22.4c-6.4 0-12.8 6.4-12.8 12.8v198.4c0 6.4 6.4 12.8 12.8 12.8zm96 0h22.4c6.4 0 12.8-6.4 12.8-12.8V204.8c0-6.4-6.4-12.8-12.8-12.8h-22.4c-6.4 0-12.8 6.4-12.8 12.8v134.4c0 6.4 6.4 12.8 12.8 12.8zM496 400H48V80c0-8.84-7.16-16-16-16H16C7.16 64 0 71.16 0 80v336c0 17.67 14.33 32 32 32h464c8.84 0 16-7.16 16-16v-16c0-8.84-7.16-16-16-16zm-387.2-48h22.4c6.4 0 12.8-6.4 12.8-12.8v-70.4c0-6.4-6.4-12.8-12.8-12.8h-22.4c-6.4 0-12.8 6.4-12.8 12.8v70.4c0 6.4 6.4 12.8 12.8 12.8z\" class=\"\"><\/path><\/svg><\/i> <img loading=\"lazy\" decoding=\"async\" width=\"16\" height=\"16\" alt=\"Loading\" src=\"https:\/\/temucotelevision.cl\/web\/wp-content\/plugins\/page-views-count\/ajax-loader-2x.gif\" border=0 \/><\/p><div class=\"pvc_clear\"><\/div>\n<p>El m\u00fasico chileno&nbsp;<strong>Daniel Pollak<\/strong>&nbsp;acaba de estrenar su nuevo single&nbsp;<strong>Nubes negras<\/strong>, el que ya se encuentra disponible en plataformas digitales.<\/p>\n\n\n\n<p><a href=\"https:\/\/open.spotify.com\/album\/0qpsaNPRZnLKjCjpMXBeqw\" rel=\"noreferrer noopener\" target=\"_blank\">Nubes negras<\/a>&nbsp;es una power ballad&nbsp;que habla sobre el amor plat\u00f3nico no correspondido y el sentimiento de frustraci\u00f3n constante que tienen los adolescentes por ello. Con un sonido noventero, incorpora&nbsp;matices tanto del rock como del pop por su instrumentaci\u00f3n y estilo.<\/p>\n\n\n\n<p>La mezcla fue realizada por Andr\u00e9s Pollak y Miguel Bahamondes, mientras que&nbsp;la masterizaci\u00f3n tambi\u00e9n estuvo a cargo&nbsp;de este \u00faltimo.&nbsp;<\/p>\n\n\n\n<p><a href=\"https:\/\/www.instagram.com\/danielpollakmusic\/\" rel=\"noreferrer noopener\" target=\"_blank\">Daniel Pollak<\/a>, perteneciente al sello&nbsp;<a href=\"http:\/\/planecrashrecords.com\/\" rel=\"noreferrer noopener\" target=\"_blank\">Plane Crash Records<\/a>, es compositor, cantautor, productor y multi instrumentista. Se&nbsp;inici\u00f3&nbsp;en la m\u00fasica a temprana edad con la guitarra el\u00e9ctrica, para luego incursionar en el piano y la voz. Despu\u00e9s del colegio, continu\u00f3 sus&nbsp;estudios en la Escuela Moderna de M\u00fasica, Berkleemusic y ProMedia NY.<\/p>\n\n\n\n<p>Actualmente, se desempe\u00f1a como productor\u00a0de diversos artistas. Cuenta con un EP llamado\u00a0<a rel=\"noreferrer noopener\" href=\"https:\/\/open.spotify.com\/album\/4ywkAtpHluVhzBYBRlnYv5?si=Wy1nIOO1TjGpEJwY4zx0ng\" target=\"_blank\">Algo de amor<\/a>\u00a0y se encuentra preparando\u00a0su primer disco de estudio titulado\u00a0<strong>M\u00fasica Zero<\/strong>, del que ya liber\u00f3 el single<strong>\u00a0<a rel=\"noreferrer noopener\" href=\"https:\/\/open.spotify.com\/track\/1fTRwtQ2ZdcH1kia8sQbYY?si=AwjSMbqqROaQnKo8-YlXSg\" target=\"_blank\">Nunca vuelves<\/a><\/strong>.<\/p>\n\n\n\n<iframe loading=\"lazy\" width=\"560\" height=\"315\" src=\"https:\/\/www.youtube.com\/embed\/CVnWg6tWbQc\" frameborder=\"0\" allow=\"accelerometer; autoplay; clipboard-write; encrypted-media; gyroscope; picture-in-picture\" allowfullscreen><\/iframe>\n\n\n\n<h1 class=\"wp-block-heading\"><br><\/h1>\n","protected":false},"excerpt":{"rendered":"<div class=\"pvc_clear\"><\/div>\n<p id=\"pvc_stats_16926\" class=\"pvc_stats total_only  \" data-element-id=\"16926\" style=\"\"><i class=\"pvc-stats-icon large\" aria-hidden=\"true\"><svg aria-hidden=\"true\" focusable=\"false\" data-prefix=\"far\" data-icon=\"chart-bar\" role=\"img\" xmlns=\"http:\/\/www.w3.org\/2000\/svg\" viewBox=\"0 0 512 512\" class=\"svg-inline--fa fa-chart-bar fa-w-16 fa-2x\"><path fill=\"currentColor\" d=\"M396.8 352h22.4c6.4 0 12.8-6.4 12.8-12.8V108.8c0-6.4-6.4-12.8-12.8-12.8h-22.4c-6.4 0-12.8 6.4-12.8 12.8v230.4c0 6.4 6.4 12.8 12.8 12.8zm-192 0h22.4c6.4 0 12.8-6.4 12.8-12.8V140.8c0-6.4-6.4-12.8-12.8-12.8h-22.4c-6.4 0-12.8 6.4-12.8 12.8v198.4c0 6.4 6.4 12.8 12.8 12.8zm96 0h22.4c6.4 0 12.8-6.4 12.8-12.8V204.8c0-6.4-6.4-12.8-12.8-12.8h-22.4c-6.4 0-12.8 6.4-12.8 12.8v134.4c0 6.4 6.4 12.8 12.8 12.8zM496 400H48V80c0-8.84-7.16-16-16-16H16C7.16 64 0 71.16 0 80v336c0 17.67 14.33 32 32 32h464c8.84 0 16-7.16 16-16v-16c0-8.84-7.16-16-16-16zm-387.2-48h22.4c6.4 0 12.8-6.4 12.8-12.8v-70.4c0-6.4-6.4-12.8-12.8-12.8h-22.4c-6.4 0-12.8 6.4-12.8 12.8v70.4c0 6.4 6.4 12.8 12.8 12.8z\" class=\"\"><\/path><\/svg><\/i> <img loading=\"lazy\" decoding=\"async\" width=\"16\" height=\"16\" alt=\"Loading\" src=\"https:\/\/temucotelevision.cl\/web\/wp-content\/plugins\/page-views-count\/ajax-loader-2x.gif\" border=0 \/><\/p>\n<div class=\"pvc_clear\"><\/div>\n<p>El m\u00fasico chileno&nbsp;Daniel Pollak&nbsp;acaba de estrenar su nuevo single&nbsp;Nubes negras, el que ya se encuentra disponible en plataformas digitales. Nubes<\/p>\n","protected":false},"author":1,"featured_media":16927,"comment_status":"open","ping_status":"open","sticky":false,"template":"","format":"standard","meta":{"colormag_page_container_layout":"default_layout","colormag_page_sidebar_layout":"default_layout","footnotes":""},"categories":[369],"tags":[609,372],"class_list":["post-16926","post","type-post","status-publish","format-standard","has-post-thumbnail","hentry","category-musica","tag-estreno","tag-single"],"a3_pvc":{"activated":true,"total_views":93,"today_views":0},"_links":{"self":[{"href":"https:\/\/temucotelevision.cl\/web\/wp-json\/wp\/v2\/posts\/16926","targetHints":{"allow":["GET"]}}],"collection":[{"href":"https:\/\/temucotelevision.cl\/web\/wp-json\/wp\/v2\/posts"}],"about":[{"href":"https:\/\/temucotelevision.cl\/web\/wp-json\/wp\/v2\/types\/post"}],"author":[{"embeddable":true,"href":"https:\/\/temucotelevision.cl\/web\/wp-json\/wp\/v2\/users\/1"}],"replies":[{"embeddable":true,"href":"https:\/\/temucotelevision.cl\/web\/wp-json\/wp\/v2\/comments?post=16926"}],"version-history":[{"count":1,"href":"https:\/\/temucotelevision.cl\/web\/wp-json\/wp\/v2\/posts\/16926\/revisions"}],"predecessor-version":[{"id":16928,"href":"https:\/\/temucotelevision.cl\/web\/wp-json\/wp\/v2\/posts\/16926\/revisions\/16928"}],"wp:featuredmedia":[{"embeddable":true,"href":"https:\/\/temucotelevision.cl\/web\/wp-json\/wp\/v2\/media\/16927"}],"wp:attachment":[{"href":"https:\/\/temucotelevision.cl\/web\/wp-json\/wp\/v2\/media?parent=16926"}],"wp:term":[{"taxonomy":"category","embeddable":true,"href":"https:\/\/temucotelevision.cl\/web\/wp-json\/wp\/v2\/categories?post=16926"},{"taxonomy":"post_tag","embeddable":true,"href":"https:\/\/temucotelevision.cl\/web\/wp-json\/wp\/v2\/tags?post=16926"}],"curies":[{"name":"wp","href":"https:\/\/api.w.org\/{rel}","templated":true}]}}