{"id":1691,"date":"2019-02-22T11:14:43","date_gmt":"2019-02-22T14:14:43","guid":{"rendered":"https:\/\/temucotelevision.cl\/web\/?p=1691"},"modified":"2019-02-22T11:14:43","modified_gmt":"2019-02-22T14:14:43","slug":"dpto-de-salud-habilitara-puntos-de-atencion-primaria-para-show-aniversario-de-temuco","status":"publish","type":"post","link":"https:\/\/temucotelevision.cl\/web\/2019\/02\/22\/dpto-de-salud-habilitara-puntos-de-atencion-primaria-para-show-aniversario-de-temuco\/","title":{"rendered":"Dpto de Salud habilitar\u00e1 puntos de atenci\u00f3n primaria para Show Aniversario de Temuco"},"content":{"rendered":"<div class=\"pvc_clear\"><\/div>\n<p id=\"pvc_stats_1691\" class=\"pvc_stats total_only  \" data-element-id=\"1691\" style=\"\"><i class=\"pvc-stats-icon large\" aria-hidden=\"true\"><svg aria-hidden=\"true\" focusable=\"false\" data-prefix=\"far\" data-icon=\"chart-bar\" role=\"img\" xmlns=\"http:\/\/www.w3.org\/2000\/svg\" viewBox=\"0 0 512 512\" class=\"svg-inline--fa fa-chart-bar fa-w-16 fa-2x\"><path fill=\"currentColor\" d=\"M396.8 352h22.4c6.4 0 12.8-6.4 12.8-12.8V108.8c0-6.4-6.4-12.8-12.8-12.8h-22.4c-6.4 0-12.8 6.4-12.8 12.8v230.4c0 6.4 6.4 12.8 12.8 12.8zm-192 0h22.4c6.4 0 12.8-6.4 12.8-12.8V140.8c0-6.4-6.4-12.8-12.8-12.8h-22.4c-6.4 0-12.8 6.4-12.8 12.8v198.4c0 6.4 6.4 12.8 12.8 12.8zm96 0h22.4c6.4 0 12.8-6.4 12.8-12.8V204.8c0-6.4-6.4-12.8-12.8-12.8h-22.4c-6.4 0-12.8 6.4-12.8 12.8v134.4c0 6.4 6.4 12.8 12.8 12.8zM496 400H48V80c0-8.84-7.16-16-16-16H16C7.16 64 0 71.16 0 80v336c0 17.67 14.33 32 32 32h464c8.84 0 16-7.16 16-16v-16c0-8.84-7.16-16-16-16zm-387.2-48h22.4c6.4 0 12.8-6.4 12.8-12.8v-70.4c0-6.4-6.4-12.8-12.8-12.8h-22.4c-6.4 0-12.8 6.4-12.8 12.8v70.4c0 6.4 6.4 12.8 12.8 12.8z\" class=\"\"><\/path><\/svg><\/i> <img loading=\"lazy\" decoding=\"async\" width=\"16\" height=\"16\" alt=\"Loading\" src=\"https:\/\/temucotelevision.cl\/web\/wp-content\/plugins\/page-views-count\/ajax-loader-2x.gif\" border=0 \/><\/p>\n<div class=\"pvc_clear\"><\/div>\n<p style=\"text-align: justify;\">Durante este s\u00e1bado 23 y domingo 24 de febrero, profesionales de la salud estar\u00e1n realizando operativos m\u00e9dicos a toda la comunidad.<\/p>\n<p style=\"text-align: justify;\">Este fin de semana Temuco se vestir\u00e1 nuevamente de fiesta y espera la llegada de miles de temuquenses a la Isla Caut\u00edn, a disfrutar de un evento de primer nivel, en el marco del show Aniversario n\u00famero 138 de la comuna, que dar\u00e1 inicio a las 20:00 horas del s\u00e1bado y concluir\u00e1 el domingo 24 de febrero.<\/p>\n<p style=\"text-align: justify;\">Para este evento el Departamento de Salud Municipal tendr\u00e1 a disposici\u00f3n de sus usuarios dos puntos de atenci\u00f3n primaria, que ser\u00e1n habilitados a trav\u00e9s de la cl\u00ednica preventiva m\u00f3vil y un stand de informaci\u00f3n, para evitar cualquier inconveniente que pueda surgir al momento del show.<\/p>\n<p style=\"text-align: justify;\">Adem\u00e1s, en el lugar se realizar\u00e1n test r\u00e1pidos de VIH, vacunaciones preventivas contra el Sarampi\u00f3n y entrega de material informativo a todos los asistentes.<\/p>\n<p style=\"text-align: justify;\">El director del Departamento de Salud de la Municipalidad de Temuco Carlos Vallette, sostuvo que es muy importante para el Departamento de Salud ser parte de este tipo de iniciativas, \u201cestamos muy contentos por tener la posibilidad de entregar, parte de nuestro departamento a la atenci\u00f3n del p\u00fablico que va a asistir a nuestros eventos tanto el d\u00eda s\u00e1bado como el domingo, pues as\u00ed nos acercamos m\u00e1s a nuestros vecinos\u201d cerr\u00f3.<\/p>\n<p>Destacar que los operativos de test r\u00e1pidos de VIH comenzar\u00e1n a desarrollarse desde este viernes 22 de febrero, en el hall de la intendencia regional desde 9 a 13 horas, y este fin de semana se trasladar\u00e1n a la Isla Caut\u00edn para prestar cobertura a nuestros usuarios.<\/p>\n","protected":false},"excerpt":{"rendered":"<div class=\"pvc_clear\"><\/div>\n<p id=\"pvc_stats_1691\" class=\"pvc_stats total_only  \" data-element-id=\"1691\" style=\"\"><i class=\"pvc-stats-icon large\" aria-hidden=\"true\"><svg aria-hidden=\"true\" focusable=\"false\" data-prefix=\"far\" data-icon=\"chart-bar\" role=\"img\" xmlns=\"http:\/\/www.w3.org\/2000\/svg\" viewBox=\"0 0 512 512\" class=\"svg-inline--fa fa-chart-bar fa-w-16 fa-2x\"><path fill=\"currentColor\" d=\"M396.8 352h22.4c6.4 0 12.8-6.4 12.8-12.8V108.8c0-6.4-6.4-12.8-12.8-12.8h-22.4c-6.4 0-12.8 6.4-12.8 12.8v230.4c0 6.4 6.4 12.8 12.8 12.8zm-192 0h22.4c6.4 0 12.8-6.4 12.8-12.8V140.8c0-6.4-6.4-12.8-12.8-12.8h-22.4c-6.4 0-12.8 6.4-12.8 12.8v198.4c0 6.4 6.4 12.8 12.8 12.8zm96 0h22.4c6.4 0 12.8-6.4 12.8-12.8V204.8c0-6.4-6.4-12.8-12.8-12.8h-22.4c-6.4 0-12.8 6.4-12.8 12.8v134.4c0 6.4 6.4 12.8 12.8 12.8zM496 400H48V80c0-8.84-7.16-16-16-16H16C7.16 64 0 71.16 0 80v336c0 17.67 14.33 32 32 32h464c8.84 0 16-7.16 16-16v-16c0-8.84-7.16-16-16-16zm-387.2-48h22.4c6.4 0 12.8-6.4 12.8-12.8v-70.4c0-6.4-6.4-12.8-12.8-12.8h-22.4c-6.4 0-12.8 6.4-12.8 12.8v70.4c0 6.4 6.4 12.8 12.8 12.8z\" class=\"\"><\/path><\/svg><\/i> <img loading=\"lazy\" decoding=\"async\" width=\"16\" height=\"16\" alt=\"Loading\" src=\"https:\/\/temucotelevision.cl\/web\/wp-content\/plugins\/page-views-count\/ajax-loader-2x.gif\" border=0 \/><\/p>\n<div class=\"pvc_clear\"><\/div>\n<p>Durante este s\u00e1bado 23 y domingo 24 de febrero, profesionales de la salud estar\u00e1n realizando operativos m\u00e9dicos a toda la<\/p>\n","protected":false},"author":1,"featured_media":1692,"comment_status":"open","ping_status":"open","sticky":false,"template":"","format":"standard","meta":{"colormag_page_container_layout":"default_layout","colormag_page_sidebar_layout":"default_layout","footnotes":""},"categories":[14],"tags":[496,332,361,360,616,78],"class_list":["post-1691","post","type-post","status-publish","format-standard","has-post-thumbnail","hentry","category-temuco","tag-aniversario","tag-artistas","tag-cautin","tag-isla","tag-show","tag-temuco"],"a3_pvc":{"activated":true,"total_views":47,"today_views":0},"_links":{"self":[{"href":"https:\/\/temucotelevision.cl\/web\/wp-json\/wp\/v2\/posts\/1691","targetHints":{"allow":["GET"]}}],"collection":[{"href":"https:\/\/temucotelevision.cl\/web\/wp-json\/wp\/v2\/posts"}],"about":[{"href":"https:\/\/temucotelevision.cl\/web\/wp-json\/wp\/v2\/types\/post"}],"author":[{"embeddable":true,"href":"https:\/\/temucotelevision.cl\/web\/wp-json\/wp\/v2\/users\/1"}],"replies":[{"embeddable":true,"href":"https:\/\/temucotelevision.cl\/web\/wp-json\/wp\/v2\/comments?post=1691"}],"version-history":[{"count":1,"href":"https:\/\/temucotelevision.cl\/web\/wp-json\/wp\/v2\/posts\/1691\/revisions"}],"predecessor-version":[{"id":1693,"href":"https:\/\/temucotelevision.cl\/web\/wp-json\/wp\/v2\/posts\/1691\/revisions\/1693"}],"wp:featuredmedia":[{"embeddable":true,"href":"https:\/\/temucotelevision.cl\/web\/wp-json\/wp\/v2\/media\/1692"}],"wp:attachment":[{"href":"https:\/\/temucotelevision.cl\/web\/wp-json\/wp\/v2\/media?parent=1691"}],"wp:term":[{"taxonomy":"category","embeddable":true,"href":"https:\/\/temucotelevision.cl\/web\/wp-json\/wp\/v2\/categories?post=1691"},{"taxonomy":"post_tag","embeddable":true,"href":"https:\/\/temucotelevision.cl\/web\/wp-json\/wp\/v2\/tags?post=1691"}],"curies":[{"name":"wp","href":"https:\/\/api.w.org\/{rel}","templated":true}]}}