{"id":1690,"date":"2019-02-22T11:25:07","date_gmt":"2019-02-22T14:25:07","guid":{"rendered":"https:\/\/temucotelevision.cl\/web\/?p=1690"},"modified":"2019-02-22T11:25:07","modified_gmt":"2019-02-22T14:25:07","slug":"aplican-medidas-para-mejorar-el-desplazamiento-de-vehiculos-por-obras-de-avenida-pedro-de-valdivia-en-temuco","status":"publish","type":"post","link":"https:\/\/temucotelevision.cl\/web\/2019\/02\/22\/aplican-medidas-para-mejorar-el-desplazamiento-de-vehiculos-por-obras-de-avenida-pedro-de-valdivia-en-temuco\/","title":{"rendered":"Aplican medidas para mejorar el desplazamiento de veh\u00edculos por obras de Avenida Pedro de Valdivia en Temuco"},"content":{"rendered":"<div class=\"pvc_clear\"><\/div>\n<p id=\"pvc_stats_1690\" class=\"pvc_stats total_only  \" data-element-id=\"1690\" style=\"\"><i class=\"pvc-stats-icon large\" aria-hidden=\"true\"><svg aria-hidden=\"true\" focusable=\"false\" data-prefix=\"far\" data-icon=\"chart-bar\" role=\"img\" xmlns=\"http:\/\/www.w3.org\/2000\/svg\" viewBox=\"0 0 512 512\" class=\"svg-inline--fa fa-chart-bar fa-w-16 fa-2x\"><path fill=\"currentColor\" d=\"M396.8 352h22.4c6.4 0 12.8-6.4 12.8-12.8V108.8c0-6.4-6.4-12.8-12.8-12.8h-22.4c-6.4 0-12.8 6.4-12.8 12.8v230.4c0 6.4 6.4 12.8 12.8 12.8zm-192 0h22.4c6.4 0 12.8-6.4 12.8-12.8V140.8c0-6.4-6.4-12.8-12.8-12.8h-22.4c-6.4 0-12.8 6.4-12.8 12.8v198.4c0 6.4 6.4 12.8 12.8 12.8zm96 0h22.4c6.4 0 12.8-6.4 12.8-12.8V204.8c0-6.4-6.4-12.8-12.8-12.8h-22.4c-6.4 0-12.8 6.4-12.8 12.8v134.4c0 6.4 6.4 12.8 12.8 12.8zM496 400H48V80c0-8.84-7.16-16-16-16H16C7.16 64 0 71.16 0 80v336c0 17.67 14.33 32 32 32h464c8.84 0 16-7.16 16-16v-16c0-8.84-7.16-16-16-16zm-387.2-48h22.4c6.4 0 12.8-6.4 12.8-12.8v-70.4c0-6.4-6.4-12.8-12.8-12.8h-22.4c-6.4 0-12.8 6.4-12.8 12.8v70.4c0 6.4 6.4 12.8 12.8 12.8z\" class=\"\"><\/path><\/svg><\/i> <img loading=\"lazy\" decoding=\"async\" width=\"16\" height=\"16\" alt=\"Loading\" src=\"https:\/\/temucotelevision.cl\/web\/wp-content\/plugins\/page-views-count\/ajax-loader-2x.gif\" border=0 \/><\/p>\n<div class=\"pvc_clear\"><\/div>\n<p style=\"text-align: justify;\"><span style=\"color: #000000; font-family: Calibri; font-size: medium;\">A partir de este jueves 21 de febrero se efectuar\u00e1n cambios en el tr\u00e1nsito de las calles Prieto Norte y Dar\u00edo Salas, medidas orientadas a mejorar el desplazamiento de veh\u00edculos en los sectores en que se llevan a cabo las obras del Proyecto de Mejoramiento de Avenida Pedro de Valdivia.<\/span><\/p>\n<p style=\"text-align: justify;\"><span style=\"color: #000000; font-family: Calibri; font-size: medium;\">Estas medidas incluyen cambios en se\u00f1al\u00e9tica y semaforizaci\u00f3n, adem\u00e1s del cierre del bandej\u00f3n central en Prieto Norte. Para ello se habilit\u00f3 una faja especial donde circular\u00e1n los autom\u00f3viles, alternativa que se utilizar\u00e1 dado el cierre del tramo comprendido entre Prieto Norte y Dar\u00edo Salas, lo que se encuentra debidamente se\u00f1alizado.<\/span><\/p>\n<p style=\"text-align: justify;\"><span style=\"color: #000000; font-family: Calibri; font-size: medium;\">SERVIU en coordinaci\u00f3n con el Ministerio de Transporte y la Direcci\u00f3n de Tr\u00e1nsito incluyeron, espec\u00edficamente, la instalaci\u00f3n de un disco PARE en la intersecci\u00f3n poniente de Pedro de Valdivia con calle Miraflores. En Miraflores con Prieto Norte Oriente, en tanto, se efectu\u00f3 el cierre del paso del bandej\u00f3n central con tr\u00e1nsito solo al Norte, adem\u00e1s de invertir las fases de encendido de l\u00e1mparas de sem\u00e1foro en intersecci\u00f3n de Pedro de Valdivia con Prieto Norte.<\/span><\/p>\n<p style=\"text-align: justify;\"><span style=\"font-family: Calibri;\"><span style=\"font-size: medium;\"><span style=\"color: #000000;\">Los trabajos que se ejecutan en el marco del Proyecto de Mejoramiento de la Avenida Pedro de Valdivia, impulsado por el Ministerio de Vivienda y Urbanismo, iniciaron en mayo de 2018 y consideran la intervenci\u00f3n de 4,5 kil\u00f3metros entre Avenida Prieto Norte y el Orbital. Dos pistas por sentido, una ciclov\u00eda en el costado sur, la construcci\u00f3n de dos puentes viales en el canal Gabriela Mistral, el soterramiento de cables en Av. Prieto Norte y Hochstetter y un proyecto de semaforizaci\u00f3n y sincronismo, contribuir\u00e1n a mejorar significativamente la conectividad del sector y la ciudad.\u00a0<\/span><\/span><\/span><\/p>\n<p style=\"text-align: justify;\"><span style=\"color: #000000; font-family: Calibri; font-size: medium;\">\u201cEsta es una obra emblem\u00e1tica y esperada por los habitantes de Temuco, por su aporte a la calidad de vida de quienes residen en la capital de La Araucan\u00eda. Agradecemos a la ciudadan\u00eda la disposici\u00f3n ante las alteraciones que obras de esta envergadura provocan, y reiteramos el llamado a tener precauci\u00f3n y organizarse\u201d, sentenci\u00f3 el director de SERVIU Araucan\u00eda, Hugo Cruz.<\/span><\/p>\n","protected":false},"excerpt":{"rendered":"<div class=\"pvc_clear\"><\/div>\n<p id=\"pvc_stats_1690\" class=\"pvc_stats total_only  \" data-element-id=\"1690\" style=\"\"><i class=\"pvc-stats-icon large\" aria-hidden=\"true\"><svg aria-hidden=\"true\" focusable=\"false\" data-prefix=\"far\" data-icon=\"chart-bar\" role=\"img\" xmlns=\"http:\/\/www.w3.org\/2000\/svg\" viewBox=\"0 0 512 512\" class=\"svg-inline--fa fa-chart-bar fa-w-16 fa-2x\"><path fill=\"currentColor\" d=\"M396.8 352h22.4c6.4 0 12.8-6.4 12.8-12.8V108.8c0-6.4-6.4-12.8-12.8-12.8h-22.4c-6.4 0-12.8 6.4-12.8 12.8v230.4c0 6.4 6.4 12.8 12.8 12.8zm-192 0h22.4c6.4 0 12.8-6.4 12.8-12.8V140.8c0-6.4-6.4-12.8-12.8-12.8h-22.4c-6.4 0-12.8 6.4-12.8 12.8v198.4c0 6.4 6.4 12.8 12.8 12.8zm96 0h22.4c6.4 0 12.8-6.4 12.8-12.8V204.8c0-6.4-6.4-12.8-12.8-12.8h-22.4c-6.4 0-12.8 6.4-12.8 12.8v134.4c0 6.4 6.4 12.8 12.8 12.8zM496 400H48V80c0-8.84-7.16-16-16-16H16C7.16 64 0 71.16 0 80v336c0 17.67 14.33 32 32 32h464c8.84 0 16-7.16 16-16v-16c0-8.84-7.16-16-16-16zm-387.2-48h22.4c6.4 0 12.8-6.4 12.8-12.8v-70.4c0-6.4-6.4-12.8-12.8-12.8h-22.4c-6.4 0-12.8 6.4-12.8 12.8v70.4c0 6.4 6.4 12.8 12.8 12.8z\" class=\"\"><\/path><\/svg><\/i> <img loading=\"lazy\" decoding=\"async\" width=\"16\" height=\"16\" alt=\"Loading\" src=\"https:\/\/temucotelevision.cl\/web\/wp-content\/plugins\/page-views-count\/ajax-loader-2x.gif\" border=0 \/><\/p>\n<div class=\"pvc_clear\"><\/div>\n<p>A partir de este jueves 21 de febrero se efectuar\u00e1n cambios en el tr\u00e1nsito de las calles Prieto Norte y<\/p>\n","protected":false},"author":1,"featured_media":1695,"comment_status":"open","ping_status":"open","sticky":false,"template":"","format":"standard","meta":{"colormag_page_container_layout":"default_layout","colormag_page_sidebar_layout":"default_layout","footnotes":""},"categories":[14],"tags":[78],"class_list":["post-1690","post","type-post","status-publish","format-standard","has-post-thumbnail","hentry","category-temuco","tag-temuco"],"a3_pvc":{"activated":true,"total_views":24,"today_views":0},"_links":{"self":[{"href":"https:\/\/temucotelevision.cl\/web\/wp-json\/wp\/v2\/posts\/1690","targetHints":{"allow":["GET"]}}],"collection":[{"href":"https:\/\/temucotelevision.cl\/web\/wp-json\/wp\/v2\/posts"}],"about":[{"href":"https:\/\/temucotelevision.cl\/web\/wp-json\/wp\/v2\/types\/post"}],"author":[{"embeddable":true,"href":"https:\/\/temucotelevision.cl\/web\/wp-json\/wp\/v2\/users\/1"}],"replies":[{"embeddable":true,"href":"https:\/\/temucotelevision.cl\/web\/wp-json\/wp\/v2\/comments?post=1690"}],"version-history":[{"count":1,"href":"https:\/\/temucotelevision.cl\/web\/wp-json\/wp\/v2\/posts\/1690\/revisions"}],"predecessor-version":[{"id":1697,"href":"https:\/\/temucotelevision.cl\/web\/wp-json\/wp\/v2\/posts\/1690\/revisions\/1697"}],"wp:featuredmedia":[{"embeddable":true,"href":"https:\/\/temucotelevision.cl\/web\/wp-json\/wp\/v2\/media\/1695"}],"wp:attachment":[{"href":"https:\/\/temucotelevision.cl\/web\/wp-json\/wp\/v2\/media?parent=1690"}],"wp:term":[{"taxonomy":"category","embeddable":true,"href":"https:\/\/temucotelevision.cl\/web\/wp-json\/wp\/v2\/categories?post=1690"},{"taxonomy":"post_tag","embeddable":true,"href":"https:\/\/temucotelevision.cl\/web\/wp-json\/wp\/v2\/tags?post=1690"}],"curies":[{"name":"wp","href":"https:\/\/api.w.org\/{rel}","templated":true}]}}