{"id":1674,"date":"2019-02-21T17:33:25","date_gmt":"2019-02-21T20:33:25","guid":{"rendered":"https:\/\/temucotelevision.cl\/web\/?p=1674"},"modified":"2019-02-21T17:33:25","modified_gmt":"2019-02-21T20:33:25","slug":"presidente-pinera-inaugura-nueva-comisaria-en-lautaro","status":"publish","type":"post","link":"https:\/\/temucotelevision.cl\/web\/2019\/02\/21\/presidente-pinera-inaugura-nueva-comisaria-en-lautaro\/","title":{"rendered":"Presidente Pi\u00f1era inaugura nueva comisar\u00eda en Lautaro"},"content":{"rendered":"<div class=\"pvc_clear\"><\/div>\n<p id=\"pvc_stats_1674\" class=\"pvc_stats total_only  \" data-element-id=\"1674\" style=\"\"><i class=\"pvc-stats-icon large\" aria-hidden=\"true\"><svg aria-hidden=\"true\" focusable=\"false\" data-prefix=\"far\" data-icon=\"chart-bar\" role=\"img\" xmlns=\"http:\/\/www.w3.org\/2000\/svg\" viewBox=\"0 0 512 512\" class=\"svg-inline--fa fa-chart-bar fa-w-16 fa-2x\"><path fill=\"currentColor\" d=\"M396.8 352h22.4c6.4 0 12.8-6.4 12.8-12.8V108.8c0-6.4-6.4-12.8-12.8-12.8h-22.4c-6.4 0-12.8 6.4-12.8 12.8v230.4c0 6.4 6.4 12.8 12.8 12.8zm-192 0h22.4c6.4 0 12.8-6.4 12.8-12.8V140.8c0-6.4-6.4-12.8-12.8-12.8h-22.4c-6.4 0-12.8 6.4-12.8 12.8v198.4c0 6.4 6.4 12.8 12.8 12.8zm96 0h22.4c6.4 0 12.8-6.4 12.8-12.8V204.8c0-6.4-6.4-12.8-12.8-12.8h-22.4c-6.4 0-12.8 6.4-12.8 12.8v134.4c0 6.4 6.4 12.8 12.8 12.8zM496 400H48V80c0-8.84-7.16-16-16-16H16C7.16 64 0 71.16 0 80v336c0 17.67 14.33 32 32 32h464c8.84 0 16-7.16 16-16v-16c0-8.84-7.16-16-16-16zm-387.2-48h22.4c6.4 0 12.8-6.4 12.8-12.8v-70.4c0-6.4-6.4-12.8-12.8-12.8h-22.4c-6.4 0-12.8 6.4-12.8 12.8v70.4c0 6.4 6.4 12.8 12.8 12.8z\" class=\"\"><\/path><\/svg><\/i> <img loading=\"lazy\" decoding=\"async\" width=\"16\" height=\"16\" alt=\"Loading\" src=\"https:\/\/temucotelevision.cl\/web\/wp-content\/plugins\/page-views-count\/ajax-loader-2x.gif\" border=0 \/><\/p>\n<div class=\"pvc_clear\"><\/div>\n<p style=\"text-align: justify;\">El General Director de Carabineros, Mario Rozas C\u00f3rdoba y el Presidente de La Rep\u00fablica, Sebasti\u00e1n Pi\u00f1era, inauguraron el nuevo edificio de la 1ra. Comisar\u00eda \u201cLautaro\u201d, una construcci\u00f3n moderna e inclusiva, con amplias y c\u00f3modas dependencias para ofrecer un mejor servicio a los vecinos de las comunas de Lautaro, Perquenco y Galvarino.<\/p>\n<p style=\"text-align: justify;\">Ubicado en calle Balmaceda 1094, el edificio de dos pisos cuenta con una superficie de 1.461 metros cuadrados construidos, y sus obras se iniciaron en diciembre de 2016. Hoy, tras una marcha blanca de ocho meses, la nueva unidad fue presentada a la ciudadan\u00eda.<\/p>\n<p style=\"text-align: justify;\">\u201cEstamos muy contentos de poder entregar el d\u00eda de hoy a la comunidad de Lautaro este cuartel, creemos que es un aporte a la funci\u00f3n que desempe\u00f1amos d\u00eda a d\u00eda que es aumentar la sensaci\u00f3n de seguridad para que todos los habitantes, especialmente la comuna de Lautaro, puedan desarrollar sin ning\u00fan inconveniente las labores diarias\u201d, destac\u00f3 el General Director de Carabineros, Mario Rozas, junto con agregar \u201cqueremos que este cuartel sea un punto de encuentro de la comunidad\u201d.<\/p>\n<p style=\"text-align: justify;\">&#8220;Yo le quiero dar, una vez m\u00e1s, mi m\u00e1s firme respaldo a la labor que realiza Carabineros a lo largo y ancho de nuestro pa\u00eds (&#8230;) espero que esta 1ra. Comisar\u00eda de Lautaro sea un aporte a esta comuna y esta ciudad para avanzar en la tan anhelada, merecida y esperada paz y tranquilidad que todos los habitantes de La Araucan\u00eda necesitan y merecen&#8221;, expres\u00f3 el Presidente de La Rep\u00fablica, Sebasti\u00e1n Pi\u00f1era.<\/p>\n<p style=\"text-align: justify;\">El recinto, cuya inversi\u00f3n alcanz\u00f3 los $2 mil millones financiados con fondos Institucionales, cuenta con rampas para personas con discapacidad; una oficina de violencia intrafamiliar; un c\u00f3modo hall de espera y m\u00f3dulos de atenci\u00f3n; casino; sala de reuniones; ba\u00f1os; dormitorios; estacionamientos; y placas de oficina grabadas en espa\u00f1ol y mapudung\u00fan, pensadas en la poblaci\u00f3n rural y de origen mapuche que atiende la comisar\u00eda.<\/p>\n<p style=\"text-align: justify;\">Entre las novedades, en su oferta de servicios, la 1ra. Comisar\u00eda \u201cLautaro\u201d agreg\u00f3 al parque vehicular y los patrullajes montados, los servicios policiales en bicicleta gracias al aporte de la municipalidad local.<\/p>\n<p style=\"text-align: justify;\">\u201cEstamos muy contentos por la inauguraci\u00f3n de nuestra nueva comisar\u00eda (\u2026) contamos con dos nuevas bicicletas y el lenguaje de nuestras oficinas en mapudung\u00fan lo que la hace m\u00e1s amigable para las personas de nuestra comuna\u201d, se\u00f1al\u00f3 el Mayor Patricio Riquelme Neira, comisario de la 1ra. Comisar\u00eda de Lautaro.<\/p>\n<p style=\"text-align: justify;\">Como \u201cun sue\u00f1o\u201d calific\u00f3 al nuevo edificio el alcalde de Lautaro, Ra\u00fal Schifferli D\u00edaz: \u201cpara nosotros es muy importante (la nueva comisar\u00eda) porque viene a modernizar y tambi\u00e9n a ayudar a los carabineros que defienden a nuestra patria, nuestra Regi\u00f3n, nuestra comuna, el pa\u00eds, es un instituci\u00f3n muy noble Carabineros de Chile\u201d.<\/p>\n<p style=\"text-align: justify;\">La 1ra. Comisar\u00eda \u201cLautaro\u201d, fue creada noviembre de 1940, y de ella dependen los retenes Pillanlelb\u00fan, Dollinco, Perquenco y la Tenencia Galvarino, los que a diario brindan seguridad y bienestar a los habitantes de esos sectores.<\/p>\n","protected":false},"excerpt":{"rendered":"<div class=\"pvc_clear\"><\/div>\n<p id=\"pvc_stats_1674\" class=\"pvc_stats total_only  \" data-element-id=\"1674\" style=\"\"><i class=\"pvc-stats-icon large\" aria-hidden=\"true\"><svg aria-hidden=\"true\" focusable=\"false\" data-prefix=\"far\" data-icon=\"chart-bar\" role=\"img\" xmlns=\"http:\/\/www.w3.org\/2000\/svg\" viewBox=\"0 0 512 512\" class=\"svg-inline--fa fa-chart-bar fa-w-16 fa-2x\"><path fill=\"currentColor\" d=\"M396.8 352h22.4c6.4 0 12.8-6.4 12.8-12.8V108.8c0-6.4-6.4-12.8-12.8-12.8h-22.4c-6.4 0-12.8 6.4-12.8 12.8v230.4c0 6.4 6.4 12.8 12.8 12.8zm-192 0h22.4c6.4 0 12.8-6.4 12.8-12.8V140.8c0-6.4-6.4-12.8-12.8-12.8h-22.4c-6.4 0-12.8 6.4-12.8 12.8v198.4c0 6.4 6.4 12.8 12.8 12.8zm96 0h22.4c6.4 0 12.8-6.4 12.8-12.8V204.8c0-6.4-6.4-12.8-12.8-12.8h-22.4c-6.4 0-12.8 6.4-12.8 12.8v134.4c0 6.4 6.4 12.8 12.8 12.8zM496 400H48V80c0-8.84-7.16-16-16-16H16C7.16 64 0 71.16 0 80v336c0 17.67 14.33 32 32 32h464c8.84 0 16-7.16 16-16v-16c0-8.84-7.16-16-16-16zm-387.2-48h22.4c6.4 0 12.8-6.4 12.8-12.8v-70.4c0-6.4-6.4-12.8-12.8-12.8h-22.4c-6.4 0-12.8 6.4-12.8 12.8v70.4c0 6.4 6.4 12.8 12.8 12.8z\" class=\"\"><\/path><\/svg><\/i> <img loading=\"lazy\" decoding=\"async\" width=\"16\" height=\"16\" alt=\"Loading\" src=\"https:\/\/temucotelevision.cl\/web\/wp-content\/plugins\/page-views-count\/ajax-loader-2x.gif\" border=0 \/><\/p>\n<div class=\"pvc_clear\"><\/div>\n<p>El General Director de Carabineros, Mario Rozas C\u00f3rdoba y el Presidente de La Rep\u00fablica, Sebasti\u00e1n Pi\u00f1era, inauguraron el nuevo edificio<\/p>\n","protected":false},"author":1,"featured_media":1678,"comment_status":"open","ping_status":"open","sticky":false,"template":"","format":"standard","meta":{"colormag_page_container_layout":"default_layout","colormag_page_sidebar_layout":"default_layout","footnotes":""},"categories":[15],"tags":[612,130,457,114,176],"class_list":["post-1674","post","type-post","status-publish","format-standard","has-post-thumbnail","hentry","category-la-araucania","tag-comisaria","tag-inauguracion","tag-lautaro","tag-pinera","tag-presidente"],"a3_pvc":{"activated":true,"total_views":51,"today_views":0},"_links":{"self":[{"href":"https:\/\/temucotelevision.cl\/web\/wp-json\/wp\/v2\/posts\/1674","targetHints":{"allow":["GET"]}}],"collection":[{"href":"https:\/\/temucotelevision.cl\/web\/wp-json\/wp\/v2\/posts"}],"about":[{"href":"https:\/\/temucotelevision.cl\/web\/wp-json\/wp\/v2\/types\/post"}],"author":[{"embeddable":true,"href":"https:\/\/temucotelevision.cl\/web\/wp-json\/wp\/v2\/users\/1"}],"replies":[{"embeddable":true,"href":"https:\/\/temucotelevision.cl\/web\/wp-json\/wp\/v2\/comments?post=1674"}],"version-history":[{"count":1,"href":"https:\/\/temucotelevision.cl\/web\/wp-json\/wp\/v2\/posts\/1674\/revisions"}],"predecessor-version":[{"id":1679,"href":"https:\/\/temucotelevision.cl\/web\/wp-json\/wp\/v2\/posts\/1674\/revisions\/1679"}],"wp:featuredmedia":[{"embeddable":true,"href":"https:\/\/temucotelevision.cl\/web\/wp-json\/wp\/v2\/media\/1678"}],"wp:attachment":[{"href":"https:\/\/temucotelevision.cl\/web\/wp-json\/wp\/v2\/media?parent=1674"}],"wp:term":[{"taxonomy":"category","embeddable":true,"href":"https:\/\/temucotelevision.cl\/web\/wp-json\/wp\/v2\/categories?post=1674"},{"taxonomy":"post_tag","embeddable":true,"href":"https:\/\/temucotelevision.cl\/web\/wp-json\/wp\/v2\/tags?post=1674"}],"curies":[{"name":"wp","href":"https:\/\/api.w.org\/{rel}","templated":true}]}}