{"id":1661,"date":"2019-02-21T13:12:39","date_gmt":"2019-02-21T16:12:39","guid":{"rendered":"https:\/\/temucotelevision.cl\/web\/?p=1661"},"modified":"2019-02-21T13:12:39","modified_gmt":"2019-02-21T16:12:39","slug":"reserva-cerro-paine-rescata-patrimonio-historico-y-estrena-5-rutas-de-escalada","status":"publish","type":"post","link":"https:\/\/temucotelevision.cl\/web\/2019\/02\/21\/reserva-cerro-paine-rescata-patrimonio-historico-y-estrena-5-rutas-de-escalada\/","title":{"rendered":"Reserva Cerro Paine rescata patrimonio hist\u00f3rico y estrena 5 rutas de escalada"},"content":{"rendered":"<div class=\"pvc_clear\"><\/div>\n<p id=\"pvc_stats_1661\" class=\"pvc_stats total_only  \" data-element-id=\"1661\" style=\"\"><i class=\"pvc-stats-icon large\" aria-hidden=\"true\"><svg aria-hidden=\"true\" focusable=\"false\" data-prefix=\"far\" data-icon=\"chart-bar\" role=\"img\" xmlns=\"http:\/\/www.w3.org\/2000\/svg\" viewBox=\"0 0 512 512\" class=\"svg-inline--fa fa-chart-bar fa-w-16 fa-2x\"><path fill=\"currentColor\" d=\"M396.8 352h22.4c6.4 0 12.8-6.4 12.8-12.8V108.8c0-6.4-6.4-12.8-12.8-12.8h-22.4c-6.4 0-12.8 6.4-12.8 12.8v230.4c0 6.4 6.4 12.8 12.8 12.8zm-192 0h22.4c6.4 0 12.8-6.4 12.8-12.8V140.8c0-6.4-6.4-12.8-12.8-12.8h-22.4c-6.4 0-12.8 6.4-12.8 12.8v198.4c0 6.4 6.4 12.8 12.8 12.8zm96 0h22.4c6.4 0 12.8-6.4 12.8-12.8V204.8c0-6.4-6.4-12.8-12.8-12.8h-22.4c-6.4 0-12.8 6.4-12.8 12.8v134.4c0 6.4 6.4 12.8 12.8 12.8zM496 400H48V80c0-8.84-7.16-16-16-16H16C7.16 64 0 71.16 0 80v336c0 17.67 14.33 32 32 32h464c8.84 0 16-7.16 16-16v-16c0-8.84-7.16-16-16-16zm-387.2-48h22.4c6.4 0 12.8-6.4 12.8-12.8v-70.4c0-6.4-6.4-12.8-12.8-12.8h-22.4c-6.4 0-12.8 6.4-12.8 12.8v70.4c0 6.4 6.4 12.8 12.8 12.8z\" class=\"\"><\/path><\/svg><\/i> <img loading=\"lazy\" decoding=\"async\" width=\"16\" height=\"16\" alt=\"Loading\" src=\"https:\/\/temucotelevision.cl\/web\/wp-content\/plugins\/page-views-count\/ajax-loader-2x.gif\" border=0 \/><\/p>\n<div class=\"pvc_clear\"><\/div>\n<p style=\"text-align: justify;\">\u2022 Cueva del Puma y sector Tuc\u00faquere, rocas ancestrales y destinos de escalada descubiertos en 1962 en Torres del Paine, hoy han sido habilitados con nuevos anclajes 100% seguros, abriendo un total de 8 rutas de escalada de diversa dificultad, para turistas y deportistas a partir de los 6 a\u00f1os.<br \/>\n\u2022 Reserva Cerro Paine tambi\u00e9n estren\u00f3 nuevas rutas para bicicletas, esta vez habilitando un circuito especial para personas en situaci\u00f3n de discapacidad motriz, con apoyo de gu\u00edas y una silla especial, proporcionada por Wheel the World.<\/p>\n<p style=\"text-align: justify;\">Ubicada en el acceso oriente del Parque Nacional Torres del Paine, Reserva Cerro Paine estrena este verano rutas de escalada para ni\u00f1os, principiantes y expertos; en las inmediaciones de Cueva del Puma y Sector Tuc\u00faquere, rocas de tiempos ancestrales descubiertas en 1962 por los primeros escaladores de Torres del Paine. En el mes de abril, ambas rutas en la roca fueron reequipadas y habilitadas para ascensos con diversos niveles de dificultad y considerando la velocidad del viento y temperaturas extremas.<\/p>\n<p style=\"text-align: justify;\">Reserva Cerro Paine recibe m\u00e1s 100.000 visitantes cada a\u00f1o, desde chilenos hasta extranjeros provenientes predominantemente de Estados Unidos, Europa, Australia y Reino Unido. Las nuevas rutas de escalada se han convertido en una atracci\u00f3n m\u00e1s para deportistas de excelencia, amateur y ni\u00f1os que se inician en esta disciplina. \u201cEste a\u00f1o asumimos el desaf\u00edo de habilitar estas reconocidas rutas de escalada e instalar nuevos anclajes y as\u00ed implementar 5 nuevas rutas seguras de escalada, completando un total de 8, ampliando las posibilidades del turismo en Torres del Paine\u201d, asegur\u00f3 Mar\u00eda Jos\u00e9 Marchant, Jefa del Centro de Excursiones de Reserva Cerro Paine.<\/p>\n<p style=\"text-align: justify;\">La escalada Cueva del Puma cuenta con tres rutas dirigidas principalmente a expertos, debido a la pendiente en contra de la cueva, y con un gran potencial para seguir implementando nuevas v\u00edas de abordaje. Por su parte, la escalada Tuc\u00faqure, que debe su nombre a un b\u00faho magall\u00e1nico caracter\u00edstico de la zona, cuenta con rutas evolutivas en dificultad, ideales para el formato Escuela. La duraci\u00f3n de la escalada es de 3,5 horas, recomendada para grupos de 1 a 4 personas, desde los 6 a\u00f1os.<\/p>\n<p style=\"text-align: justify;\">Todas las alternativas incluyen la asistencia de un gu\u00eda, desde Hotel Las Torres hasta ambas rocas, reconocimiento de las rutas \u201cCochambre\u201d, \u201cLa de Pepe\u201d, \u201cNi dry ni wet\u201d, y \u201cEscuelita\u201d, con una altura promedio de 5 a 6 metros. Incluye equipo t\u00e9cnico de monta\u00f1a y de primeros auxilios. Entre los requisitos, se sugiere: buen estado f\u00edsico, mochila peque\u00f1a, protector solar, lentes de sol, ropa de abrigo liviana y calzado de trekking.<\/p>\n<p style=\"text-align: justify;\">En la l\u00ednea de la inclusi\u00f3n, Reserva Cerro Paine ya ha piloteado experiencias de turismo inclusivo para personas con discapacidad visual, cognitiva, auditiva y f\u00edsica. En esta \u00faltima, acompa\u00f1\u00f3 al deportista australiano paraol\u00edmpico Chris Alp, parapl\u00e9jico desde los 12 a\u00f1os, en una traves\u00eda con una silla de ruedas adaptada para todo terreno, proporcionada por Wheel the World, hoy disponible para un circuito en bicicleta dentro de la Reserva.<\/p>\n<p style=\"text-align: justify;\">Sobre Reserva Cerro Paine<\/p>\n<p style=\"text-align: justify;\">Es una reserva natural y cultural ubicada en el coraz\u00f3n del Parque Nacional Torres del Paine, en la regi\u00f3n m\u00e1s austral del Chile. Su misi\u00f3n es inspirar a personas con la naturaleza y cultura patag\u00f3nica, procurando una visi\u00f3n sustentable y de categor\u00eda mundial. Cuenta con el Hotel Las Torres Patagonia y Fant\u00e1stico Sur, que administra 5 sectores para camping\/refugio, ubicados en la entrada del Parque Nacional, raz\u00f3n por la cual es parte de la mayor\u00eda de los circuitos que se realizan en la zona, como son W o Paine Grande, y O. La fauna propia de la regi\u00f3n incluye pumas, huemules, guanacos, c\u00f3ndores, quirquinchos andinos, chingues, zorros, entre otras especias; mientras que la flora destaca por la presencia generosa de lengas, coigues, \u00f1irres, coir\u00f3n, calafate, entre otros.<\/p>\n","protected":false},"excerpt":{"rendered":"<div class=\"pvc_clear\"><\/div>\n<p id=\"pvc_stats_1661\" class=\"pvc_stats total_only  \" data-element-id=\"1661\" style=\"\"><i class=\"pvc-stats-icon large\" aria-hidden=\"true\"><svg aria-hidden=\"true\" focusable=\"false\" data-prefix=\"far\" data-icon=\"chart-bar\" role=\"img\" xmlns=\"http:\/\/www.w3.org\/2000\/svg\" viewBox=\"0 0 512 512\" class=\"svg-inline--fa fa-chart-bar fa-w-16 fa-2x\"><path fill=\"currentColor\" d=\"M396.8 352h22.4c6.4 0 12.8-6.4 12.8-12.8V108.8c0-6.4-6.4-12.8-12.8-12.8h-22.4c-6.4 0-12.8 6.4-12.8 12.8v230.4c0 6.4 6.4 12.8 12.8 12.8zm-192 0h22.4c6.4 0 12.8-6.4 12.8-12.8V140.8c0-6.4-6.4-12.8-12.8-12.8h-22.4c-6.4 0-12.8 6.4-12.8 12.8v198.4c0 6.4 6.4 12.8 12.8 12.8zm96 0h22.4c6.4 0 12.8-6.4 12.8-12.8V204.8c0-6.4-6.4-12.8-12.8-12.8h-22.4c-6.4 0-12.8 6.4-12.8 12.8v134.4c0 6.4 6.4 12.8 12.8 12.8zM496 400H48V80c0-8.84-7.16-16-16-16H16C7.16 64 0 71.16 0 80v336c0 17.67 14.33 32 32 32h464c8.84 0 16-7.16 16-16v-16c0-8.84-7.16-16-16-16zm-387.2-48h22.4c6.4 0 12.8-6.4 12.8-12.8v-70.4c0-6.4-6.4-12.8-12.8-12.8h-22.4c-6.4 0-12.8 6.4-12.8 12.8v70.4c0 6.4 6.4 12.8 12.8 12.8z\" class=\"\"><\/path><\/svg><\/i> <img loading=\"lazy\" decoding=\"async\" width=\"16\" height=\"16\" alt=\"Loading\" src=\"https:\/\/temucotelevision.cl\/web\/wp-content\/plugins\/page-views-count\/ajax-loader-2x.gif\" border=0 \/><\/p>\n<div class=\"pvc_clear\"><\/div>\n<p>\u2022 Cueva del Puma y sector Tuc\u00faquere, rocas ancestrales y destinos de escalada descubiertos en 1962 en Torres del Paine,<\/p>\n","protected":false},"author":1,"featured_media":1662,"comment_status":"open","ping_status":"open","sticky":false,"template":"","format":"standard","meta":{"colormag_page_container_layout":"default_layout","colormag_page_sidebar_layout":"default_layout","footnotes":""},"categories":[101],"tags":[608,610,609,394,611,93],"class_list":["post-1661","post","type-post","status-publish","format-standard","has-post-thumbnail","hentry","category-actualidad","tag-cerro","tag-escalada","tag-estreno","tag-grupos","tag-paine","tag-verano"],"a3_pvc":{"activated":true,"total_views":24,"today_views":0},"_links":{"self":[{"href":"https:\/\/temucotelevision.cl\/web\/wp-json\/wp\/v2\/posts\/1661","targetHints":{"allow":["GET"]}}],"collection":[{"href":"https:\/\/temucotelevision.cl\/web\/wp-json\/wp\/v2\/posts"}],"about":[{"href":"https:\/\/temucotelevision.cl\/web\/wp-json\/wp\/v2\/types\/post"}],"author":[{"embeddable":true,"href":"https:\/\/temucotelevision.cl\/web\/wp-json\/wp\/v2\/users\/1"}],"replies":[{"embeddable":true,"href":"https:\/\/temucotelevision.cl\/web\/wp-json\/wp\/v2\/comments?post=1661"}],"version-history":[{"count":1,"href":"https:\/\/temucotelevision.cl\/web\/wp-json\/wp\/v2\/posts\/1661\/revisions"}],"predecessor-version":[{"id":1663,"href":"https:\/\/temucotelevision.cl\/web\/wp-json\/wp\/v2\/posts\/1661\/revisions\/1663"}],"wp:featuredmedia":[{"embeddable":true,"href":"https:\/\/temucotelevision.cl\/web\/wp-json\/wp\/v2\/media\/1662"}],"wp:attachment":[{"href":"https:\/\/temucotelevision.cl\/web\/wp-json\/wp\/v2\/media?parent=1661"}],"wp:term":[{"taxonomy":"category","embeddable":true,"href":"https:\/\/temucotelevision.cl\/web\/wp-json\/wp\/v2\/categories?post=1661"},{"taxonomy":"post_tag","embeddable":true,"href":"https:\/\/temucotelevision.cl\/web\/wp-json\/wp\/v2\/tags?post=1661"}],"curies":[{"name":"wp","href":"https:\/\/api.w.org\/{rel}","templated":true}]}}