{"id":1658,"date":"2019-02-21T12:55:12","date_gmt":"2019-02-21T15:55:12","guid":{"rendered":"https:\/\/temucotelevision.cl\/web\/?p=1658"},"modified":"2019-02-21T13:28:18","modified_gmt":"2019-02-21T16:28:18","slug":"en-gorbea-y-panguipulli-detiene-a-cuatro-sujetos-y-recupera-dos-vehiculos-robados","status":"publish","type":"post","link":"https:\/\/temucotelevision.cl\/web\/2019\/02\/21\/en-gorbea-y-panguipulli-detiene-a-cuatro-sujetos-y-recupera-dos-vehiculos-robados\/","title":{"rendered":"En Gorbea y Panguipulli detienen a cuatro sujetos recuperando dos veh\u00edculos robados"},"content":{"rendered":"<div class=\"pvc_clear\"><\/div>\n<p id=\"pvc_stats_1658\" class=\"pvc_stats total_only  \" data-element-id=\"1658\" style=\"\"><i class=\"pvc-stats-icon large\" aria-hidden=\"true\"><svg aria-hidden=\"true\" focusable=\"false\" data-prefix=\"far\" data-icon=\"chart-bar\" role=\"img\" xmlns=\"http:\/\/www.w3.org\/2000\/svg\" viewBox=\"0 0 512 512\" class=\"svg-inline--fa fa-chart-bar fa-w-16 fa-2x\"><path fill=\"currentColor\" d=\"M396.8 352h22.4c6.4 0 12.8-6.4 12.8-12.8V108.8c0-6.4-6.4-12.8-12.8-12.8h-22.4c-6.4 0-12.8 6.4-12.8 12.8v230.4c0 6.4 6.4 12.8 12.8 12.8zm-192 0h22.4c6.4 0 12.8-6.4 12.8-12.8V140.8c0-6.4-6.4-12.8-12.8-12.8h-22.4c-6.4 0-12.8 6.4-12.8 12.8v198.4c0 6.4 6.4 12.8 12.8 12.8zm96 0h22.4c6.4 0 12.8-6.4 12.8-12.8V204.8c0-6.4-6.4-12.8-12.8-12.8h-22.4c-6.4 0-12.8 6.4-12.8 12.8v134.4c0 6.4 6.4 12.8 12.8 12.8zM496 400H48V80c0-8.84-7.16-16-16-16H16C7.16 64 0 71.16 0 80v336c0 17.67 14.33 32 32 32h464c8.84 0 16-7.16 16-16v-16c0-8.84-7.16-16-16-16zm-387.2-48h22.4c6.4 0 12.8-6.4 12.8-12.8v-70.4c0-6.4-6.4-12.8-12.8-12.8h-22.4c-6.4 0-12.8 6.4-12.8 12.8v70.4c0 6.4 6.4 12.8 12.8 12.8z\" class=\"\"><\/path><\/svg><\/i> <img loading=\"lazy\" decoding=\"async\" width=\"16\" height=\"16\" alt=\"Loading\" src=\"https:\/\/temucotelevision.cl\/web\/wp-content\/plugins\/page-views-count\/ajax-loader-2x.gif\" border=0 \/><\/p>\n<div class=\"pvc_clear\"><\/div>\n<p style=\"text-align: justify;\">En las \u00faltimas horas, Carabineros de la Secci\u00f3n Encargo y b\u00fasqueda de Veh\u00edculos (Sebv) Araucan\u00eda, lograron la detenci\u00f3n de cuatro sujetos y la recuperaci\u00f3n de dos veh\u00edculos robados, en procedimientos efectuados de manera simult\u00e1nea en las comunas de Gorbea y Panguipulli.<\/p>\n<p style=\"text-align: justify;\">Seg\u00fan precis\u00f3 el Capit\u00e1n Mauricio Navarrete, jefe de la Sebv en La Araucan\u00eda, \u201cluego de diversas diligencias investigativas, los efectivos de la Sebv pudieron dar con el paradero de dichos veh\u00edculos motorizados, los que registraban encargo vigente por robo\u201d, motivo por el cual, se ejecutaron las ordenes de entrada y registro correspondientes en dos domicilios.<\/p>\n<p style=\"text-align: justify;\">Los veh\u00edculos corresponden a un autom\u00f3vil marca Honda modelo Civic, con encargo por robo desde fines de 2018 en la comuna de Mulch\u00e9n; mientras que el segundo, es una camioneta marca Dodge modelo Ram sustra\u00edda a un domicilio en la comuna de Panguipulli, durante el mes de enero del presente a\u00f1o.<\/p>\n<p style=\"text-align: justify;\">No se descarta la posibilidad que ambos veh\u00edculos durante las pr\u00f3ximas horas pudieran haber sido desarmados para su posterior venta en el mercado informal mediante partes y piezas, lo que no fue posible gracias al trabajo de la Sebv de Carabineros.<\/p>\n<p style=\"text-align: justify;\">Los cuatro detenidos, todos mayores de edad, fueron puestos a disposici\u00f3n de la justicia para el correspondiente control de la detenci\u00f3n.<\/p>\n","protected":false},"excerpt":{"rendered":"<div class=\"pvc_clear\"><\/div>\n<p id=\"pvc_stats_1658\" class=\"pvc_stats total_only  \" data-element-id=\"1658\" style=\"\"><i class=\"pvc-stats-icon large\" aria-hidden=\"true\"><svg aria-hidden=\"true\" focusable=\"false\" data-prefix=\"far\" data-icon=\"chart-bar\" role=\"img\" xmlns=\"http:\/\/www.w3.org\/2000\/svg\" viewBox=\"0 0 512 512\" class=\"svg-inline--fa fa-chart-bar fa-w-16 fa-2x\"><path fill=\"currentColor\" d=\"M396.8 352h22.4c6.4 0 12.8-6.4 12.8-12.8V108.8c0-6.4-6.4-12.8-12.8-12.8h-22.4c-6.4 0-12.8 6.4-12.8 12.8v230.4c0 6.4 6.4 12.8 12.8 12.8zm-192 0h22.4c6.4 0 12.8-6.4 12.8-12.8V140.8c0-6.4-6.4-12.8-12.8-12.8h-22.4c-6.4 0-12.8 6.4-12.8 12.8v198.4c0 6.4 6.4 12.8 12.8 12.8zm96 0h22.4c6.4 0 12.8-6.4 12.8-12.8V204.8c0-6.4-6.4-12.8-12.8-12.8h-22.4c-6.4 0-12.8 6.4-12.8 12.8v134.4c0 6.4 6.4 12.8 12.8 12.8zM496 400H48V80c0-8.84-7.16-16-16-16H16C7.16 64 0 71.16 0 80v336c0 17.67 14.33 32 32 32h464c8.84 0 16-7.16 16-16v-16c0-8.84-7.16-16-16-16zm-387.2-48h22.4c6.4 0 12.8-6.4 12.8-12.8v-70.4c0-6.4-6.4-12.8-12.8-12.8h-22.4c-6.4 0-12.8 6.4-12.8 12.8v70.4c0 6.4 6.4 12.8 12.8 12.8z\" class=\"\"><\/path><\/svg><\/i> <img loading=\"lazy\" decoding=\"async\" width=\"16\" height=\"16\" alt=\"Loading\" src=\"https:\/\/temucotelevision.cl\/web\/wp-content\/plugins\/page-views-count\/ajax-loader-2x.gif\" border=0 \/><\/p>\n<div class=\"pvc_clear\"><\/div>\n<p>En las \u00faltimas horas, Carabineros de la Secci\u00f3n Encargo y b\u00fasqueda de Veh\u00edculos (Sebv) Araucan\u00eda, lograron la detenci\u00f3n de cuatro<\/p>\n","protected":false},"author":1,"featured_media":1659,"comment_status":"open","ping_status":"open","sticky":false,"template":"","format":"standard","meta":{"colormag_page_container_layout":"default_layout","colormag_page_sidebar_layout":"default_layout","footnotes":""},"categories":[16],"tags":[125,382],"class_list":["post-1658","post","type-post","status-publish","format-standard","has-post-thumbnail","hentry","category-policial","tag-carabineros","tag-gorbea"],"a3_pvc":{"activated":true,"total_views":26,"today_views":0},"_links":{"self":[{"href":"https:\/\/temucotelevision.cl\/web\/wp-json\/wp\/v2\/posts\/1658","targetHints":{"allow":["GET"]}}],"collection":[{"href":"https:\/\/temucotelevision.cl\/web\/wp-json\/wp\/v2\/posts"}],"about":[{"href":"https:\/\/temucotelevision.cl\/web\/wp-json\/wp\/v2\/types\/post"}],"author":[{"embeddable":true,"href":"https:\/\/temucotelevision.cl\/web\/wp-json\/wp\/v2\/users\/1"}],"replies":[{"embeddable":true,"href":"https:\/\/temucotelevision.cl\/web\/wp-json\/wp\/v2\/comments?post=1658"}],"version-history":[{"count":3,"href":"https:\/\/temucotelevision.cl\/web\/wp-json\/wp\/v2\/posts\/1658\/revisions"}],"predecessor-version":[{"id":1665,"href":"https:\/\/temucotelevision.cl\/web\/wp-json\/wp\/v2\/posts\/1658\/revisions\/1665"}],"wp:featuredmedia":[{"embeddable":true,"href":"https:\/\/temucotelevision.cl\/web\/wp-json\/wp\/v2\/media\/1659"}],"wp:attachment":[{"href":"https:\/\/temucotelevision.cl\/web\/wp-json\/wp\/v2\/media?parent=1658"}],"wp:term":[{"taxonomy":"category","embeddable":true,"href":"https:\/\/temucotelevision.cl\/web\/wp-json\/wp\/v2\/categories?post=1658"},{"taxonomy":"post_tag","embeddable":true,"href":"https:\/\/temucotelevision.cl\/web\/wp-json\/wp\/v2\/tags?post=1658"}],"curies":[{"name":"wp","href":"https:\/\/api.w.org\/{rel}","templated":true}]}}