{"id":16571,"date":"2020-11-25T16:53:27","date_gmt":"2020-11-25T19:53:27","guid":{"rendered":"https:\/\/temucotelevision.cl\/web\/?p=16571"},"modified":"2020-11-25T16:53:29","modified_gmt":"2020-11-25T19:53:29","slug":"poder-judicial-estrena-plataforma-para-consulta-de-retencion-del-10-de-fondos-provisionales","status":"publish","type":"post","link":"https:\/\/temucotelevision.cl\/web\/2020\/11\/25\/poder-judicial-estrena-plataforma-para-consulta-de-retencion-del-10-de-fondos-provisionales\/","title":{"rendered":"Poder Judicial estrena plataforma para consulta de retenci\u00f3n del 10% de fondos provisionales"},"content":{"rendered":"<div class=\"pvc_clear\"><\/div><p id=\"pvc_stats_16571\" class=\"pvc_stats total_only  \" data-element-id=\"16571\" style=\"\"><i class=\"pvc-stats-icon large\" aria-hidden=\"true\"><svg aria-hidden=\"true\" focusable=\"false\" data-prefix=\"far\" data-icon=\"chart-bar\" role=\"img\" xmlns=\"http:\/\/www.w3.org\/2000\/svg\" viewBox=\"0 0 512 512\" class=\"svg-inline--fa fa-chart-bar fa-w-16 fa-2x\"><path fill=\"currentColor\" d=\"M396.8 352h22.4c6.4 0 12.8-6.4 12.8-12.8V108.8c0-6.4-6.4-12.8-12.8-12.8h-22.4c-6.4 0-12.8 6.4-12.8 12.8v230.4c0 6.4 6.4 12.8 12.8 12.8zm-192 0h22.4c6.4 0 12.8-6.4 12.8-12.8V140.8c0-6.4-6.4-12.8-12.8-12.8h-22.4c-6.4 0-12.8 6.4-12.8 12.8v198.4c0 6.4 6.4 12.8 12.8 12.8zm96 0h22.4c6.4 0 12.8-6.4 12.8-12.8V204.8c0-6.4-6.4-12.8-12.8-12.8h-22.4c-6.4 0-12.8 6.4-12.8 12.8v134.4c0 6.4 6.4 12.8 12.8 12.8zM496 400H48V80c0-8.84-7.16-16-16-16H16C7.16 64 0 71.16 0 80v336c0 17.67 14.33 32 32 32h464c8.84 0 16-7.16 16-16v-16c0-8.84-7.16-16-16-16zm-387.2-48h22.4c6.4 0 12.8-6.4 12.8-12.8v-70.4c0-6.4-6.4-12.8-12.8-12.8h-22.4c-6.4 0-12.8 6.4-12.8 12.8v70.4c0 6.4 6.4 12.8 12.8 12.8z\" class=\"\"><\/path><\/svg><\/i> <img loading=\"lazy\" decoding=\"async\" width=\"16\" height=\"16\" alt=\"Loading\" src=\"https:\/\/temucotelevision.cl\/web\/wp-content\/plugins\/page-views-count\/ajax-loader-2x.gif\" border=0 \/><\/p><div class=\"pvc_clear\"><\/div>\n<p class=\"wp-block-paragraph\">El Poder Judicial puso desde el 23 de noviembre, a disposici\u00f3n de toda la ciudadan\u00eda una plataforma de consulta sobre las causas de retenci\u00f3n del 10% de fondos previsionales para pago de deuda de alimentos, en tramitaci\u00f3n ante los juzgados con competencia en Familia.<\/p>\n\n\n\n<p class=\"wp-block-paragraph\">Esta plataforma proporcionar\u00e1 mejor informaci\u00f3n a usuarios y usuarias que requieran conocer en qu\u00e9 etapa de tramitaci\u00f3n est\u00e1 su causa y, as\u00ed, eviten concurrir a tribunales para acceder a esa informaci\u00f3n.<\/p>\n\n\n\n<p class=\"wp-block-paragraph\">En la aplicaci\u00f3n, las y los usuarios deben ingresar con su c\u00e9dula de identidad a su causa y ver -en un lenguaje visual muy sencillo- en qu\u00e9 etapa est\u00e1 su causa y lo que resta para completar la tramitaci\u00f3n.<\/p>\n\n\n\n<p class=\"wp-block-paragraph\">La nueva plataforma est\u00e1 disponible en el portal web del Poder Judicial y en la Oficina Judicial Virtual.<\/p>\n\n\n\n<p class=\"wp-block-paragraph\">La ministra vocera de la Corte Suprema,&nbsp;<strong>Gloria Ana Chevesich<\/strong>, se\u00f1al\u00f3, al presentar esta nueva herramienta, que &#8220;el Poder Judicial est\u00e1 haciendo el m\u00e1ximo esfuerzo para resolver todas estas solicitudes de retenciones y pago de deuda en el m\u00e1s breve plazo. Se han desarrollado, adem\u00e1s de esta plataforma de consulta simplificada, herramientas inform\u00e1ticas de simple uso para que las partes puedan formular las solicitudes&nbsp; de retenci\u00f3n y de pago, se ha reforzado las dotaciones de los tribunales y se ha capacitado&nbsp; a los funcionarios. Incluso \u00faltimamente -por decisi\u00f3n de la Corte Suprema- se dispuso que jueces y juezas de tribunales orales en lo penal se aboquen a apoyar el trabajo que se desarrolla en los juzgados de Familia&#8221;.<\/p>\n\n\n\n<p class=\"wp-block-paragraph\">Respecto del estado de la tramitaci\u00f3n de las solicitudes de retenci\u00f3n del 10% para pago de deudas de alimentos, la ministra inform\u00f3 que&nbsp; ingresaron entre el 25 de julio y el 31 de agosto 516.777 escritos (1.828 % de un a\u00f1o normal, en el mismo per\u00edodo de tiempo); se decretaron 326 mil medidas cautelares de retenci\u00f3n, de las cuales 217.000 tienen montos retenidos; en 87.000&nbsp; no se han presentado solicitudes de retiro; en 13 mil causas&nbsp; no se alcanz\u00f3 a retener y en 8.800 los deudores no ten\u00edan fondos en sus cuentas previsionales.<\/p>\n\n\n\n<p class=\"wp-block-paragraph\">La suma de&nbsp; los montos retenidos alcanza a los 307.876.504.313 de pesos.<\/p>\n\n\n\n<p class=\"wp-block-paragraph\">Las solicitudes de liquidaci\u00f3n al 19 de noviembre son 272.962. Las liquidaciones realizadas al 19 de noviembre son 222.985 (lo que equivale al&nbsp; 81% de&nbsp; las solicitadas).<\/p>\n\n\n\n<p class=\"wp-block-paragraph\">Las \u00f3rdenes de los juzgados a AFPs para pago&nbsp; al 19 de noviembre alcanzaron las 105.891 (lo que equivale&nbsp;&nbsp; al 38% de las solicitudes de liquidaci\u00f3n y al 47% de las liquidaciones realizadas).<\/p>\n\n\n\n<p class=\"wp-block-paragraph\">Y los pagos realizados por AFPs al 19 de noviembre son 33.550.<\/p>\n\n\n\n<p class=\"wp-block-paragraph\">&#8220;Estas situaciones han provocado una extensi\u00f3n de los plazos prometidos, generando una insatisfacci\u00f3n de las usuarias y usuarios con el Poder Judicial&#8221;, dijo la ministra.<\/p>\n\n\n\n<p class=\"wp-block-paragraph\">Agreg\u00f3 que desde hoy la tarde de este lunes &#8220;los equipos t\u00e9cnicos de la Corporaci\u00f3n Administrativa&nbsp; del Poder Judicial comenzar\u00e1n reuniones con cada una de las&nbsp; AFP para poder ayudarlos a generar procesos m\u00e1s eficientes y r\u00e1pidos de pagos. Necesitamos que las \u00f3rdenes de pago se cumplan lo m\u00e1s r\u00e1pido posible&#8221;.<\/p>\n\n\n\n<p class=\"wp-block-paragraph\">Enfatiz\u00f3 la vocera del m\u00e1ximo tribunal que &#8220;necesitamos que las \u00f3rdenes de pago se cumplan lo m\u00e1s r\u00e1pido posible&#8221;. Asimismo, se\u00f1al\u00f3 que en su tramitaci\u00f3n legislativa, la segunda reforma constitucional sobre retiro de fondos &#8220;ha considerado el planteamiento que el Poder Judicial ha hecho desde su inicio y esperamos que se adopten las normas legales que faciliten este proceso de pago con cargo al retiro del 10% autorizado por la ley 21.248 en aspectos como la forma de notificar judicialmente a los alimentantes, c\u00f3mo solucionar casos de aquellos alimentantes que tienen hijos con diferentes madres o padres&nbsp; y cuando est\u00e1n las causas en distintos tribunales; y tambi\u00e9n para que se fije un plazo perentorio para para las AFP cumplan estas \u00f3rdenes de pago&#8221;.<\/p>\n\n\n\n<p class=\"wp-block-paragraph\">&#8220;Lo que debemos esperar ahora es la tramitaci\u00f3n completa de la normativa&nbsp; y conocer finalmente c\u00f3mo ser\u00e1 el procedimiento para un eventual retiro forzosos, por cuanto habr\u00e1 que implementar nuevas herramientas tecnol\u00f3gicas para recibir presentaciones a trav\u00e9s de un tr\u00e1mite f\u00e1cil de&nbsp; este eventual segundo retiro y para hacer efectivo el derecho que tiene los alimentarios para pedir este retro forzoso&#8221;, concluy\u00f3.<\/p>\n","protected":false},"excerpt":{"rendered":"<div class=\"pvc_clear\"><\/div>\n<p id=\"pvc_stats_16571\" class=\"pvc_stats total_only  \" data-element-id=\"16571\" style=\"\"><i class=\"pvc-stats-icon large\" aria-hidden=\"true\"><svg aria-hidden=\"true\" focusable=\"false\" data-prefix=\"far\" data-icon=\"chart-bar\" role=\"img\" xmlns=\"http:\/\/www.w3.org\/2000\/svg\" viewBox=\"0 0 512 512\" class=\"svg-inline--fa fa-chart-bar fa-w-16 fa-2x\"><path fill=\"currentColor\" d=\"M396.8 352h22.4c6.4 0 12.8-6.4 12.8-12.8V108.8c0-6.4-6.4-12.8-12.8-12.8h-22.4c-6.4 0-12.8 6.4-12.8 12.8v230.4c0 6.4 6.4 12.8 12.8 12.8zm-192 0h22.4c6.4 0 12.8-6.4 12.8-12.8V140.8c0-6.4-6.4-12.8-12.8-12.8h-22.4c-6.4 0-12.8 6.4-12.8 12.8v198.4c0 6.4 6.4 12.8 12.8 12.8zm96 0h22.4c6.4 0 12.8-6.4 12.8-12.8V204.8c0-6.4-6.4-12.8-12.8-12.8h-22.4c-6.4 0-12.8 6.4-12.8 12.8v134.4c0 6.4 6.4 12.8 12.8 12.8zM496 400H48V80c0-8.84-7.16-16-16-16H16C7.16 64 0 71.16 0 80v336c0 17.67 14.33 32 32 32h464c8.84 0 16-7.16 16-16v-16c0-8.84-7.16-16-16-16zm-387.2-48h22.4c6.4 0 12.8-6.4 12.8-12.8v-70.4c0-6.4-6.4-12.8-12.8-12.8h-22.4c-6.4 0-12.8 6.4-12.8 12.8v70.4c0 6.4 6.4 12.8 12.8 12.8z\" class=\"\"><\/path><\/svg><\/i> <img loading=\"lazy\" decoding=\"async\" width=\"16\" height=\"16\" alt=\"Loading\" src=\"https:\/\/temucotelevision.cl\/web\/wp-content\/plugins\/page-views-count\/ajax-loader-2x.gif\" border=0 \/><\/p>\n<div class=\"pvc_clear\"><\/div>\n<p>El Poder Judicial puso desde el 23 de noviembre, a disposici\u00f3n de toda la ciudadan\u00eda una plataforma de consulta sobre<\/p>\n","protected":false},"author":1,"featured_media":16572,"comment_status":"open","ping_status":"open","sticky":false,"template":"","format":"standard","meta":{"colormag_page_container_layout":"default_layout","colormag_page_sidebar_layout":"default_layout","advanced_seo_description":"","jetpack_seo_html_title":"","jetpack_seo_noindex":false,"jetpack_seo_schema_type":"","_jetpack_newsletter_access":"","_jetpack_dont_email_post_to_subs":false,"_jetpack_newsletter_tier_id":0,"_jetpack_memberships_contains_paywalled_content":false,"_jetpack_feature_clip_id":0,"_jetpack_memberships_contains_paid_content":false,"footnotes":"","jetpack_publicize_message":"","jetpack_publicize_feature_enabled":true,"jetpack_social_post_already_shared":false,"jetpack_social_options":{"image_generator_settings":{"template":"highway","default_image_id":0,"font":"","enabled":false},"version":2},"jetpack_post_was_ever_published":false},"categories":[15],"tags":[2802,1620],"class_list":["post-16571","post","type-post","status-publish","format-standard","has-post-thumbnail","hentry","category-la-araucania","tag-2802","tag-fondos"],"a3_pvc":{"activated":true,"total_views":67,"today_views":0},"jetpack_publicize_connections":[],"jetpack_sharing_enabled":true,"jetpack_likes_enabled":true,"jetpack_featured_media_url":"https:\/\/temucotelevision.cl\/web\/wp-content\/uploads\/2020\/11\/Plataforma-102.jpg","_links":{"self":[{"href":"https:\/\/temucotelevision.cl\/web\/wp-json\/wp\/v2\/posts\/16571","targetHints":{"allow":["GET"]}}],"collection":[{"href":"https:\/\/temucotelevision.cl\/web\/wp-json\/wp\/v2\/posts"}],"about":[{"href":"https:\/\/temucotelevision.cl\/web\/wp-json\/wp\/v2\/types\/post"}],"author":[{"embeddable":true,"href":"https:\/\/temucotelevision.cl\/web\/wp-json\/wp\/v2\/users\/1"}],"replies":[{"embeddable":true,"href":"https:\/\/temucotelevision.cl\/web\/wp-json\/wp\/v2\/comments?post=16571"}],"version-history":[{"count":1,"href":"https:\/\/temucotelevision.cl\/web\/wp-json\/wp\/v2\/posts\/16571\/revisions"}],"predecessor-version":[{"id":16573,"href":"https:\/\/temucotelevision.cl\/web\/wp-json\/wp\/v2\/posts\/16571\/revisions\/16573"}],"wp:featuredmedia":[{"embeddable":true,"href":"https:\/\/temucotelevision.cl\/web\/wp-json\/wp\/v2\/media\/16572"}],"wp:attachment":[{"href":"https:\/\/temucotelevision.cl\/web\/wp-json\/wp\/v2\/media?parent=16571"}],"wp:term":[{"taxonomy":"category","embeddable":true,"href":"https:\/\/temucotelevision.cl\/web\/wp-json\/wp\/v2\/categories?post=16571"},{"taxonomy":"post_tag","embeddable":true,"href":"https:\/\/temucotelevision.cl\/web\/wp-json\/wp\/v2\/tags?post=16571"}],"curies":[{"name":"wp","href":"https:\/\/api.w.org\/{rel}","templated":true}]}}