{"id":1656,"date":"2019-02-21T12:48:57","date_gmt":"2019-02-21T15:48:57","guid":{"rendered":"https:\/\/temucotelevision.cl\/web\/?p=1656"},"modified":"2019-02-21T12:48:57","modified_gmt":"2019-02-21T15:48:57","slug":"corte-de-temuco-mantuvo-en-prision-a-acusados-por-crimen-de-camilo-catrillanca","status":"publish","type":"post","link":"https:\/\/temucotelevision.cl\/web\/2019\/02\/21\/corte-de-temuco-mantuvo-en-prision-a-acusados-por-crimen-de-camilo-catrillanca\/","title":{"rendered":"Corte de Temuco mantuvo en prisi\u00f3n a acusados por crimen de Camilo Catrillanca"},"content":{"rendered":"<div class=\"pvc_clear\"><\/div>\n<p id=\"pvc_stats_1656\" class=\"pvc_stats total_only  \" data-element-id=\"1656\" style=\"\"><i class=\"pvc-stats-icon large\" aria-hidden=\"true\"><svg aria-hidden=\"true\" focusable=\"false\" data-prefix=\"far\" data-icon=\"chart-bar\" role=\"img\" xmlns=\"http:\/\/www.w3.org\/2000\/svg\" viewBox=\"0 0 512 512\" class=\"svg-inline--fa fa-chart-bar fa-w-16 fa-2x\"><path fill=\"currentColor\" d=\"M396.8 352h22.4c6.4 0 12.8-6.4 12.8-12.8V108.8c0-6.4-6.4-12.8-12.8-12.8h-22.4c-6.4 0-12.8 6.4-12.8 12.8v230.4c0 6.4 6.4 12.8 12.8 12.8zm-192 0h22.4c6.4 0 12.8-6.4 12.8-12.8V140.8c0-6.4-6.4-12.8-12.8-12.8h-22.4c-6.4 0-12.8 6.4-12.8 12.8v198.4c0 6.4 6.4 12.8 12.8 12.8zm96 0h22.4c6.4 0 12.8-6.4 12.8-12.8V204.8c0-6.4-6.4-12.8-12.8-12.8h-22.4c-6.4 0-12.8 6.4-12.8 12.8v134.4c0 6.4 6.4 12.8 12.8 12.8zM496 400H48V80c0-8.84-7.16-16-16-16H16C7.16 64 0 71.16 0 80v336c0 17.67 14.33 32 32 32h464c8.84 0 16-7.16 16-16v-16c0-8.84-7.16-16-16-16zm-387.2-48h22.4c6.4 0 12.8-6.4 12.8-12.8v-70.4c0-6.4-6.4-12.8-12.8-12.8h-22.4c-6.4 0-12.8 6.4-12.8 12.8v70.4c0 6.4 6.4 12.8 12.8 12.8z\" class=\"\"><\/path><\/svg><\/i> <img loading=\"lazy\" decoding=\"async\" width=\"16\" height=\"16\" alt=\"Loading\" src=\"https:\/\/temucotelevision.cl\/web\/wp-content\/plugins\/page-views-count\/ajax-loader-2x.gif\" border=0 \/><\/p>\n<div class=\"pvc_clear\"><\/div>\n<p style=\"text-align: justify;\">La Corte de Apelaciones de Temuco rechaz\u00f3 este mi\u00e9rcoles cambiar las medidas cautelares a los sargentos en retiro de Carabineros Ra\u00fal \u00c1vila y Carlos Alarc\u00f3n, imputados por el\u00a0crimen del comunero mapuche Camilo Catrillanca, ocurrido en 14 de noviembre de 2018 en Temucuicui, por lo que ambos deber\u00e1n seguir en prisi\u00f3n preventiva.<\/p>\n<p style=\"text-align: justify;\">Durante la ma\u00f1ana la segunda sala del tribunal de alzada inform\u00f3 que mantuvo la prisi\u00f3n preventiva para el\u00a0sargento en retiro del GOPE Ra\u00fal \u00c1vila, acusado de participar directamente en el crimen del comunero y\u00a0haber destruido la tarjeta de memoria de la c\u00e1mara GoPro que registr\u00f3 el asesinato.<\/p>\n<p style=\"text-align: justify;\">Y en horas de la tarde se conoci\u00f3 que la Corte tambi\u00e9n se rechaz\u00f3 recurso de amparo presentado por defensa de Carlos Alarc\u00f3n, sargento del GOPE imputado como autor del disparo que caus\u00f3 la muerte de Catrillanca, que\u00a0de acuerdo con un informe de la PDI fue directo hacia la cabeza del comunero.<\/p>\n<p style=\"text-align: justify;\">En ambos casos el tribunal de alzada no dio lugar al cambio de medidas cautelares por\u00a0considerar a los imputados un peligro para la seguridad de la sociedad y espec\u00edficamente para la familia de la v\u00edctima.<\/p>\n<p style=\"text-align: justify;\">El abogado\u00a0Nelson Miranda, que representa a la familia Catrillanca, detall\u00f3 que &#8220;se mantiene la prisi\u00f3n para ambos funcionarios; hay varios funcionarios formalizados. Pensamos que no est\u00e1 acotada la investigaci\u00f3n, pero nos da un alivio que la Corte de Apelaciones de Temuco y el Tribunal de Garant\u00eda de Collipulli mantienen claridad en que existi\u00f3 un delito, que\u00a0existi\u00f3 dolo homicida y que este fue ejecutado por agentes del Estado contra dos j\u00f3venes indefensos cuyo asesinato fue ejecutado por la espalda en la comunidad de Temucuicui&#8221;.<\/p>\n<p style=\"text-align: justify;\">\u00c1vila seguir\u00e1 cumpliendo la prisi\u00f3n preventiva en la Segunda Comisar\u00eda de Carabineros de Temuco y Alarc\u00f3n se mantendr\u00e1 recluido en un recinto de Carabineros en Ca\u00f1ete.<\/p>\n","protected":false},"excerpt":{"rendered":"<div class=\"pvc_clear\"><\/div>\n<p id=\"pvc_stats_1656\" class=\"pvc_stats total_only  \" data-element-id=\"1656\" style=\"\"><i class=\"pvc-stats-icon large\" aria-hidden=\"true\"><svg aria-hidden=\"true\" focusable=\"false\" data-prefix=\"far\" data-icon=\"chart-bar\" role=\"img\" xmlns=\"http:\/\/www.w3.org\/2000\/svg\" viewBox=\"0 0 512 512\" class=\"svg-inline--fa fa-chart-bar fa-w-16 fa-2x\"><path fill=\"currentColor\" d=\"M396.8 352h22.4c6.4 0 12.8-6.4 12.8-12.8V108.8c0-6.4-6.4-12.8-12.8-12.8h-22.4c-6.4 0-12.8 6.4-12.8 12.8v230.4c0 6.4 6.4 12.8 12.8 12.8zm-192 0h22.4c6.4 0 12.8-6.4 12.8-12.8V140.8c0-6.4-6.4-12.8-12.8-12.8h-22.4c-6.4 0-12.8 6.4-12.8 12.8v198.4c0 6.4 6.4 12.8 12.8 12.8zm96 0h22.4c6.4 0 12.8-6.4 12.8-12.8V204.8c0-6.4-6.4-12.8-12.8-12.8h-22.4c-6.4 0-12.8 6.4-12.8 12.8v134.4c0 6.4 6.4 12.8 12.8 12.8zM496 400H48V80c0-8.84-7.16-16-16-16H16C7.16 64 0 71.16 0 80v336c0 17.67 14.33 32 32 32h464c8.84 0 16-7.16 16-16v-16c0-8.84-7.16-16-16-16zm-387.2-48h22.4c6.4 0 12.8-6.4 12.8-12.8v-70.4c0-6.4-6.4-12.8-12.8-12.8h-22.4c-6.4 0-12.8 6.4-12.8 12.8v70.4c0 6.4 6.4 12.8 12.8 12.8z\" class=\"\"><\/path><\/svg><\/i> <img loading=\"lazy\" decoding=\"async\" width=\"16\" height=\"16\" alt=\"Loading\" src=\"https:\/\/temucotelevision.cl\/web\/wp-content\/plugins\/page-views-count\/ajax-loader-2x.gif\" border=0 \/><\/p>\n<div class=\"pvc_clear\"><\/div>\n<p>La Corte de Apelaciones de Temuco rechaz\u00f3 este mi\u00e9rcoles cambiar las medidas cautelares a los sargentos en retiro de Carabineros<\/p>\n","protected":false},"author":1,"featured_media":1415,"comment_status":"open","ping_status":"open","sticky":false,"template":"","format":"standard","meta":{"colormag_page_container_layout":"default_layout","colormag_page_sidebar_layout":"default_layout","footnotes":""},"categories":[15],"tags":[607,116],"class_list":["post-1656","post","type-post","status-publish","format-standard","has-post-thumbnail","hentry","category-la-araucania","tag-camilo-catrillanca","tag-la-araucania"],"a3_pvc":{"activated":true,"total_views":19,"today_views":0},"_links":{"self":[{"href":"https:\/\/temucotelevision.cl\/web\/wp-json\/wp\/v2\/posts\/1656","targetHints":{"allow":["GET"]}}],"collection":[{"href":"https:\/\/temucotelevision.cl\/web\/wp-json\/wp\/v2\/posts"}],"about":[{"href":"https:\/\/temucotelevision.cl\/web\/wp-json\/wp\/v2\/types\/post"}],"author":[{"embeddable":true,"href":"https:\/\/temucotelevision.cl\/web\/wp-json\/wp\/v2\/users\/1"}],"replies":[{"embeddable":true,"href":"https:\/\/temucotelevision.cl\/web\/wp-json\/wp\/v2\/comments?post=1656"}],"version-history":[{"count":1,"href":"https:\/\/temucotelevision.cl\/web\/wp-json\/wp\/v2\/posts\/1656\/revisions"}],"predecessor-version":[{"id":1657,"href":"https:\/\/temucotelevision.cl\/web\/wp-json\/wp\/v2\/posts\/1656\/revisions\/1657"}],"wp:featuredmedia":[{"embeddable":true,"href":"https:\/\/temucotelevision.cl\/web\/wp-json\/wp\/v2\/media\/1415"}],"wp:attachment":[{"href":"https:\/\/temucotelevision.cl\/web\/wp-json\/wp\/v2\/media?parent=1656"}],"wp:term":[{"taxonomy":"category","embeddable":true,"href":"https:\/\/temucotelevision.cl\/web\/wp-json\/wp\/v2\/categories?post=1656"},{"taxonomy":"post_tag","embeddable":true,"href":"https:\/\/temucotelevision.cl\/web\/wp-json\/wp\/v2\/tags?post=1656"}],"curies":[{"name":"wp","href":"https:\/\/api.w.org\/{rel}","templated":true}]}}