{"id":16546,"date":"2020-11-25T10:41:51","date_gmt":"2020-11-25T13:41:51","guid":{"rendered":"https:\/\/temucotelevision.cl\/web\/?p=16546"},"modified":"2020-11-25T10:41:54","modified_gmt":"2020-11-25T13:41:54","slug":"manana-se-estrena-el-documental-alvaro-rockstars-dont-wet-the-bed-para-todo-el-mundo","status":"publish","type":"post","link":"https:\/\/temucotelevision.cl\/web\/2020\/11\/25\/manana-se-estrena-el-documental-alvaro-rockstars-dont-wet-the-bed-para-todo-el-mundo\/","title":{"rendered":"Ma\u00f1ana se estrena el documental \u00c1lvaro, rockstars don\u00b4t wet the bed: para todo el mundo"},"content":{"rendered":"<div class=\"pvc_clear\"><\/div><p id=\"pvc_stats_16546\" class=\"pvc_stats total_only  \" data-element-id=\"16546\" style=\"\"><i class=\"pvc-stats-icon large\" aria-hidden=\"true\"><svg aria-hidden=\"true\" focusable=\"false\" data-prefix=\"far\" data-icon=\"chart-bar\" role=\"img\" xmlns=\"http:\/\/www.w3.org\/2000\/svg\" viewBox=\"0 0 512 512\" class=\"svg-inline--fa fa-chart-bar fa-w-16 fa-2x\"><path fill=\"currentColor\" d=\"M396.8 352h22.4c6.4 0 12.8-6.4 12.8-12.8V108.8c0-6.4-6.4-12.8-12.8-12.8h-22.4c-6.4 0-12.8 6.4-12.8 12.8v230.4c0 6.4 6.4 12.8 12.8 12.8zm-192 0h22.4c6.4 0 12.8-6.4 12.8-12.8V140.8c0-6.4-6.4-12.8-12.8-12.8h-22.4c-6.4 0-12.8 6.4-12.8 12.8v198.4c0 6.4 6.4 12.8 12.8 12.8zm96 0h22.4c6.4 0 12.8-6.4 12.8-12.8V204.8c0-6.4-6.4-12.8-12.8-12.8h-22.4c-6.4 0-12.8 6.4-12.8 12.8v134.4c0 6.4 6.4 12.8 12.8 12.8zM496 400H48V80c0-8.84-7.16-16-16-16H16C7.16 64 0 71.16 0 80v336c0 17.67 14.33 32 32 32h464c8.84 0 16-7.16 16-16v-16c0-8.84-7.16-16-16-16zm-387.2-48h22.4c6.4 0 12.8-6.4 12.8-12.8v-70.4c0-6.4-6.4-12.8-12.8-12.8h-22.4c-6.4 0-12.8 6.4-12.8 12.8v70.4c0 6.4 6.4 12.8 12.8 12.8z\" class=\"\"><\/path><\/svg><\/i> <img loading=\"lazy\" decoding=\"async\" width=\"16\" height=\"16\" alt=\"Loading\" src=\"https:\/\/temucotelevision.cl\/web\/wp-content\/plugins\/page-views-count\/ajax-loader-2x.gif\" border=0 \/><\/p><div class=\"pvc_clear\"><\/div>\n<ul class=\"wp-block-list\"><li><strong>El documental rescata la exhaustiva y controversial obra del m\u00fasico porte\u00f1o \u00c1lvaro Pe\u00f1a, quien a sus 76 a\u00f1os de edad y con cerca de 60 a\u00f1os de trayectoria, contin\u00faa editando discos de manera independiente.&nbsp;<\/strong><\/li><li><strong>Ma\u00f1ana jueves 26 de noviembre se estrenar\u00e1 en Chile e internacionalmente por Miradoc.cl&nbsp;<\/strong><\/li><\/ul>\n\n\n\n<p class=\"wp-block-paragraph\">\u201cSi quieres conocerlo, l\u00e9ete sus letras\u201d. Ese fue el consejo que recibi\u00f3 Jorge Catoni, el director de\u00a0<strong><em>Alvaro, rockstars don&#8217;t wet the bed<\/em><\/strong>\u00a0de Gonzalo Ilabaca, quien fuera manager de \u00c1lvaro Pe\u00f1a. El documental se estructura a partir de esas composiciones. Todas las tem\u00e1ticas tienen canciones de apoyo. Por ejemplo, viviendo en Londres en los 70s fue expulsado de una agencia de publicidad y se fue a vender helado. Entonces hizo una canci\u00f3n al respecto y le pidi\u00f3 a un amigo que lo grabara en video. \u201cEs tan espont\u00e1neo y simple\u201d dice Catoni al tel\u00e9fono, acerca de esa an\u00e9cdota que aparece en el documental con la filmaci\u00f3n y la m\u00fasica original.\u00a0<\/p>\n\n\n\n<iframe loading=\"lazy\" width=\"560\" height=\"315\" src=\"https:\/\/www.youtube.com\/embed\/EGC3H6mbsMs\" frameborder=\"0\" allow=\"accelerometer; autoplay; clipboard-write; encrypted-media; gyroscope; picture-in-picture\" allowfullscreen><\/iframe>\n\n\n\n<p class=\"wp-block-paragraph\"><strong><em>\u00c1lvaro, rockstars don\u00b4t wet the bed<\/em><\/strong>&nbsp;es el segundo documental de Jorge Catoni, cineasta, artista visual y dise\u00f1ador quien se interes\u00f3 en \u00c1lvaro Pe\u00f1a a trav\u00e9s de su propuesta visual antes que la m\u00fasica y el mismo esp\u00edritu DIY (hazlo t\u00fa mismo) que tiene el porte\u00f1o ahora radicado en Constanza, Alemania. En el relato \u201chay un orden y desorden. Hice el mismo ejercicio con El Parra menos Parra (2014). Al abordar dos personas de tercera edad, son un pin pon eterno. Cuando hablan se van pasando para adelante y para atr\u00e1s, sin seguir una l\u00ednea de tiempo. Por ejemplo \u2018yo cuando part\u00ed tocando, me juntaba con \u00e9ste\u2019&#8230; Despu\u00e9s, \u2018con mi pareja en Alemania\u2026 tal cosa\u2019. Para la gente conservadora no est\u00e1 bien resuelto el montaje. Para los otros est\u00e1 bien reflejado el desorden de \u00c1lvaro, ese caos, tambi\u00e9n se ve en la gr\u00e1fica, los rayados, los discos, cualquier cosa que haya hecho, tiene algo gr\u00e1fico, un poco de dada\u00edsmo, primitivismo que es su forma de expresarse\u201d.&nbsp;<\/p>\n\n\n\n<p class=\"wp-block-paragraph\">Fiel al mismo m\u00fasico que retrata el documental, presenta una historia que aparentemente parece un mosaico y un caos, pero con una linealidad coherente que va engrosando un perfil cada vez m\u00e1s complejo detr\u00e1s de una faceta propia de la simplicidad punk. Alvaro Pe\u00f1a asociado siempre a ese estilo musical se muestra ac\u00e1 con capas mucho m\u00e1s profundas. Un compositor que suele comportarse como ni\u00f1o pero que sus letras son de adulto, con una madurez absoluta.&nbsp;<\/p>\n\n\n\n<p class=\"wp-block-paragraph\">El documental ha hecho un recorrido presencial desde el a\u00f1o pasado que debut\u00f3 en In Edit Chile donde gan\u00f3 el premio Equipo Festival. Se ha mostrado en el Fedochi en Chilo\u00e9, en el festival de Cine de Rengo, en el festival Docs de Valpara\u00edso. Afuera tambi\u00e9n tuvo sus exhibiciones en Colombia, M\u00e9xico y Argentina.&nbsp;<\/p>\n\n\n\n<p class=\"wp-block-paragraph\">Catoni nunca hizo un gui\u00f3n ni puso l\u00edmites de tiempo. No cont\u00f3 con fondos p\u00fablicos ni privados. Tom\u00f3 su c\u00e1mara y sigui\u00f3 al m\u00fasico por 3 a\u00f1os. Al mismo tiempo, fue consiguiendo mucho material. Gonzalo Ilabaca, que fue manager de \u00c1lvaro Pe\u00f1a, le facilit\u00f3 videos in\u00e9ditos en VHS, y lo digitaliz\u00f3. En paralelo rescat\u00f3 toda la discograf\u00eda de \u00c1lvaro en todo tipo de formatos: vinilos, cds&nbsp; y casetes, no solo para el documental sino para llevarla a plataformas de internet como Spotify. Esto es parte del reconocimiento que \u00e9l y otros han querido darle al m\u00fasico \u201cde la nariz cantante\u201d siendo ya adulto mayor.&nbsp;<\/p>\n\n\n\n<p class=\"wp-block-paragraph\">La canci\u00f3n que le da nombre al documental dice Catoni: \u201cno apela al rockstar, sino al&nbsp; miedo de llegar a viejo y ser artista\u201d.<\/p>\n\n\n\n<p class=\"wp-block-paragraph\"><strong>\u00bfD\u00f3nde ver&nbsp;<em>\u00c1lvaro, rockstars don\u00b4t wet the bed<\/em>?&nbsp;<\/strong><\/p>\n\n\n\n<p class=\"wp-block-paragraph\">A partir del jueves 26 de noviembre, el documental estar\u00e1 disponible en varias plataformas pagas para verlo desde cualquier lugar del mundo, todas alojadas en&nbsp;<a href=\"https:\/\/trackercl1.fidelizador.com\/L10E9CD10G100D7974HA9FF52380DJ10E96237FCK10E9CD1099FE8BBB83F430AA6E6D90\" target=\"_blank\" rel=\"noreferrer noopener\">Miradoc.cl<\/a>&nbsp;<\/p>\n\n\n\n<p class=\"wp-block-paragraph\">En las redes sociales @Miradocchile se compartir\u00e1 informaci\u00f3n actualizada y material in\u00e9dito del documental, adem\u00e1s de informaci\u00f3n y fechas de los distintos paneles.<\/p>\n\n\n\n<p class=\"wp-block-paragraph\"><strong>Sinopsis<\/strong><\/p>\n\n\n\n<p class=\"wp-block-paragraph\">El documental rescata la exhaustiva y controversial obra del m\u00fasico porte\u00f1o \u00c1lvaro Pe\u00f1a, quien a sus 76 a\u00f1os de edad y con cerca de 60 a\u00f1os de trayectoria, contin\u00faa editando discos de manera independiente a pesar de un \u00e9xito esquivo. Con valiosas im\u00e1genes de archivo, entrevistas \u00edntimas, tomas directas de su cotidianidad m\u00e1s el testimonio de personas cercanas que han trabajado con \u00e9l,&nbsp;<em>\u00c1lvaro, rockstars don\u00b4t wet the bed<\/em>&nbsp;es un filme que da cuenta de la profundidad de un artista que va m\u00e1s all\u00e1 de personificaciones, caricaturas o un simple h\u00e9roe punk.&nbsp;<\/p>\n\n\n\n<p class=\"wp-block-paragraph\"><strong>Ficha t\u00e9cnica&nbsp;<\/strong><\/p>\n\n\n\n<p class=\"wp-block-paragraph\">Director: Jorge Catoni<\/p>\n\n\n\n<p class=\"wp-block-paragraph\">Productor: Jorge Catoni<\/p>\n\n\n\n<p class=\"wp-block-paragraph\">Productor asistente: Milton Izurieta<\/p>\n\n\n\n<p class=\"wp-block-paragraph\">M\u00fasica original: \u00c1lvaro Pe\u00f1a<\/p>\n\n\n\n<p class=\"wp-block-paragraph\">C\u00e1mara, edici\u00f3n, montaje: Jorge Catoni<\/p>\n\n\n\n<p class=\"wp-block-paragraph\">Direcci\u00f3n de arte: Jorge Catoni<\/p>\n\n\n\n<p class=\"wp-block-paragraph\">Sonido directo: Milton Izurieta, Jorge Catoni<\/p>\n\n\n\n<p class=\"wp-block-paragraph\">Dise\u00f1o de sonido: Jorge Catoni<\/p>\n\n\n\n<p class=\"wp-block-paragraph\"><strong>Tr\u00e1iler:<\/strong><\/p>\n\n\n\n<p class=\"wp-block-paragraph\"><a href=\"https:\/\/trackercl1.fidelizador.com\/L10E9CD10G100D7974HA9FF52380DJ10E9623702K10E9CD1099FE8BBB83F430AA6E6D90\" target=\"_blank\" rel=\"noreferrer noopener\">A<\/a><a href=\"https:\/\/trackercl1.fidelizador.com\/L10E9CD10G100D7974HA9FF52380DJ10E96237BBK10E9CD1099FE8BBB83F430AA6E6D90\" target=\"_blank\" rel=\"noreferrer noopener\">qu\u00ed<\/a><\/p>\n\n\n\n<p class=\"wp-block-paragraph\"><strong>Premios&nbsp;<\/strong>&nbsp;<\/p>\n\n\n\n<p class=\"wp-block-paragraph\">Premio Equipo Festival, Festival In-Edit, Chile, 2019<\/p>\n\n\n\n<p class=\"wp-block-paragraph\">Menci\u00f3n Especial, Competencia Largometraje Documental, Festival de Cine de Vi\u00f1a del Mar, 2019<\/p>\n\n\n\n<p class=\"wp-block-paragraph\">Mejor Documental Nacional, Festival de Cine de Rengo, 2019<\/p>\n\n\n\n<p class=\"wp-block-paragraph\">Menci\u00f3n Especial del Jurado, Competencia de Largometrajes, Festival de Documentales de Chilo\u00e9, 2019<\/p>\n\n\n\n<p class=\"wp-block-paragraph\">Premio Jurado Ciudadano, Festival de Cine Chileno de Quilpu\u00e9, 2020<\/p>\n\n\n\n<p class=\"wp-block-paragraph\"><strong>\u00bfQu\u00e9 es Miradoc?<\/strong><\/p>\n\n\n\n<p class=\"wp-block-paragraph\">Miradoc es un programa de cine que durante siete a\u00f1os ha estrenado m\u00e1s de 58 documentales nacionales a lo largo de nuestro territorio y que hoy, debido a la pandemia, lleva sus estrenos de manera online a Chile y el mundo. Es organizado por la Corporaci\u00f3n Chilena del Documental CCDoc, financiado por Fondo Audiovisual, L\u00ednea de Distribuci\u00f3n de Cine, Apoyo a la Distribuci\u00f3n de Cine Nacional 2020 del Ministerio de las Culturas, las Artes y el Patrimonio, Corfo y cuenta con la colaboraci\u00f3n de radio Concierto y Chilem\u00fasica.<\/p>\n\n\n\n<p class=\"wp-block-paragraph\">Redes sociales: FB + IG + TW @miradocchile &nbsp; YT@ccdocumental<\/p>\n","protected":false},"excerpt":{"rendered":"<div class=\"pvc_clear\"><\/div>\n<p id=\"pvc_stats_16546\" class=\"pvc_stats total_only  \" data-element-id=\"16546\" style=\"\"><i class=\"pvc-stats-icon large\" aria-hidden=\"true\"><svg aria-hidden=\"true\" focusable=\"false\" data-prefix=\"far\" data-icon=\"chart-bar\" role=\"img\" xmlns=\"http:\/\/www.w3.org\/2000\/svg\" viewBox=\"0 0 512 512\" class=\"svg-inline--fa fa-chart-bar fa-w-16 fa-2x\"><path fill=\"currentColor\" d=\"M396.8 352h22.4c6.4 0 12.8-6.4 12.8-12.8V108.8c0-6.4-6.4-12.8-12.8-12.8h-22.4c-6.4 0-12.8 6.4-12.8 12.8v230.4c0 6.4 6.4 12.8 12.8 12.8zm-192 0h22.4c6.4 0 12.8-6.4 12.8-12.8V140.8c0-6.4-6.4-12.8-12.8-12.8h-22.4c-6.4 0-12.8 6.4-12.8 12.8v198.4c0 6.4 6.4 12.8 12.8 12.8zm96 0h22.4c6.4 0 12.8-6.4 12.8-12.8V204.8c0-6.4-6.4-12.8-12.8-12.8h-22.4c-6.4 0-12.8 6.4-12.8 12.8v134.4c0 6.4 6.4 12.8 12.8 12.8zM496 400H48V80c0-8.84-7.16-16-16-16H16C7.16 64 0 71.16 0 80v336c0 17.67 14.33 32 32 32h464c8.84 0 16-7.16 16-16v-16c0-8.84-7.16-16-16-16zm-387.2-48h22.4c6.4 0 12.8-6.4 12.8-12.8v-70.4c0-6.4-6.4-12.8-12.8-12.8h-22.4c-6.4 0-12.8 6.4-12.8 12.8v70.4c0 6.4 6.4 12.8 12.8 12.8z\" class=\"\"><\/path><\/svg><\/i> <img loading=\"lazy\" decoding=\"async\" width=\"16\" height=\"16\" alt=\"Loading\" src=\"https:\/\/temucotelevision.cl\/web\/wp-content\/plugins\/page-views-count\/ajax-loader-2x.gif\" border=0 \/><\/p>\n<div class=\"pvc_clear\"><\/div>\n<p>El documental rescata la exhaustiva y controversial obra del m\u00fasico porte\u00f1o \u00c1lvaro Pe\u00f1a, quien a sus 76 a\u00f1os de edad<\/p>\n","protected":false},"author":1,"featured_media":16547,"comment_status":"open","ping_status":"open","sticky":false,"template":"","format":"standard","meta":{"colormag_page_container_layout":"default_layout","colormag_page_sidebar_layout":"default_layout","advanced_seo_description":"","jetpack_seo_html_title":"","jetpack_seo_noindex":false,"jetpack_seo_schema_type":"","_jetpack_newsletter_access":"","_jetpack_dont_email_post_to_subs":false,"_jetpack_newsletter_tier_id":0,"_jetpack_memberships_contains_paywalled_content":false,"_jetpack_feature_clip_id":0,"_jetpack_memberships_contains_paid_content":false,"footnotes":"","jetpack_publicize_message":"","jetpack_publicize_feature_enabled":true,"jetpack_social_post_already_shared":false,"jetpack_social_options":{"image_generator_settings":{"template":"highway","default_image_id":0,"font":"","enabled":false},"version":2},"jetpack_post_was_ever_published":false},"categories":[86],"tags":[2160,609],"class_list":["post-16546","post","type-post","status-publish","format-standard","has-post-thumbnail","hentry","category-panoramas","tag-documental","tag-estreno"],"a3_pvc":{"activated":true,"total_views":34,"today_views":0},"jetpack_publicize_connections":[],"jetpack_sharing_enabled":true,"jetpack_likes_enabled":true,"jetpack_featured_media_url":"https:\/\/temucotelevision.cl\/web\/wp-content\/uploads\/2020\/11\/Estreno-Documental.jpg","_links":{"self":[{"href":"https:\/\/temucotelevision.cl\/web\/wp-json\/wp\/v2\/posts\/16546","targetHints":{"allow":["GET"]}}],"collection":[{"href":"https:\/\/temucotelevision.cl\/web\/wp-json\/wp\/v2\/posts"}],"about":[{"href":"https:\/\/temucotelevision.cl\/web\/wp-json\/wp\/v2\/types\/post"}],"author":[{"embeddable":true,"href":"https:\/\/temucotelevision.cl\/web\/wp-json\/wp\/v2\/users\/1"}],"replies":[{"embeddable":true,"href":"https:\/\/temucotelevision.cl\/web\/wp-json\/wp\/v2\/comments?post=16546"}],"version-history":[{"count":1,"href":"https:\/\/temucotelevision.cl\/web\/wp-json\/wp\/v2\/posts\/16546\/revisions"}],"predecessor-version":[{"id":16548,"href":"https:\/\/temucotelevision.cl\/web\/wp-json\/wp\/v2\/posts\/16546\/revisions\/16548"}],"wp:featuredmedia":[{"embeddable":true,"href":"https:\/\/temucotelevision.cl\/web\/wp-json\/wp\/v2\/media\/16547"}],"wp:attachment":[{"href":"https:\/\/temucotelevision.cl\/web\/wp-json\/wp\/v2\/media?parent=16546"}],"wp:term":[{"taxonomy":"category","embeddable":true,"href":"https:\/\/temucotelevision.cl\/web\/wp-json\/wp\/v2\/categories?post=16546"},{"taxonomy":"post_tag","embeddable":true,"href":"https:\/\/temucotelevision.cl\/web\/wp-json\/wp\/v2\/tags?post=16546"}],"curies":[{"name":"wp","href":"https:\/\/api.w.org\/{rel}","templated":true}]}}