{"id":1653,"date":"2019-02-21T12:26:47","date_gmt":"2019-02-21T15:26:47","guid":{"rendered":"https:\/\/temucotelevision.cl\/web\/?p=1653"},"modified":"2019-02-21T12:26:47","modified_gmt":"2019-02-21T15:26:47","slug":"camara-de-comercio-reconoce-importantes-perdidas-debido-a-ultimos-cortes-de-luz","status":"publish","type":"post","link":"https:\/\/temucotelevision.cl\/web\/2019\/02\/21\/camara-de-comercio-reconoce-importantes-perdidas-debido-a-ultimos-cortes-de-luz\/","title":{"rendered":"C\u00e1mara de comercio reconoce importantes perdidas debido a \u00faltimos cortes de luz"},"content":{"rendered":"<div class=\"pvc_clear\"><\/div>\n<p id=\"pvc_stats_1653\" class=\"pvc_stats total_only  \" data-element-id=\"1653\" style=\"\"><i class=\"pvc-stats-icon large\" aria-hidden=\"true\"><svg aria-hidden=\"true\" focusable=\"false\" data-prefix=\"far\" data-icon=\"chart-bar\" role=\"img\" xmlns=\"http:\/\/www.w3.org\/2000\/svg\" viewBox=\"0 0 512 512\" class=\"svg-inline--fa fa-chart-bar fa-w-16 fa-2x\"><path fill=\"currentColor\" d=\"M396.8 352h22.4c6.4 0 12.8-6.4 12.8-12.8V108.8c0-6.4-6.4-12.8-12.8-12.8h-22.4c-6.4 0-12.8 6.4-12.8 12.8v230.4c0 6.4 6.4 12.8 12.8 12.8zm-192 0h22.4c6.4 0 12.8-6.4 12.8-12.8V140.8c0-6.4-6.4-12.8-12.8-12.8h-22.4c-6.4 0-12.8 6.4-12.8 12.8v198.4c0 6.4 6.4 12.8 12.8 12.8zm96 0h22.4c6.4 0 12.8-6.4 12.8-12.8V204.8c0-6.4-6.4-12.8-12.8-12.8h-22.4c-6.4 0-12.8 6.4-12.8 12.8v134.4c0 6.4 6.4 12.8 12.8 12.8zM496 400H48V80c0-8.84-7.16-16-16-16H16C7.16 64 0 71.16 0 80v336c0 17.67 14.33 32 32 32h464c8.84 0 16-7.16 16-16v-16c0-8.84-7.16-16-16-16zm-387.2-48h22.4c6.4 0 12.8-6.4 12.8-12.8v-70.4c0-6.4-6.4-12.8-12.8-12.8h-22.4c-6.4 0-12.8 6.4-12.8 12.8v70.4c0 6.4 6.4 12.8 12.8 12.8z\" class=\"\"><\/path><\/svg><\/i> <img loading=\"lazy\" decoding=\"async\" width=\"16\" height=\"16\" alt=\"Loading\" src=\"https:\/\/temucotelevision.cl\/web\/wp-content\/plugins\/page-views-count\/ajax-loader-2x.gif\" border=0 \/><\/p>\n<div class=\"pvc_clear\"><\/div>\n<p style=\"text-align: justify;\">Presidente Gustavo Valenzuela pide a las autoridades tomar medidas al respecto y sali\u00f3 en apoyo del gremio a nivel regional.<\/p>\n<p style=\"text-align: justify;\">M\u00e1s que preocupados se encuentran los socios de la C\u00e1mara de Comercio Servicios y Turismo de Temuco, por la grave situaci\u00f3n que est\u00e1 afectando a sus pares del comercio y turismo de la regi\u00f3n, luego de los \u00faltimos hechos ocurridos este fin de semana, donde se origin\u00f3 un prolongado corte de luz que afect\u00f3 profundamente a comerciantes y hoteleros.<\/p>\n<p style=\"text-align: justify;\">Seg\u00fan algunos locatarios afectados, mencionaron que no pudieron atender a sus clientes, debido a que no pudieron operar las m\u00e1quinas registradoras, refrigeradores y congeladores, lo que dej\u00f3 p\u00e9rdidas incalculables.<\/p>\n<p style=\"text-align: justify;\">Fue el presidente de la C\u00e1mara de Comercio de Temuco, quien solidariz\u00f3 con el gremio a nivel regional y lament\u00f3 profundamente lo sucedido. \u201cLamentamos lo que est\u00e1 ocurriendo en nuestra regi\u00f3n en estos \u00faltimos d\u00edas, donde las quemas y los cortes de luz han sido incesantes en toda nuestra regi\u00f3n, afectando gravemente al comercio y el turismo. Desde ya el turismo ven\u00eda con una baja tremenda, casi un 50 por ciento comparativamente y hoy vemos como estos hechos ocurridos en estas \u00faltimas horas y d\u00edas, han acrecentado las p\u00e9rdidas. A esto se suma que algunas comunidades han impedido el paso de las compa\u00f1\u00edas el\u00e9ctricas, obviamente acrecienta las p\u00e9rdidas para todo el comercio de la regi\u00f3n, ya que el peque\u00f1o negocio se afecta profundamente ya que no est\u00e1n preparados, no tienen generadores y alternativas de producir electricidad para poder mantener refrigerados sus productos y ofrecerlos como corresponde. Por lo tanto, creemos que la autoridad debiera tomar cartas muy serias al respecto y recobrar el orden\u201d, sentenci\u00f3 Valenzuela.<\/p>\n","protected":false},"excerpt":{"rendered":"<div class=\"pvc_clear\"><\/div>\n<p id=\"pvc_stats_1653\" class=\"pvc_stats total_only  \" data-element-id=\"1653\" style=\"\"><i class=\"pvc-stats-icon large\" aria-hidden=\"true\"><svg aria-hidden=\"true\" focusable=\"false\" data-prefix=\"far\" data-icon=\"chart-bar\" role=\"img\" xmlns=\"http:\/\/www.w3.org\/2000\/svg\" viewBox=\"0 0 512 512\" class=\"svg-inline--fa fa-chart-bar fa-w-16 fa-2x\"><path fill=\"currentColor\" d=\"M396.8 352h22.4c6.4 0 12.8-6.4 12.8-12.8V108.8c0-6.4-6.4-12.8-12.8-12.8h-22.4c-6.4 0-12.8 6.4-12.8 12.8v230.4c0 6.4 6.4 12.8 12.8 12.8zm-192 0h22.4c6.4 0 12.8-6.4 12.8-12.8V140.8c0-6.4-6.4-12.8-12.8-12.8h-22.4c-6.4 0-12.8 6.4-12.8 12.8v198.4c0 6.4 6.4 12.8 12.8 12.8zm96 0h22.4c6.4 0 12.8-6.4 12.8-12.8V204.8c0-6.4-6.4-12.8-12.8-12.8h-22.4c-6.4 0-12.8 6.4-12.8 12.8v134.4c0 6.4 6.4 12.8 12.8 12.8zM496 400H48V80c0-8.84-7.16-16-16-16H16C7.16 64 0 71.16 0 80v336c0 17.67 14.33 32 32 32h464c8.84 0 16-7.16 16-16v-16c0-8.84-7.16-16-16-16zm-387.2-48h22.4c6.4 0 12.8-6.4 12.8-12.8v-70.4c0-6.4-6.4-12.8-12.8-12.8h-22.4c-6.4 0-12.8 6.4-12.8 12.8v70.4c0 6.4 6.4 12.8 12.8 12.8z\" class=\"\"><\/path><\/svg><\/i> <img loading=\"lazy\" decoding=\"async\" width=\"16\" height=\"16\" alt=\"Loading\" src=\"https:\/\/temucotelevision.cl\/web\/wp-content\/plugins\/page-views-count\/ajax-loader-2x.gif\" border=0 \/><\/p>\n<div class=\"pvc_clear\"><\/div>\n<p>Presidente Gustavo Valenzuela pide a las autoridades tomar medidas al respecto y sali\u00f3 en apoyo del gremio a nivel regional.<\/p>\n","protected":false},"author":1,"featured_media":1654,"comment_status":"open","ping_status":"open","sticky":false,"template":"","format":"standard","meta":{"colormag_page_container_layout":"default_layout","colormag_page_sidebar_layout":"default_layout","footnotes":""},"categories":[15],"tags":[604,605,597,515,606],"class_list":["post-1653","post","type-post","status-publish","format-standard","has-post-thumbnail","hentry","category-la-araucania","tag-camara","tag-comercio","tag-cortes","tag-energia","tag-luz"],"a3_pvc":{"activated":true,"total_views":32,"today_views":0},"_links":{"self":[{"href":"https:\/\/temucotelevision.cl\/web\/wp-json\/wp\/v2\/posts\/1653","targetHints":{"allow":["GET"]}}],"collection":[{"href":"https:\/\/temucotelevision.cl\/web\/wp-json\/wp\/v2\/posts"}],"about":[{"href":"https:\/\/temucotelevision.cl\/web\/wp-json\/wp\/v2\/types\/post"}],"author":[{"embeddable":true,"href":"https:\/\/temucotelevision.cl\/web\/wp-json\/wp\/v2\/users\/1"}],"replies":[{"embeddable":true,"href":"https:\/\/temucotelevision.cl\/web\/wp-json\/wp\/v2\/comments?post=1653"}],"version-history":[{"count":1,"href":"https:\/\/temucotelevision.cl\/web\/wp-json\/wp\/v2\/posts\/1653\/revisions"}],"predecessor-version":[{"id":1655,"href":"https:\/\/temucotelevision.cl\/web\/wp-json\/wp\/v2\/posts\/1653\/revisions\/1655"}],"wp:featuredmedia":[{"embeddable":true,"href":"https:\/\/temucotelevision.cl\/web\/wp-json\/wp\/v2\/media\/1654"}],"wp:attachment":[{"href":"https:\/\/temucotelevision.cl\/web\/wp-json\/wp\/v2\/media?parent=1653"}],"wp:term":[{"taxonomy":"category","embeddable":true,"href":"https:\/\/temucotelevision.cl\/web\/wp-json\/wp\/v2\/categories?post=1653"},{"taxonomy":"post_tag","embeddable":true,"href":"https:\/\/temucotelevision.cl\/web\/wp-json\/wp\/v2\/tags?post=1653"}],"curies":[{"name":"wp","href":"https:\/\/api.w.org\/{rel}","templated":true}]}}