{"id":1647,"date":"2019-02-21T11:40:26","date_gmt":"2019-02-21T14:40:26","guid":{"rendered":"https:\/\/temucotelevision.cl\/web\/?p=1647"},"modified":"2019-02-21T11:40:26","modified_gmt":"2019-02-21T14:40:26","slug":"intendente-atton-y-ministro-s-de-energia-se-reunen-con-empresa-cge-tras-sostenidos-cortes-de-luz","status":"publish","type":"post","link":"https:\/\/temucotelevision.cl\/web\/2019\/02\/21\/intendente-atton-y-ministro-s-de-energia-se-reunen-con-empresa-cge-tras-sostenidos-cortes-de-luz\/","title":{"rendered":"Intendente Atton y Ministro (s) de energ\u00eda se re\u00fanen con empresa CGE tras sostenidos cortes de Luz"},"content":{"rendered":"<div class=\"pvc_clear\"><\/div>\n<p id=\"pvc_stats_1647\" class=\"pvc_stats total_only  \" data-element-id=\"1647\" style=\"\"><i class=\"pvc-stats-icon large\" aria-hidden=\"true\"><svg aria-hidden=\"true\" focusable=\"false\" data-prefix=\"far\" data-icon=\"chart-bar\" role=\"img\" xmlns=\"http:\/\/www.w3.org\/2000\/svg\" viewBox=\"0 0 512 512\" class=\"svg-inline--fa fa-chart-bar fa-w-16 fa-2x\"><path fill=\"currentColor\" d=\"M396.8 352h22.4c6.4 0 12.8-6.4 12.8-12.8V108.8c0-6.4-6.4-12.8-12.8-12.8h-22.4c-6.4 0-12.8 6.4-12.8 12.8v230.4c0 6.4 6.4 12.8 12.8 12.8zm-192 0h22.4c6.4 0 12.8-6.4 12.8-12.8V140.8c0-6.4-6.4-12.8-12.8-12.8h-22.4c-6.4 0-12.8 6.4-12.8 12.8v198.4c0 6.4 6.4 12.8 12.8 12.8zm96 0h22.4c6.4 0 12.8-6.4 12.8-12.8V204.8c0-6.4-6.4-12.8-12.8-12.8h-22.4c-6.4 0-12.8 6.4-12.8 12.8v134.4c0 6.4 6.4 12.8 12.8 12.8zM496 400H48V80c0-8.84-7.16-16-16-16H16C7.16 64 0 71.16 0 80v336c0 17.67 14.33 32 32 32h464c8.84 0 16-7.16 16-16v-16c0-8.84-7.16-16-16-16zm-387.2-48h22.4c6.4 0 12.8-6.4 12.8-12.8v-70.4c0-6.4-6.4-12.8-12.8-12.8h-22.4c-6.4 0-12.8 6.4-12.8 12.8v70.4c0 6.4 6.4 12.8 12.8 12.8z\" class=\"\"><\/path><\/svg><\/i> <img loading=\"lazy\" decoding=\"async\" width=\"16\" height=\"16\" alt=\"Loading\" src=\"https:\/\/temucotelevision.cl\/web\/wp-content\/plugins\/page-views-count\/ajax-loader-2x.gif\" border=0 \/><\/p>\n<div class=\"pvc_clear\"><\/div>\n<p style=\"text-align: justify;\">La cita se desarroll\u00f3 tras haberse cumplido las 72 horas, propuestas por la autoridad regional, para entregar plan de contingencia y reparaci\u00f3n por parte de la compa\u00f1\u00eda.<\/p>\n<p style=\"text-align: justify;\">La presente temporada estival dist\u00f3 mucho de ser un tranquilo pasar en la regi\u00f3n de La Araucan\u00eda. Adem\u00e1s de los incendios forestales que han azotado incesantemente distintos puntos de la regi\u00f3n en las \u00faltimas semanas, prolongados cortes del suministro el\u00e9ctrico han complicado a\u00fan m\u00e1s esta situaci\u00f3n, especialmente en las comunas de la zona lacustre, producto de lo cual el pasado 16 de febrero, el intendente Jorge Atton entreg\u00f3 un plazo de 72 horas a las empresas de energ\u00eda para presentar un plan de contingencia y reparaci\u00f3n, con el fin de dar regularidad en el servicio, y prever que en situaciones similares de emergencia, se mantenga la normalidad en la entrega del suministro a los clientes.<\/p>\n<p style=\"text-align: justify;\">Es as\u00ed como en el marco de una reuni\u00f3n sostenida en Temuco, con la presencia del ministro (s) de energ\u00eda, Ricardo Irarr\u00e1zaval; el superintendente de electricidad y combustibles, Luis \u00c1vila; y los representantes de la empresa CGE, encabezados por Luis Zarauza, Country Manager en Chile de esa empresa; el Intendente Atton analiz\u00f3 la situaci\u00f3n de los reiterados cortes de energ\u00eda el\u00e9ctrica que se han afectado a diversas comunas de la regi\u00f3n.<\/p>\n<p style=\"text-align: justify;\">Para la autoridad regional, lo m\u00e1s importante es superar a la brevedad los episodios de suspensi\u00f3n de suministros, que han afectado de manera especial a las comunas lacustres y sus alrededores, como Loncoche, Gorbea y Pitrufquen. Para ello, Atton recibi\u00f3 los compromisos de la empresa CGE, en orden a restablecer el sistema y generar medidas que eviten a futuro que los habitantes de esta regi\u00f3n vuelvan a quedar sin electricidad, tanto en las \u00e1reas urbanas como rurales.<\/p>\n<p style=\"text-align: justify;\">El Intendente enumero tres aspectos considerados como b\u00e1sicos por parte de la compa\u00f1\u00eda el\u00e9ctrica, para logar la soluci\u00f3n definitiva a la situaci\u00f3n. \u201cEst\u00e1 resuelta la falla generada en la l\u00ednea de media tensi\u00f3n Temuco &#8211; Loncoche. CGE hizo la limpieza de las franjas que provocaron la ca\u00edda del sistema. Lo segundo, hay compromiso para instalar grupos electr\u00f3genos para contingencias en las comunas de Villarrica, Puc\u00f3n y Curarrehue, que permitir\u00e1n absolver el aumento de consumo de energ\u00eda en verano. Asimismo, concretar su plan de limpieza de franjas establecido para 14 meses, rebajado a 3, donde nos comprometimos al libre acceso a los sectores para concretar esas faenas. Y finalmente, la instalaci\u00f3n de nuevas l\u00edneas de alta tensi\u00f3n para respaldos en el suministro de energ\u00eda\u201d, acot\u00f3 Atton.<\/p>\n<p style=\"text-align: justify;\">Por su parte el ministro (s) de energ\u00eda, Ricardo Irarr\u00e1zaval, sostuvo que luego de los cortes de suministro, las empresas responsables deber\u00edan cancelar indemnizaciones y pago autom\u00e1tico de compensaciones a los clientes afectados, en el caso que la Superintendencia de Electricidad y Combustibles SEC, defina que la causa de la suspensi\u00f3n del servicio no tiene caracter\u00edstica de \u201cfuerza mayor\u201d, esperando que la pr\u00f3xima semana exista una resoluci\u00f3n al respecto.<\/p>\n<p style=\"text-align: justify;\">Adem\u00e1s, Irarr\u00e1zabal explic\u00f3 que respecto al plan de mantenci\u00f3n anunciado por CGE, \u00e9ste ser\u00e1 ingresado a la SEC, con el objeto de convertirse en vinculante y no voluntario, considerando el monto de 4 mil 600 millones de pesos que anuncia la empresa para incorporar a su presupuesto de mantenci\u00f3n habitual, lo que significa \u201cllevar adelante encuentros con comunidades, con el objeto de detallar el trabajo que se llevar\u00e1 a cabo en diversos sectores de la regi\u00f3n, seg\u00fan sea el caso\u201d, expres\u00f3 la autoridad.<\/p>\n<p style=\"text-align: justify;\">En relaci\u00f3n a lo mismo, Luis Zarauza, Country Manager de CGE en Chile, confirm\u00f3 la ejecuci\u00f3n de trabajos en la l\u00ednea de servicio Temuco-Loncoche, donde se han concentrado la mayor cantidad de fallas en los \u00faltimos d\u00edas. \u201cEs necesario reformar el sistema, para que puedan resistir a los problemas de temperatura y vegetaci\u00f3n que afectan a la estructura, solucionando los problemas actuales y tambi\u00e9n dise\u00f1ando soluciones para enfrentar el medio y largo plazo\u201d, afirm\u00f3 el ejecutivo.<\/p>\n<p style=\"text-align: justify;\">Cabe destacar que a lo anterior, se suma a la informaci\u00f3n que entreg\u00f3 Frontel al intendente Jorge Atton, en cuanto al reforzamiento de las l\u00edneas de alta tensi\u00f3n, y la instalaci\u00f3n de grupos electr\u00f3genos de forma permanente para reaccionar en caso de emergencias, detalle que la SEC esta inspeccionando para comprobar su operatividad.<\/p>\n","protected":false},"excerpt":{"rendered":"<div class=\"pvc_clear\"><\/div>\n<p id=\"pvc_stats_1647\" class=\"pvc_stats total_only  \" data-element-id=\"1647\" style=\"\"><i class=\"pvc-stats-icon large\" aria-hidden=\"true\"><svg aria-hidden=\"true\" focusable=\"false\" data-prefix=\"far\" data-icon=\"chart-bar\" role=\"img\" xmlns=\"http:\/\/www.w3.org\/2000\/svg\" viewBox=\"0 0 512 512\" class=\"svg-inline--fa fa-chart-bar fa-w-16 fa-2x\"><path fill=\"currentColor\" d=\"M396.8 352h22.4c6.4 0 12.8-6.4 12.8-12.8V108.8c0-6.4-6.4-12.8-12.8-12.8h-22.4c-6.4 0-12.8 6.4-12.8 12.8v230.4c0 6.4 6.4 12.8 12.8 12.8zm-192 0h22.4c6.4 0 12.8-6.4 12.8-12.8V140.8c0-6.4-6.4-12.8-12.8-12.8h-22.4c-6.4 0-12.8 6.4-12.8 12.8v198.4c0 6.4 6.4 12.8 12.8 12.8zm96 0h22.4c6.4 0 12.8-6.4 12.8-12.8V204.8c0-6.4-6.4-12.8-12.8-12.8h-22.4c-6.4 0-12.8 6.4-12.8 12.8v134.4c0 6.4 6.4 12.8 12.8 12.8zM496 400H48V80c0-8.84-7.16-16-16-16H16C7.16 64 0 71.16 0 80v336c0 17.67 14.33 32 32 32h464c8.84 0 16-7.16 16-16v-16c0-8.84-7.16-16-16-16zm-387.2-48h22.4c6.4 0 12.8-6.4 12.8-12.8v-70.4c0-6.4-6.4-12.8-12.8-12.8h-22.4c-6.4 0-12.8 6.4-12.8 12.8v70.4c0 6.4 6.4 12.8 12.8 12.8z\" class=\"\"><\/path><\/svg><\/i> <img loading=\"lazy\" decoding=\"async\" width=\"16\" height=\"16\" alt=\"Loading\" src=\"https:\/\/temucotelevision.cl\/web\/wp-content\/plugins\/page-views-count\/ajax-loader-2x.gif\" border=0 \/><\/p>\n<div class=\"pvc_clear\"><\/div>\n<p>La cita se desarroll\u00f3 tras haberse cumplido las 72 horas, propuestas por la autoridad regional, para entregar plan de contingencia<\/p>\n","protected":false},"author":1,"featured_media":1648,"comment_status":"open","ping_status":"open","sticky":false,"template":"","format":"standard","meta":{"colormag_page_container_layout":"default_layout","colormag_page_sidebar_layout":"default_layout","footnotes":""},"categories":[14],"tags":[596,597,321,515,595,91],"class_list":["post-1647","post","type-post","status-publish","format-standard","has-post-thumbnail","hentry","category-temuco","tag-atton","tag-cortes","tag-emergencia","tag-energia","tag-intendente","tag-zona"],"a3_pvc":{"activated":true,"total_views":26,"today_views":0},"_links":{"self":[{"href":"https:\/\/temucotelevision.cl\/web\/wp-json\/wp\/v2\/posts\/1647","targetHints":{"allow":["GET"]}}],"collection":[{"href":"https:\/\/temucotelevision.cl\/web\/wp-json\/wp\/v2\/posts"}],"about":[{"href":"https:\/\/temucotelevision.cl\/web\/wp-json\/wp\/v2\/types\/post"}],"author":[{"embeddable":true,"href":"https:\/\/temucotelevision.cl\/web\/wp-json\/wp\/v2\/users\/1"}],"replies":[{"embeddable":true,"href":"https:\/\/temucotelevision.cl\/web\/wp-json\/wp\/v2\/comments?post=1647"}],"version-history":[{"count":1,"href":"https:\/\/temucotelevision.cl\/web\/wp-json\/wp\/v2\/posts\/1647\/revisions"}],"predecessor-version":[{"id":1649,"href":"https:\/\/temucotelevision.cl\/web\/wp-json\/wp\/v2\/posts\/1647\/revisions\/1649"}],"wp:featuredmedia":[{"embeddable":true,"href":"https:\/\/temucotelevision.cl\/web\/wp-json\/wp\/v2\/media\/1648"}],"wp:attachment":[{"href":"https:\/\/temucotelevision.cl\/web\/wp-json\/wp\/v2\/media?parent=1647"}],"wp:term":[{"taxonomy":"category","embeddable":true,"href":"https:\/\/temucotelevision.cl\/web\/wp-json\/wp\/v2\/categories?post=1647"},{"taxonomy":"post_tag","embeddable":true,"href":"https:\/\/temucotelevision.cl\/web\/wp-json\/wp\/v2\/tags?post=1647"}],"curies":[{"name":"wp","href":"https:\/\/api.w.org\/{rel}","templated":true}]}}