{"id":1644,"date":"2019-02-21T11:28:07","date_gmt":"2019-02-21T14:28:07","guid":{"rendered":"https:\/\/temucotelevision.cl\/web\/?p=1644"},"modified":"2019-02-21T11:28:07","modified_gmt":"2019-02-21T14:28:07","slug":"pinera-quienes-niegan-que-hay-terrorismo-en-la-araucania-tapan-el-sol-con-un-dedo","status":"publish","type":"post","link":"https:\/\/temucotelevision.cl\/web\/2019\/02\/21\/pinera-quienes-niegan-que-hay-terrorismo-en-la-araucania-tapan-el-sol-con-un-dedo\/","title":{"rendered":"Pi\u00f1era: Quienes niegan que hay terrorismo en La Araucan\u00eda tapan el sol con un dedo"},"content":{"rendered":"<div class=\"pvc_clear\"><\/div>\n<p id=\"pvc_stats_1644\" class=\"pvc_stats total_only  \" data-element-id=\"1644\" style=\"\"><i class=\"pvc-stats-icon large\" aria-hidden=\"true\"><svg aria-hidden=\"true\" focusable=\"false\" data-prefix=\"far\" data-icon=\"chart-bar\" role=\"img\" xmlns=\"http:\/\/www.w3.org\/2000\/svg\" viewBox=\"0 0 512 512\" class=\"svg-inline--fa fa-chart-bar fa-w-16 fa-2x\"><path fill=\"currentColor\" d=\"M396.8 352h22.4c6.4 0 12.8-6.4 12.8-12.8V108.8c0-6.4-6.4-12.8-12.8-12.8h-22.4c-6.4 0-12.8 6.4-12.8 12.8v230.4c0 6.4 6.4 12.8 12.8 12.8zm-192 0h22.4c6.4 0 12.8-6.4 12.8-12.8V140.8c0-6.4-6.4-12.8-12.8-12.8h-22.4c-6.4 0-12.8 6.4-12.8 12.8v198.4c0 6.4 6.4 12.8 12.8 12.8zm96 0h22.4c6.4 0 12.8-6.4 12.8-12.8V204.8c0-6.4-6.4-12.8-12.8-12.8h-22.4c-6.4 0-12.8 6.4-12.8 12.8v134.4c0 6.4 6.4 12.8 12.8 12.8zM496 400H48V80c0-8.84-7.16-16-16-16H16C7.16 64 0 71.16 0 80v336c0 17.67 14.33 32 32 32h464c8.84 0 16-7.16 16-16v-16c0-8.84-7.16-16-16-16zm-387.2-48h22.4c6.4 0 12.8-6.4 12.8-12.8v-70.4c0-6.4-6.4-12.8-12.8-12.8h-22.4c-6.4 0-12.8 6.4-12.8 12.8v70.4c0 6.4 6.4 12.8 12.8 12.8z\" class=\"\"><\/path><\/svg><\/i> <img loading=\"lazy\" decoding=\"async\" width=\"16\" height=\"16\" alt=\"Loading\" src=\"https:\/\/temucotelevision.cl\/web\/wp-content\/plugins\/page-views-count\/ajax-loader-2x.gif\" border=0 \/><\/p>\n<div class=\"pvc_clear\"><\/div>\n<p style=\"text-align: justify;\">El\u00a0Presidente\u00a0Sebasti\u00e1n Pi\u00f1era\u00a0lleg\u00f3 esta ma\u00f1ana a la\u00a0Regi\u00f3n de La Araucan\u00eda\u00a0e insisti\u00f3 -como lo ha hecho muchas veces- que all\u00ed &#8220;s\u00ed hay terrorismo&#8221;. Agreg\u00f3 que quienes lo niegan &#8220;tapan el sol con un dedo.<\/p>\n<p style=\"text-align: justify;\">En la antesala de su viaje a la frontera colombo-venezolana, el Mandatario decidi\u00f3 visitar los\u00a0sectores m\u00e1s afectados por los incendios forestales.<\/p>\n<p style=\"text-align: justify;\">En la comuna de Lautaro, y mientras inauguraba una comisar\u00eda, se refiri\u00f3 a los hechos de violencia en la zona, pero de modo general, no vinculando los incendios con las reivindicaciones mapuche, como hicieron durante los \u00faltimos d\u00edas el\u00a0subsecretario Rodrigo Ubilla\u00a0y el\u00a0ex intendente Luis Mayol.<\/p>\n<p style=\"text-align: justify;\">&#8220;En la Regi\u00f3n de La Araucan\u00eda s\u00ed hay terrorismo, y los que lo quieran negar est\u00e1n tratando de tapar el sol con un dedo, porque cuando se cometen los actos que hemos conocido, naturalmente que hay en eso un acto de terrorismo&#8221;, dijo Pi\u00f1era.<\/p>\n<p style=\"text-align: justify;\">&#8220;Por eso hemos aplicado la Ley de Seguridad del Estado cuando corresponde, la Ley Antiterrorista cuando corresponde, y\u00a0lo vamos a seguir aplicando&#8221;, agreg\u00f3.<\/p>\n<p style=\"text-align: justify;\">El viaje del Presidente ocurre un d\u00eda antes que\u00a0viaje hasta C\u00facuta, en la frontera de Colombia y Venezuela, para entregar en terreno la\u00a0ayuda humanitaria\u00a0para el pa\u00eds gobernado por\u00a0Nicol\u00e1s Maduro, que vive una compleja crisis pol\u00edtica, econ\u00f3mica y social.<\/p>\n<p style=\"text-align: justify;\">Agricultores: Han sido superados por estas &#8220;hordas de terroristas&#8221;<\/p>\n<p style=\"text-align: justify;\">Su presencia en la zona fue aprovechada por agricultores para exigir un aumento de las medidas de seguridad, a objeto de prevenir atentados.<\/p>\n<p style=\"text-align: justify;\">En esa l\u00ednea, el presidente de la Sociedad de Fomento Agr\u00edcola (SOFO),\u00a0Marcelo Zirotti, asegur\u00f3 que\u00a0&#8220;creemos que es un estado de excepci\u00f3n que se pidi\u00f3 y se otorg\u00f3, pero\u00a0creemos que falta un poco m\u00e1s de fuerza policial y tambi\u00e9n militar, que es m\u00e1s presente&#8221;.<\/p>\n<p style=\"text-align: justify;\">&#8220;Creemos que aunque este estado de excepci\u00f3n est\u00e1 funcionando, hemos visto tambi\u00e9n en videos que ellos\u00a0han sido superados en parte por estas hordas de terroristas\u00a0que hay en la Regi\u00f3n&#8221;, manifest\u00f3.<\/p>\n","protected":false},"excerpt":{"rendered":"<div class=\"pvc_clear\"><\/div>\n<p id=\"pvc_stats_1644\" class=\"pvc_stats total_only  \" data-element-id=\"1644\" style=\"\"><i class=\"pvc-stats-icon large\" aria-hidden=\"true\"><svg aria-hidden=\"true\" focusable=\"false\" data-prefix=\"far\" data-icon=\"chart-bar\" role=\"img\" xmlns=\"http:\/\/www.w3.org\/2000\/svg\" viewBox=\"0 0 512 512\" class=\"svg-inline--fa fa-chart-bar fa-w-16 fa-2x\"><path fill=\"currentColor\" d=\"M396.8 352h22.4c6.4 0 12.8-6.4 12.8-12.8V108.8c0-6.4-6.4-12.8-12.8-12.8h-22.4c-6.4 0-12.8 6.4-12.8 12.8v230.4c0 6.4 6.4 12.8 12.8 12.8zm-192 0h22.4c6.4 0 12.8-6.4 12.8-12.8V140.8c0-6.4-6.4-12.8-12.8-12.8h-22.4c-6.4 0-12.8 6.4-12.8 12.8v198.4c0 6.4 6.4 12.8 12.8 12.8zm96 0h22.4c6.4 0 12.8-6.4 12.8-12.8V204.8c0-6.4-6.4-12.8-12.8-12.8h-22.4c-6.4 0-12.8 6.4-12.8 12.8v134.4c0 6.4 6.4 12.8 12.8 12.8zM496 400H48V80c0-8.84-7.16-16-16-16H16C7.16 64 0 71.16 0 80v336c0 17.67 14.33 32 32 32h464c8.84 0 16-7.16 16-16v-16c0-8.84-7.16-16-16-16zm-387.2-48h22.4c6.4 0 12.8-6.4 12.8-12.8v-70.4c0-6.4-6.4-12.8-12.8-12.8h-22.4c-6.4 0-12.8 6.4-12.8 12.8v70.4c0 6.4 6.4 12.8 12.8 12.8z\" class=\"\"><\/path><\/svg><\/i> <img loading=\"lazy\" decoding=\"async\" width=\"16\" height=\"16\" alt=\"Loading\" src=\"https:\/\/temucotelevision.cl\/web\/wp-content\/plugins\/page-views-count\/ajax-loader-2x.gif\" border=0 \/><\/p>\n<div class=\"pvc_clear\"><\/div>\n<p>El\u00a0Presidente\u00a0Sebasti\u00e1n Pi\u00f1era\u00a0lleg\u00f3 esta ma\u00f1ana a la\u00a0Regi\u00f3n de La Araucan\u00eda\u00a0e insisti\u00f3 -como lo ha hecho muchas veces- que all\u00ed &#8220;s\u00ed hay<\/p>\n","protected":false},"author":1,"featured_media":1645,"comment_status":"open","ping_status":"open","sticky":false,"template":"","format":"standard","meta":{"colormag_page_container_layout":"default_layout","colormag_page_sidebar_layout":"default_layout","footnotes":""},"categories":[15],"tags":[116,114],"class_list":["post-1644","post","type-post","status-publish","format-standard","has-post-thumbnail","hentry","category-la-araucania","tag-la-araucania","tag-pinera"],"a3_pvc":{"activated":true,"total_views":26,"today_views":0},"_links":{"self":[{"href":"https:\/\/temucotelevision.cl\/web\/wp-json\/wp\/v2\/posts\/1644","targetHints":{"allow":["GET"]}}],"collection":[{"href":"https:\/\/temucotelevision.cl\/web\/wp-json\/wp\/v2\/posts"}],"about":[{"href":"https:\/\/temucotelevision.cl\/web\/wp-json\/wp\/v2\/types\/post"}],"author":[{"embeddable":true,"href":"https:\/\/temucotelevision.cl\/web\/wp-json\/wp\/v2\/users\/1"}],"replies":[{"embeddable":true,"href":"https:\/\/temucotelevision.cl\/web\/wp-json\/wp\/v2\/comments?post=1644"}],"version-history":[{"count":1,"href":"https:\/\/temucotelevision.cl\/web\/wp-json\/wp\/v2\/posts\/1644\/revisions"}],"predecessor-version":[{"id":1646,"href":"https:\/\/temucotelevision.cl\/web\/wp-json\/wp\/v2\/posts\/1644\/revisions\/1646"}],"wp:featuredmedia":[{"embeddable":true,"href":"https:\/\/temucotelevision.cl\/web\/wp-json\/wp\/v2\/media\/1645"}],"wp:attachment":[{"href":"https:\/\/temucotelevision.cl\/web\/wp-json\/wp\/v2\/media?parent=1644"}],"wp:term":[{"taxonomy":"category","embeddable":true,"href":"https:\/\/temucotelevision.cl\/web\/wp-json\/wp\/v2\/categories?post=1644"},{"taxonomy":"post_tag","embeddable":true,"href":"https:\/\/temucotelevision.cl\/web\/wp-json\/wp\/v2\/tags?post=1644"}],"curies":[{"name":"wp","href":"https:\/\/api.w.org\/{rel}","templated":true}]}}