{"id":1641,"date":"2019-02-21T11:17:31","date_gmt":"2019-02-21T14:17:31","guid":{"rendered":"https:\/\/temucotelevision.cl\/web\/?p=1641"},"modified":"2019-02-21T11:17:31","modified_gmt":"2019-02-21T14:17:31","slug":"jazz-sobre-rieles-se-presentara-en-el-museo-ferroviario-pablo-neruda","status":"publish","type":"post","link":"https:\/\/temucotelevision.cl\/web\/2019\/02\/21\/jazz-sobre-rieles-se-presentara-en-el-museo-ferroviario-pablo-neruda\/","title":{"rendered":"&#8220;Jazz sobre rieles&#8221; se presentar\u00e1 en el Museo Ferroviario Pablo Neruda"},"content":{"rendered":"<div class=\"pvc_clear\"><\/div>\n<p id=\"pvc_stats_1641\" class=\"pvc_stats total_only  \" data-element-id=\"1641\" style=\"\"><i class=\"pvc-stats-icon large\" aria-hidden=\"true\"><svg aria-hidden=\"true\" focusable=\"false\" data-prefix=\"far\" data-icon=\"chart-bar\" role=\"img\" xmlns=\"http:\/\/www.w3.org\/2000\/svg\" viewBox=\"0 0 512 512\" class=\"svg-inline--fa fa-chart-bar fa-w-16 fa-2x\"><path fill=\"currentColor\" d=\"M396.8 352h22.4c6.4 0 12.8-6.4 12.8-12.8V108.8c0-6.4-6.4-12.8-12.8-12.8h-22.4c-6.4 0-12.8 6.4-12.8 12.8v230.4c0 6.4 6.4 12.8 12.8 12.8zm-192 0h22.4c6.4 0 12.8-6.4 12.8-12.8V140.8c0-6.4-6.4-12.8-12.8-12.8h-22.4c-6.4 0-12.8 6.4-12.8 12.8v198.4c0 6.4 6.4 12.8 12.8 12.8zm96 0h22.4c6.4 0 12.8-6.4 12.8-12.8V204.8c0-6.4-6.4-12.8-12.8-12.8h-22.4c-6.4 0-12.8 6.4-12.8 12.8v134.4c0 6.4 6.4 12.8 12.8 12.8zM496 400H48V80c0-8.84-7.16-16-16-16H16C7.16 64 0 71.16 0 80v336c0 17.67 14.33 32 32 32h464c8.84 0 16-7.16 16-16v-16c0-8.84-7.16-16-16-16zm-387.2-48h22.4c6.4 0 12.8-6.4 12.8-12.8v-70.4c0-6.4-6.4-12.8-12.8-12.8h-22.4c-6.4 0-12.8 6.4-12.8 12.8v70.4c0 6.4 6.4 12.8 12.8 12.8z\" class=\"\"><\/path><\/svg><\/i> <img loading=\"lazy\" decoding=\"async\" width=\"16\" height=\"16\" alt=\"Loading\" src=\"https:\/\/temucotelevision.cl\/web\/wp-content\/plugins\/page-views-count\/ajax-loader-2x.gif\" border=0 \/><\/p>\n<div class=\"pvc_clear\"><\/div>\n<p style=\"text-align: justify;\">La actividad, preparada por la Municipalidad de Temuco en el marco de su 138\u00b0 aniversario, vuelve a apoderarse de la majestuosa \u201cCasa de M\u00e1quinas\u201d para encantar a quienes gozan de estas adictivas melod\u00edas.<\/p>\n<p style=\"text-align: justify;\">El tradicional evento, que hab\u00eda sido suspendido en el a\u00f1o 2010 tras el terremoto que azot\u00f3 a gran parte de nuestro pa\u00eds, vuelve a este escenario tras la reciente reestructuraci\u00f3n del reconocido espacio patrimonial, exhibiendo en su primera noche (mi\u00e9rcoles 20 de febrero) a \u201cAlejandro Espinosa Jazz Quinteto\u201d.<\/p>\n<p style=\"text-align: justify;\">Espinosa es considerado como uno de los m\u00e1s talentosos bateristas de este g\u00e9nero, responsable en gran medida del impulso del jazz chileno, integrante en diversas agrupaciones, destacado en la producci\u00f3n de conciertos y trabajos discogr\u00e1ficos con afamados artistas como Andrea Tessa y Jos\u00e9 Luis \u00c1rce. Due\u00f1o de un sonido inigualable, ha sabido traspasar sus experiencias y conocimientos a las nuevas generaciones.<\/p>\n<p style=\"text-align: justify;\">En tanto, la segunda noche (jueves 21 de febrero) el Museo se inundar\u00e1 de la m\u00fasica de \u201cHolman Tr\u00edo\u201d, ganadores del premio PULSAR a mejor artista fusi\u00f3n, premio m\u00e1ximo de la m\u00fasica chilena.<\/p>\n<p style=\"text-align: justify;\">Su pilar fundamental se ha gestado fusionando distintos ritmos ancestrales chilenos, utilizando elementos del jazz como formato de tr\u00edo en piano, bajo y bater\u00eda incluyendo el arriesgado pero m\u00e1gico elemento de la improvisaci\u00f3n. Para Ernesto Holman para \u201chacer m\u00fasica tenemos que conectarnos espiritualmente con los ritmos de la tierra\u201d.<\/p>\n<p style=\"text-align: justify;\">La invitaci\u00f3n, seg\u00fan lo se\u00f1alado por Scarlett Carter, directora del Museo Ferroviario, es a \u201casistir en familia a esta enriquecedora experiencia presentada con mucho orgullo en este nuevo espacio cultural que abre sus puertas a diversas manifestaciones art\u00edsticas\u201d. Enfatiz\u00f3 adem\u00e1s que \u201cpara este a\u00f1o, esperamos contar con una amplia parrilla de actividades, ofreci\u00e9ndoles a nuestros visitantes un nutrido abanico de posibilidades para todos los gustos y edades\u201d.<\/p>\n<p style=\"text-align: justify;\">Finalmente, recalcar que el evento \u201cJazz sobre rieles\u201d es de car\u00e1cter gratuito desde las 20:30 horas.<\/p>\n","protected":false},"excerpt":{"rendered":"<div class=\"pvc_clear\"><\/div>\n<p id=\"pvc_stats_1641\" class=\"pvc_stats total_only  \" data-element-id=\"1641\" style=\"\"><i class=\"pvc-stats-icon large\" aria-hidden=\"true\"><svg aria-hidden=\"true\" focusable=\"false\" data-prefix=\"far\" data-icon=\"chart-bar\" role=\"img\" xmlns=\"http:\/\/www.w3.org\/2000\/svg\" viewBox=\"0 0 512 512\" class=\"svg-inline--fa fa-chart-bar fa-w-16 fa-2x\"><path fill=\"currentColor\" d=\"M396.8 352h22.4c6.4 0 12.8-6.4 12.8-12.8V108.8c0-6.4-6.4-12.8-12.8-12.8h-22.4c-6.4 0-12.8 6.4-12.8 12.8v230.4c0 6.4 6.4 12.8 12.8 12.8zm-192 0h22.4c6.4 0 12.8-6.4 12.8-12.8V140.8c0-6.4-6.4-12.8-12.8-12.8h-22.4c-6.4 0-12.8 6.4-12.8 12.8v198.4c0 6.4 6.4 12.8 12.8 12.8zm96 0h22.4c6.4 0 12.8-6.4 12.8-12.8V204.8c0-6.4-6.4-12.8-12.8-12.8h-22.4c-6.4 0-12.8 6.4-12.8 12.8v134.4c0 6.4 6.4 12.8 12.8 12.8zM496 400H48V80c0-8.84-7.16-16-16-16H16C7.16 64 0 71.16 0 80v336c0 17.67 14.33 32 32 32h464c8.84 0 16-7.16 16-16v-16c0-8.84-7.16-16-16-16zm-387.2-48h22.4c6.4 0 12.8-6.4 12.8-12.8v-70.4c0-6.4-6.4-12.8-12.8-12.8h-22.4c-6.4 0-12.8 6.4-12.8 12.8v70.4c0 6.4 6.4 12.8 12.8 12.8z\" class=\"\"><\/path><\/svg><\/i> <img loading=\"lazy\" decoding=\"async\" width=\"16\" height=\"16\" alt=\"Loading\" src=\"https:\/\/temucotelevision.cl\/web\/wp-content\/plugins\/page-views-count\/ajax-loader-2x.gif\" border=0 \/><\/p>\n<div class=\"pvc_clear\"><\/div>\n<p>La actividad, preparada por la Municipalidad de Temuco en el marco de su 138\u00b0 aniversario, vuelve a apoderarse de la<\/p>\n","protected":false},"author":1,"featured_media":1642,"comment_status":"open","ping_status":"open","sticky":false,"template":"","format":"standard","meta":{"colormag_page_container_layout":"default_layout","colormag_page_sidebar_layout":"default_layout","footnotes":""},"categories":[86],"tags":[594,222,593,311,592],"class_list":["post-1641","post","type-post","status-publish","format-standard","has-post-thumbnail","hentry","category-panoramas","tag-conciertos","tag-jazz","tag-maquinas","tag-musica","tag-rieles"],"a3_pvc":{"activated":true,"total_views":60,"today_views":0},"_links":{"self":[{"href":"https:\/\/temucotelevision.cl\/web\/wp-json\/wp\/v2\/posts\/1641","targetHints":{"allow":["GET"]}}],"collection":[{"href":"https:\/\/temucotelevision.cl\/web\/wp-json\/wp\/v2\/posts"}],"about":[{"href":"https:\/\/temucotelevision.cl\/web\/wp-json\/wp\/v2\/types\/post"}],"author":[{"embeddable":true,"href":"https:\/\/temucotelevision.cl\/web\/wp-json\/wp\/v2\/users\/1"}],"replies":[{"embeddable":true,"href":"https:\/\/temucotelevision.cl\/web\/wp-json\/wp\/v2\/comments?post=1641"}],"version-history":[{"count":1,"href":"https:\/\/temucotelevision.cl\/web\/wp-json\/wp\/v2\/posts\/1641\/revisions"}],"predecessor-version":[{"id":1643,"href":"https:\/\/temucotelevision.cl\/web\/wp-json\/wp\/v2\/posts\/1641\/revisions\/1643"}],"wp:featuredmedia":[{"embeddable":true,"href":"https:\/\/temucotelevision.cl\/web\/wp-json\/wp\/v2\/media\/1642"}],"wp:attachment":[{"href":"https:\/\/temucotelevision.cl\/web\/wp-json\/wp\/v2\/media?parent=1641"}],"wp:term":[{"taxonomy":"category","embeddable":true,"href":"https:\/\/temucotelevision.cl\/web\/wp-json\/wp\/v2\/categories?post=1641"},{"taxonomy":"post_tag","embeddable":true,"href":"https:\/\/temucotelevision.cl\/web\/wp-json\/wp\/v2\/tags?post=1641"}],"curies":[{"name":"wp","href":"https:\/\/api.w.org\/{rel}","templated":true}]}}