{"id":16377,"date":"2020-11-19T22:24:50","date_gmt":"2020-11-20T01:24:50","guid":{"rendered":"https:\/\/temucotelevision.cl\/web\/?p=16377"},"modified":"2020-11-19T22:24:51","modified_gmt":"2020-11-20T01:24:51","slug":"municipalidad-de-temuco-prepara-ciclo-de-charlas-en-torno-al-eclipse-2020%ef%bb%bf","status":"publish","type":"post","link":"https:\/\/temucotelevision.cl\/web\/2020\/11\/19\/municipalidad-de-temuco-prepara-ciclo-de-charlas-en-torno-al-eclipse-2020%ef%bb%bf\/","title":{"rendered":"Municipalidad de Temuco prepara ciclo de charlas en torno al eclipse 2020\ufeff"},"content":{"rendered":"<div class=\"pvc_clear\"><\/div><p id=\"pvc_stats_16377\" class=\"pvc_stats total_only  \" data-element-id=\"16377\" style=\"\"><i class=\"pvc-stats-icon large\" aria-hidden=\"true\"><svg aria-hidden=\"true\" focusable=\"false\" data-prefix=\"far\" data-icon=\"chart-bar\" role=\"img\" xmlns=\"http:\/\/www.w3.org\/2000\/svg\" viewBox=\"0 0 512 512\" class=\"svg-inline--fa fa-chart-bar fa-w-16 fa-2x\"><path fill=\"currentColor\" d=\"M396.8 352h22.4c6.4 0 12.8-6.4 12.8-12.8V108.8c0-6.4-6.4-12.8-12.8-12.8h-22.4c-6.4 0-12.8 6.4-12.8 12.8v230.4c0 6.4 6.4 12.8 12.8 12.8zm-192 0h22.4c6.4 0 12.8-6.4 12.8-12.8V140.8c0-6.4-6.4-12.8-12.8-12.8h-22.4c-6.4 0-12.8 6.4-12.8 12.8v198.4c0 6.4 6.4 12.8 12.8 12.8zm96 0h22.4c6.4 0 12.8-6.4 12.8-12.8V204.8c0-6.4-6.4-12.8-12.8-12.8h-22.4c-6.4 0-12.8 6.4-12.8 12.8v134.4c0 6.4 6.4 12.8 12.8 12.8zM496 400H48V80c0-8.84-7.16-16-16-16H16C7.16 64 0 71.16 0 80v336c0 17.67 14.33 32 32 32h464c8.84 0 16-7.16 16-16v-16c0-8.84-7.16-16-16-16zm-387.2-48h22.4c6.4 0 12.8-6.4 12.8-12.8v-70.4c0-6.4-6.4-12.8-12.8-12.8h-22.4c-6.4 0-12.8 6.4-12.8 12.8v70.4c0 6.4 6.4 12.8 12.8 12.8z\" class=\"\"><\/path><\/svg><\/i> <img loading=\"lazy\" decoding=\"async\" width=\"16\" height=\"16\" alt=\"Loading\" src=\"https:\/\/temucotelevision.cl\/web\/wp-content\/plugins\/page-views-count\/ajax-loader-2x.gif\" border=0 \/><\/p><div class=\"pvc_clear\"><\/div>\n<p>La relaci\u00f3n con la cosmovisi\u00f3n mapuche, la astrofotograf\u00eda y c\u00f3mo ver un eclipse solar total sin da\u00f1arte los ojos son los temas a tratar.&nbsp;<\/p>\n\n\n\n<p>A menos de un mes para el eclipse solar \u201314 de diciembre- la&nbsp;<strong>municipalidad de Temuco prepara un ciclo de charlas online<\/strong>&nbsp;enfocadas a educar y concientizar sobre como observar de forma segura este fen\u00f3meno astron\u00f3mico.<\/p>\n\n\n\n<p>Temas como la astrofotograf\u00eda, los riesgos que existe para la salud de nuestros ojos y el eclipse en el marco de la cosmovisi\u00f3n mapuche son algunos de los temas que profesionales de diversas disciplinas abordar\u00e1n en exposiciones virtuales abiertas a la comunidad.<\/p>\n\n\n\n<p>Miguel Becker, alcalde de la comuna de Temuco, invit\u00f3 a la comunidad a participar e informarse. \u201cQueremos invitarlos a todos a vivir una experiencia \u00fanica y segura, es por eso que estamos trabajando, de forma colaborativa con profesionales de la UFRO y el equipo Eclipse Araucan\u00eda 2020, para informar sobre diversos temas que permitan a las familias prepararse correctamente y as\u00ed observar este fen\u00f3meno de forma segura\u201d.<\/p>\n\n\n\n<p>Por otro lado, el astr\u00f3nomo Carlos Morales, asesor cient\u00edfico de la coordinaci\u00f3n Eclipse Araucan\u00eda y expositor de la charla de astrofotograf\u00eda, explic\u00f3 que \u201clo m\u00e1s importante es disfrutar de este fen\u00f3meno con seguridad, enfatizando en que deben protegerse los ojos con &#8220;Lentes Certificados&#8221; y por ning\u00fan motivo, utilizar elementos como radiograf\u00edas o anteojos de sol comunes. Adem\u00e1s, aconsej\u00f3 a los aficionados a la fotograf\u00eda utilizar filtros dedicados para observaci\u00f3n solar y no otros\u201d.<\/p>\n\n\n\n<p>Este viernes 20 de noviembre a partir de las 19:00, por el Facebook de la Municipalidad de Temuco, se transmitir\u00e1 la primera charla denominada \u201cLos eclipses en el marco de la cosmovisi\u00f3n mapuche\u201d, dictado por el historiador e investigador Juan \u00d1anculef.&nbsp;<\/p>\n\n\n\n<p>Revisa la programaci\u00f3n en&nbsp;<a href=\"http:\/\/www.temuco.cl\/\">www.temuco.cl<\/a>.<\/p>\n","protected":false},"excerpt":{"rendered":"<div class=\"pvc_clear\"><\/div>\n<p id=\"pvc_stats_16377\" class=\"pvc_stats total_only  \" data-element-id=\"16377\" style=\"\"><i class=\"pvc-stats-icon large\" aria-hidden=\"true\"><svg aria-hidden=\"true\" focusable=\"false\" data-prefix=\"far\" data-icon=\"chart-bar\" role=\"img\" xmlns=\"http:\/\/www.w3.org\/2000\/svg\" viewBox=\"0 0 512 512\" class=\"svg-inline--fa fa-chart-bar fa-w-16 fa-2x\"><path fill=\"currentColor\" d=\"M396.8 352h22.4c6.4 0 12.8-6.4 12.8-12.8V108.8c0-6.4-6.4-12.8-12.8-12.8h-22.4c-6.4 0-12.8 6.4-12.8 12.8v230.4c0 6.4 6.4 12.8 12.8 12.8zm-192 0h22.4c6.4 0 12.8-6.4 12.8-12.8V140.8c0-6.4-6.4-12.8-12.8-12.8h-22.4c-6.4 0-12.8 6.4-12.8 12.8v198.4c0 6.4 6.4 12.8 12.8 12.8zm96 0h22.4c6.4 0 12.8-6.4 12.8-12.8V204.8c0-6.4-6.4-12.8-12.8-12.8h-22.4c-6.4 0-12.8 6.4-12.8 12.8v134.4c0 6.4 6.4 12.8 12.8 12.8zM496 400H48V80c0-8.84-7.16-16-16-16H16C7.16 64 0 71.16 0 80v336c0 17.67 14.33 32 32 32h464c8.84 0 16-7.16 16-16v-16c0-8.84-7.16-16-16-16zm-387.2-48h22.4c6.4 0 12.8-6.4 12.8-12.8v-70.4c0-6.4-6.4-12.8-12.8-12.8h-22.4c-6.4 0-12.8 6.4-12.8 12.8v70.4c0 6.4 6.4 12.8 12.8 12.8z\" class=\"\"><\/path><\/svg><\/i> <img loading=\"lazy\" decoding=\"async\" width=\"16\" height=\"16\" alt=\"Loading\" src=\"https:\/\/temucotelevision.cl\/web\/wp-content\/plugins\/page-views-count\/ajax-loader-2x.gif\" border=0 \/><\/p>\n<div class=\"pvc_clear\"><\/div>\n<p>La relaci\u00f3n con la cosmovisi\u00f3n mapuche, la astrofotograf\u00eda y c\u00f3mo ver un eclipse solar total sin da\u00f1arte los ojos son<\/p>\n","protected":false},"author":1,"featured_media":16378,"comment_status":"open","ping_status":"open","sticky":false,"template":"","format":"standard","meta":{"colormag_page_container_layout":"default_layout","colormag_page_sidebar_layout":"default_layout","footnotes":""},"categories":[14],"tags":[622],"class_list":["post-16377","post","type-post","status-publish","format-standard","has-post-thumbnail","hentry","category-temuco","tag-eclipse"],"a3_pvc":{"activated":true,"total_views":26,"today_views":0},"_links":{"self":[{"href":"https:\/\/temucotelevision.cl\/web\/wp-json\/wp\/v2\/posts\/16377","targetHints":{"allow":["GET"]}}],"collection":[{"href":"https:\/\/temucotelevision.cl\/web\/wp-json\/wp\/v2\/posts"}],"about":[{"href":"https:\/\/temucotelevision.cl\/web\/wp-json\/wp\/v2\/types\/post"}],"author":[{"embeddable":true,"href":"https:\/\/temucotelevision.cl\/web\/wp-json\/wp\/v2\/users\/1"}],"replies":[{"embeddable":true,"href":"https:\/\/temucotelevision.cl\/web\/wp-json\/wp\/v2\/comments?post=16377"}],"version-history":[{"count":1,"href":"https:\/\/temucotelevision.cl\/web\/wp-json\/wp\/v2\/posts\/16377\/revisions"}],"predecessor-version":[{"id":16379,"href":"https:\/\/temucotelevision.cl\/web\/wp-json\/wp\/v2\/posts\/16377\/revisions\/16379"}],"wp:featuredmedia":[{"embeddable":true,"href":"https:\/\/temucotelevision.cl\/web\/wp-json\/wp\/v2\/media\/16378"}],"wp:attachment":[{"href":"https:\/\/temucotelevision.cl\/web\/wp-json\/wp\/v2\/media?parent=16377"}],"wp:term":[{"taxonomy":"category","embeddable":true,"href":"https:\/\/temucotelevision.cl\/web\/wp-json\/wp\/v2\/categories?post=16377"},{"taxonomy":"post_tag","embeddable":true,"href":"https:\/\/temucotelevision.cl\/web\/wp-json\/wp\/v2\/tags?post=16377"}],"curies":[{"name":"wp","href":"https:\/\/api.w.org\/{rel}","templated":true}]}}