{"id":16374,"date":"2020-11-19T22:06:11","date_gmt":"2020-11-20T01:06:11","guid":{"rendered":"https:\/\/temucotelevision.cl\/web\/?p=16374"},"modified":"2020-11-19T22:06:12","modified_gmt":"2020-11-20T01:06:12","slug":"canton-de-reclutamiento-temuco-informa-plazo-para-presentar-causal-de-exclusion-al-servicio-militar","status":"publish","type":"post","link":"https:\/\/temucotelevision.cl\/web\/2020\/11\/19\/canton-de-reclutamiento-temuco-informa-plazo-para-presentar-causal-de-exclusion-al-servicio-militar\/","title":{"rendered":"Cant\u00f3n de Reclutamiento Temuco informa plazo para presentar causal de exclusi\u00f3n al Servicio Militar"},"content":{"rendered":"<div class=\"pvc_clear\"><\/div><p id=\"pvc_stats_16374\" class=\"pvc_stats total_only  \" data-element-id=\"16374\" style=\"\"><i class=\"pvc-stats-icon large\" aria-hidden=\"true\"><svg aria-hidden=\"true\" focusable=\"false\" data-prefix=\"far\" data-icon=\"chart-bar\" role=\"img\" xmlns=\"http:\/\/www.w3.org\/2000\/svg\" viewBox=\"0 0 512 512\" class=\"svg-inline--fa fa-chart-bar fa-w-16 fa-2x\"><path fill=\"currentColor\" d=\"M396.8 352h22.4c6.4 0 12.8-6.4 12.8-12.8V108.8c0-6.4-6.4-12.8-12.8-12.8h-22.4c-6.4 0-12.8 6.4-12.8 12.8v230.4c0 6.4 6.4 12.8 12.8 12.8zm-192 0h22.4c6.4 0 12.8-6.4 12.8-12.8V140.8c0-6.4-6.4-12.8-12.8-12.8h-22.4c-6.4 0-12.8 6.4-12.8 12.8v198.4c0 6.4 6.4 12.8 12.8 12.8zm96 0h22.4c6.4 0 12.8-6.4 12.8-12.8V204.8c0-6.4-6.4-12.8-12.8-12.8h-22.4c-6.4 0-12.8 6.4-12.8 12.8v134.4c0 6.4 6.4 12.8 12.8 12.8zM496 400H48V80c0-8.84-7.16-16-16-16H16C7.16 64 0 71.16 0 80v336c0 17.67 14.33 32 32 32h464c8.84 0 16-7.16 16-16v-16c0-8.84-7.16-16-16-16zm-387.2-48h22.4c6.4 0 12.8-6.4 12.8-12.8v-70.4c0-6.4-6.4-12.8-12.8-12.8h-22.4c-6.4 0-12.8 6.4-12.8 12.8v70.4c0 6.4 6.4 12.8 12.8 12.8z\" class=\"\"><\/path><\/svg><\/i> <img loading=\"lazy\" decoding=\"async\" width=\"16\" height=\"16\" alt=\"Loading\" src=\"https:\/\/temucotelevision.cl\/web\/wp-content\/plugins\/page-views-count\/ajax-loader-2x.gif\" border=0 \/><\/p><div class=\"pvc_clear\"><\/div>\n<p>El Cant\u00f3n de Reclutamiento de Temuco da a conocer la siguiente informaci\u00f3n para la comunidad.<\/p>\n\n\n\n<p>Cant\u00f3n de Reclutamiento Temuco informa que si resultaste sorteado al Servicio Militar tienes plazo hasta el 30.NOV.2020 para presentar una causal de exclusi\u00f3n ante la comisi\u00f3n especial de acreditaci\u00f3n CEA, la cual ser\u00e1 recepcionada en nuestra oficina cantonal ubicada en Miraflores 724 Temuco o en nuestra p\u00e1gina web <a rel=\"noreferrer noopener\" href=\"http:\/\/www.serviciomilitar.cl\/\" target=\"_blank\">www.serviciomilitar.cl<\/a>, el tr\u00e1mite se puede hacer en forma online.\u00a0\u00a0<\/p>\n\n\n\n<p>Para los j\u00f3venes que quieran ser parte de nuestro Servicio Militar y quieran inscribirse en forma voluntaria los nacidos el a\u00f1o 2002 y anteriores los esperamos en nuestras oficinas, nuestro horario de atenci\u00f3n es de lunes a viernes de 09:00 a 14:00 Hrs.&nbsp;<\/p>\n","protected":false},"excerpt":{"rendered":"<div class=\"pvc_clear\"><\/div>\n<p id=\"pvc_stats_16374\" class=\"pvc_stats total_only  \" data-element-id=\"16374\" style=\"\"><i class=\"pvc-stats-icon large\" aria-hidden=\"true\"><svg aria-hidden=\"true\" focusable=\"false\" data-prefix=\"far\" data-icon=\"chart-bar\" role=\"img\" xmlns=\"http:\/\/www.w3.org\/2000\/svg\" viewBox=\"0 0 512 512\" class=\"svg-inline--fa fa-chart-bar fa-w-16 fa-2x\"><path fill=\"currentColor\" d=\"M396.8 352h22.4c6.4 0 12.8-6.4 12.8-12.8V108.8c0-6.4-6.4-12.8-12.8-12.8h-22.4c-6.4 0-12.8 6.4-12.8 12.8v230.4c0 6.4 6.4 12.8 12.8 12.8zm-192 0h22.4c6.4 0 12.8-6.4 12.8-12.8V140.8c0-6.4-6.4-12.8-12.8-12.8h-22.4c-6.4 0-12.8 6.4-12.8 12.8v198.4c0 6.4 6.4 12.8 12.8 12.8zm96 0h22.4c6.4 0 12.8-6.4 12.8-12.8V204.8c0-6.4-6.4-12.8-12.8-12.8h-22.4c-6.4 0-12.8 6.4-12.8 12.8v134.4c0 6.4 6.4 12.8 12.8 12.8zM496 400H48V80c0-8.84-7.16-16-16-16H16C7.16 64 0 71.16 0 80v336c0 17.67 14.33 32 32 32h464c8.84 0 16-7.16 16-16v-16c0-8.84-7.16-16-16-16zm-387.2-48h22.4c6.4 0 12.8-6.4 12.8-12.8v-70.4c0-6.4-6.4-12.8-12.8-12.8h-22.4c-6.4 0-12.8 6.4-12.8 12.8v70.4c0 6.4 6.4 12.8 12.8 12.8z\" class=\"\"><\/path><\/svg><\/i> <img loading=\"lazy\" decoding=\"async\" width=\"16\" height=\"16\" alt=\"Loading\" src=\"https:\/\/temucotelevision.cl\/web\/wp-content\/plugins\/page-views-count\/ajax-loader-2x.gif\" border=0 \/><\/p>\n<div class=\"pvc_clear\"><\/div>\n<p>El Cant\u00f3n de Reclutamiento de Temuco da a conocer la siguiente informaci\u00f3n para la comunidad. Cant\u00f3n de Reclutamiento Temuco informa<\/p>\n","protected":false},"author":1,"featured_media":16375,"comment_status":"open","ping_status":"open","sticky":false,"template":"","format":"standard","meta":{"colormag_page_container_layout":"default_layout","colormag_page_sidebar_layout":"default_layout","footnotes":""},"categories":[14],"tags":[3225,3227],"class_list":["post-16374","post","type-post","status-publish","format-standard","has-post-thumbnail","hentry","category-temuco","tag-canton","tag-cea"],"a3_pvc":{"activated":true,"total_views":452,"today_views":0},"_links":{"self":[{"href":"https:\/\/temucotelevision.cl\/web\/wp-json\/wp\/v2\/posts\/16374","targetHints":{"allow":["GET"]}}],"collection":[{"href":"https:\/\/temucotelevision.cl\/web\/wp-json\/wp\/v2\/posts"}],"about":[{"href":"https:\/\/temucotelevision.cl\/web\/wp-json\/wp\/v2\/types\/post"}],"author":[{"embeddable":true,"href":"https:\/\/temucotelevision.cl\/web\/wp-json\/wp\/v2\/users\/1"}],"replies":[{"embeddable":true,"href":"https:\/\/temucotelevision.cl\/web\/wp-json\/wp\/v2\/comments?post=16374"}],"version-history":[{"count":1,"href":"https:\/\/temucotelevision.cl\/web\/wp-json\/wp\/v2\/posts\/16374\/revisions"}],"predecessor-version":[{"id":16376,"href":"https:\/\/temucotelevision.cl\/web\/wp-json\/wp\/v2\/posts\/16374\/revisions\/16376"}],"wp:featuredmedia":[{"embeddable":true,"href":"https:\/\/temucotelevision.cl\/web\/wp-json\/wp\/v2\/media\/16375"}],"wp:attachment":[{"href":"https:\/\/temucotelevision.cl\/web\/wp-json\/wp\/v2\/media?parent=16374"}],"wp:term":[{"taxonomy":"category","embeddable":true,"href":"https:\/\/temucotelevision.cl\/web\/wp-json\/wp\/v2\/categories?post=16374"},{"taxonomy":"post_tag","embeddable":true,"href":"https:\/\/temucotelevision.cl\/web\/wp-json\/wp\/v2\/tags?post=16374"}],"curies":[{"name":"wp","href":"https:\/\/api.w.org\/{rel}","templated":true}]}}