{"id":16371,"date":"2020-11-19T21:50:24","date_gmt":"2020-11-20T00:50:24","guid":{"rendered":"https:\/\/temucotelevision.cl\/web\/?p=16371"},"modified":"2020-11-19T21:50:26","modified_gmt":"2020-11-20T00:50:26","slug":"piden-incorporar-delito-de-incendio-en-lugares-de-culto-religioso-en-codigo-penal%ef%bb%bf","status":"publish","type":"post","link":"https:\/\/temucotelevision.cl\/web\/2020\/11\/19\/piden-incorporar-delito-de-incendio-en-lugares-de-culto-religioso-en-codigo-penal%ef%bb%bf\/","title":{"rendered":"Piden incorporar delito de incendio en lugares de culto religioso en C\u00f3digo Penal\ufeff"},"content":{"rendered":"<div class=\"pvc_clear\"><\/div><p id=\"pvc_stats_16371\" class=\"pvc_stats total_only  \" data-element-id=\"16371\" style=\"\"><i class=\"pvc-stats-icon large\" aria-hidden=\"true\"><svg aria-hidden=\"true\" focusable=\"false\" data-prefix=\"far\" data-icon=\"chart-bar\" role=\"img\" xmlns=\"http:\/\/www.w3.org\/2000\/svg\" viewBox=\"0 0 512 512\" class=\"svg-inline--fa fa-chart-bar fa-w-16 fa-2x\"><path fill=\"currentColor\" d=\"M396.8 352h22.4c6.4 0 12.8-6.4 12.8-12.8V108.8c0-6.4-6.4-12.8-12.8-12.8h-22.4c-6.4 0-12.8 6.4-12.8 12.8v230.4c0 6.4 6.4 12.8 12.8 12.8zm-192 0h22.4c6.4 0 12.8-6.4 12.8-12.8V140.8c0-6.4-6.4-12.8-12.8-12.8h-22.4c-6.4 0-12.8 6.4-12.8 12.8v198.4c0 6.4 6.4 12.8 12.8 12.8zm96 0h22.4c6.4 0 12.8-6.4 12.8-12.8V204.8c0-6.4-6.4-12.8-12.8-12.8h-22.4c-6.4 0-12.8 6.4-12.8 12.8v134.4c0 6.4 6.4 12.8 12.8 12.8zM496 400H48V80c0-8.84-7.16-16-16-16H16C7.16 64 0 71.16 0 80v336c0 17.67 14.33 32 32 32h464c8.84 0 16-7.16 16-16v-16c0-8.84-7.16-16-16-16zm-387.2-48h22.4c6.4 0 12.8-6.4 12.8-12.8v-70.4c0-6.4-6.4-12.8-12.8-12.8h-22.4c-6.4 0-12.8 6.4-12.8 12.8v70.4c0 6.4 6.4 12.8 12.8 12.8z\" class=\"\"><\/path><\/svg><\/i> <img loading=\"lazy\" decoding=\"async\" width=\"16\" height=\"16\" alt=\"Loading\" src=\"https:\/\/temucotelevision.cl\/web\/wp-content\/plugins\/page-views-count\/ajax-loader-2x.gif\" border=0 \/><\/p><div class=\"pvc_clear\"><\/div>\n<p>\u2022&nbsp;&nbsp;&nbsp;&nbsp;&nbsp;&nbsp;&nbsp;&nbsp;&nbsp;&nbsp;&nbsp;&nbsp;&nbsp;&nbsp;&nbsp;El proyecto de la senadora Carmen Gloria Aravena busca hacerse cargo de la serie de ataques a iglesias ocurridos durante los \u00faltimos a\u00f1os.&nbsp;<\/p>\n\n\n\n<p>La senadora Carmen Gloria Aravena present\u00f3 un proyecto de ley para que los ataques incendiarios a sitios de culto religioso sean considerados en el C\u00f3digo Penal como un delito y de esa manera se castigue a quienes han atentado contra iglesias en La Araucan\u00eda y el pa\u00eds en general.<\/p>\n\n\n\n<p>Indic\u00f3 \u201ctodo Chile, especialmente quienes profesamos alguna religi\u00f3n, se ha visto afectado por los incendios ocurridos durante el \u00faltimo tiempo en&nbsp;&nbsp;la capilla de Carabineros San Francisco de Borja y la Parroquia Patrimonial Asunci\u00f3n, por nombrar los m\u00e1s recientes\u201d.&nbsp;&nbsp;Agreg\u00f3 que \u201cmuchos cristianos cat\u00f3licos vimos con tristeza e impotencia c\u00f3mo ca\u00edan sus torres, mientras los autores celebraban con algarab\u00eda un hecho que a todas luces atenta contra la propiedad privada y la libertad de culto, dos derechos que se encuentran incorporados en la actual Constituci\u00f3n&#8221;.<\/p>\n\n\n\n<p>La senadora (independiente pro RN) explic\u00f3 que \u201chechos de este tipo en La Araucan\u00eda son pr\u00e1cticamente pan de cada d\u00eda\u201d, precisando que \u201cde acuerdo a un informe de la Multigremial de La Araucan\u00eda, entre los a\u00f1os 2015 a 2017 ha habido m\u00e1s de 27 lugares de culto quemados intencionalmente. Hubo atentados incendiarios en el Santuario San Sebasti\u00e1n Pircunche, en la capilla Santa Joaquina (ambos de Padre Las Casas) y en la capilla Padre Hurtado, de Quepe, entre muchas otras.\u201d Agreg\u00f3 que \u201ca principios de abril de 2019, el templo evang\u00e9lico de la Uni\u00f3n Cristiana, en Ercilla, tambi\u00e9n sufri\u00f3 un atentado, donde se hallaron panfletos con la leyenda: &#8220;Todas las iglesias ser\u00e1n quemadas\u201d, lo que se suma a ataques de la misma naturaleza a dos Iglesias el fin de semana reci\u00e9n pasado en la comuna de Victoria\u201d.<\/p>\n\n\n\n<p>Cabe se\u00f1alar que esta iniciativa se suma a otro proyecto de ley presentado por la parlamentaria, el cual busca endurecer las penas respecto a delitos que se cometan en contra de lugares dedicados a la religiosidad, subiendo en dos grados la pena asociada a este delito y las multas aparejadas, ya sea por la destrucci\u00f3n, vandalizaci\u00f3n o incendios intencionales.<\/p>\n","protected":false},"excerpt":{"rendered":"<div class=\"pvc_clear\"><\/div>\n<p id=\"pvc_stats_16371\" class=\"pvc_stats total_only  \" data-element-id=\"16371\" style=\"\"><i class=\"pvc-stats-icon large\" aria-hidden=\"true\"><svg aria-hidden=\"true\" focusable=\"false\" data-prefix=\"far\" data-icon=\"chart-bar\" role=\"img\" xmlns=\"http:\/\/www.w3.org\/2000\/svg\" viewBox=\"0 0 512 512\" class=\"svg-inline--fa fa-chart-bar fa-w-16 fa-2x\"><path fill=\"currentColor\" d=\"M396.8 352h22.4c6.4 0 12.8-6.4 12.8-12.8V108.8c0-6.4-6.4-12.8-12.8-12.8h-22.4c-6.4 0-12.8 6.4-12.8 12.8v230.4c0 6.4 6.4 12.8 12.8 12.8zm-192 0h22.4c6.4 0 12.8-6.4 12.8-12.8V140.8c0-6.4-6.4-12.8-12.8-12.8h-22.4c-6.4 0-12.8 6.4-12.8 12.8v198.4c0 6.4 6.4 12.8 12.8 12.8zm96 0h22.4c6.4 0 12.8-6.4 12.8-12.8V204.8c0-6.4-6.4-12.8-12.8-12.8h-22.4c-6.4 0-12.8 6.4-12.8 12.8v134.4c0 6.4 6.4 12.8 12.8 12.8zM496 400H48V80c0-8.84-7.16-16-16-16H16C7.16 64 0 71.16 0 80v336c0 17.67 14.33 32 32 32h464c8.84 0 16-7.16 16-16v-16c0-8.84-7.16-16-16-16zm-387.2-48h22.4c6.4 0 12.8-6.4 12.8-12.8v-70.4c0-6.4-6.4-12.8-12.8-12.8h-22.4c-6.4 0-12.8 6.4-12.8 12.8v70.4c0 6.4 6.4 12.8 12.8 12.8z\" class=\"\"><\/path><\/svg><\/i> <img loading=\"lazy\" decoding=\"async\" width=\"16\" height=\"16\" alt=\"Loading\" src=\"https:\/\/temucotelevision.cl\/web\/wp-content\/plugins\/page-views-count\/ajax-loader-2x.gif\" border=0 \/><\/p>\n<div class=\"pvc_clear\"><\/div>\n<p>\u2022&nbsp;&nbsp;&nbsp;&nbsp;&nbsp;&nbsp;&nbsp;&nbsp;&nbsp;&nbsp;&nbsp;&nbsp;&nbsp;&nbsp;&nbsp;El proyecto de la senadora Carmen Gloria Aravena busca hacerse cargo de la serie de ataques a iglesias ocurridos durante<\/p>\n","protected":false},"author":1,"featured_media":16372,"comment_status":"open","ping_status":"open","sticky":false,"template":"","format":"standard","meta":{"colormag_page_container_layout":"default_layout","colormag_page_sidebar_layout":"default_layout","footnotes":""},"categories":[84],"tags":[722,254],"class_list":["post-16371","post","type-post","status-publish","format-standard","has-post-thumbnail","hentry","category-politica","tag-codigo","tag-delito"],"a3_pvc":{"activated":true,"total_views":23,"today_views":0},"_links":{"self":[{"href":"https:\/\/temucotelevision.cl\/web\/wp-json\/wp\/v2\/posts\/16371","targetHints":{"allow":["GET"]}}],"collection":[{"href":"https:\/\/temucotelevision.cl\/web\/wp-json\/wp\/v2\/posts"}],"about":[{"href":"https:\/\/temucotelevision.cl\/web\/wp-json\/wp\/v2\/types\/post"}],"author":[{"embeddable":true,"href":"https:\/\/temucotelevision.cl\/web\/wp-json\/wp\/v2\/users\/1"}],"replies":[{"embeddable":true,"href":"https:\/\/temucotelevision.cl\/web\/wp-json\/wp\/v2\/comments?post=16371"}],"version-history":[{"count":1,"href":"https:\/\/temucotelevision.cl\/web\/wp-json\/wp\/v2\/posts\/16371\/revisions"}],"predecessor-version":[{"id":16373,"href":"https:\/\/temucotelevision.cl\/web\/wp-json\/wp\/v2\/posts\/16371\/revisions\/16373"}],"wp:featuredmedia":[{"embeddable":true,"href":"https:\/\/temucotelevision.cl\/web\/wp-json\/wp\/v2\/media\/16372"}],"wp:attachment":[{"href":"https:\/\/temucotelevision.cl\/web\/wp-json\/wp\/v2\/media?parent=16371"}],"wp:term":[{"taxonomy":"category","embeddable":true,"href":"https:\/\/temucotelevision.cl\/web\/wp-json\/wp\/v2\/categories?post=16371"},{"taxonomy":"post_tag","embeddable":true,"href":"https:\/\/temucotelevision.cl\/web\/wp-json\/wp\/v2\/tags?post=16371"}],"curies":[{"name":"wp","href":"https:\/\/api.w.org\/{rel}","templated":true}]}}