{"id":1634,"date":"2019-02-21T11:00:04","date_gmt":"2019-02-21T14:00:04","guid":{"rendered":"https:\/\/temucotelevision.cl\/web\/?p=1634"},"modified":"2019-02-21T11:04:22","modified_gmt":"2019-02-21T14:04:22","slug":"se-aplaza-triatlon-cross-de-tolten-para-el-9-de-marzo","status":"publish","type":"post","link":"https:\/\/temucotelevision.cl\/web\/2019\/02\/21\/se-aplaza-triatlon-cross-de-tolten-para-el-9-de-marzo\/","title":{"rendered":"Se aplaza Triatl\u00f3n Cross de Tolt\u00e9n para el 9 de marzo"},"content":{"rendered":"<div class=\"pvc_clear\"><\/div>\n<p id=\"pvc_stats_1634\" class=\"pvc_stats total_only  \" data-element-id=\"1634\" style=\"\"><i class=\"pvc-stats-icon large\" aria-hidden=\"true\"><svg aria-hidden=\"true\" focusable=\"false\" data-prefix=\"far\" data-icon=\"chart-bar\" role=\"img\" xmlns=\"http:\/\/www.w3.org\/2000\/svg\" viewBox=\"0 0 512 512\" class=\"svg-inline--fa fa-chart-bar fa-w-16 fa-2x\"><path fill=\"currentColor\" d=\"M396.8 352h22.4c6.4 0 12.8-6.4 12.8-12.8V108.8c0-6.4-6.4-12.8-12.8-12.8h-22.4c-6.4 0-12.8 6.4-12.8 12.8v230.4c0 6.4 6.4 12.8 12.8 12.8zm-192 0h22.4c6.4 0 12.8-6.4 12.8-12.8V140.8c0-6.4-6.4-12.8-12.8-12.8h-22.4c-6.4 0-12.8 6.4-12.8 12.8v198.4c0 6.4 6.4 12.8 12.8 12.8zm96 0h22.4c6.4 0 12.8-6.4 12.8-12.8V204.8c0-6.4-6.4-12.8-12.8-12.8h-22.4c-6.4 0-12.8 6.4-12.8 12.8v134.4c0 6.4 6.4 12.8 12.8 12.8zM496 400H48V80c0-8.84-7.16-16-16-16H16C7.16 64 0 71.16 0 80v336c0 17.67 14.33 32 32 32h464c8.84 0 16-7.16 16-16v-16c0-8.84-7.16-16-16-16zm-387.2-48h22.4c6.4 0 12.8-6.4 12.8-12.8v-70.4c0-6.4-6.4-12.8-12.8-12.8h-22.4c-6.4 0-12.8 6.4-12.8 12.8v70.4c0 6.4 6.4 12.8 12.8 12.8z\" class=\"\"><\/path><\/svg><\/i> <img loading=\"lazy\" decoding=\"async\" width=\"16\" height=\"16\" alt=\"Loading\" src=\"https:\/\/temucotelevision.cl\/web\/wp-content\/plugins\/page-views-count\/ajax-loader-2x.gif\" border=0 \/><\/p>\n<div class=\"pvc_clear\"><\/div>\n<p style=\"text-align: justify;\">El municipio de Tolt\u00e9n, informa que oficialmente la 4 versi\u00f3n del Triatl\u00f3n 2019, se aplaza para el 9 de marzo.<\/p>\n<p style=\"text-align: justify;\">Esta decisi\u00f3n se tom\u00f3 producto de mejorar temas log\u00edsticos y mejorar la organizaci\u00f3n y premios que se dispondr\u00e1n para esta importante actividad deportiva. Se solicita comprensi\u00f3n de los participantes y p\u00fablico en general.<\/p>\n<p style=\"text-align: justify;\">La decisi\u00f3n se toma con el objetivo de mejorar integralmente el desarrollo de esta competencia. Para los inscritos se dispondr\u00e1 la devoluci\u00f3n de inscripci\u00f3n si as\u00ed fuera requerido.<\/p>\n<p><img loading=\"lazy\" decoding=\"async\" class=\"size-full wp-image-1636 aligncenter\" src=\"https:\/\/temucotelevision.cl\/web\/wp-content\/uploads\/2019\/02\/Triatlon2.jpg\" alt=\"\" width=\"853\" height=\"1280\" srcset=\"https:\/\/temucotelevision.cl\/web\/wp-content\/uploads\/2019\/02\/Triatlon2.jpg 853w, https:\/\/temucotelevision.cl\/web\/wp-content\/uploads\/2019\/02\/Triatlon2-768x1152.jpg 768w, https:\/\/temucotelevision.cl\/web\/wp-content\/uploads\/2019\/02\/Triatlon2-682x1024.jpg 682w\" sizes=\"auto, (max-width: 853px) 100vw, 853px\" \/><\/p>\n<p><img loading=\"lazy\" decoding=\"async\" class=\"alignnone size-full wp-image-1639\" src=\"https:\/\/temucotelevision.cl\/web\/wp-content\/uploads\/2019\/02\/Triatl\u00f3n-Cross2.jpg\" alt=\"\" width=\"800\" height=\"455\" srcset=\"https:\/\/temucotelevision.cl\/web\/wp-content\/uploads\/2019\/02\/Triatl\u00f3n-Cross2.jpg 800w, https:\/\/temucotelevision.cl\/web\/wp-content\/uploads\/2019\/02\/Triatl\u00f3n-Cross2-768x437.jpg 768w\" sizes=\"auto, (max-width: 800px) 100vw, 800px\" \/><\/p>\n","protected":false},"excerpt":{"rendered":"<div class=\"pvc_clear\"><\/div>\n<p id=\"pvc_stats_1634\" class=\"pvc_stats total_only  \" data-element-id=\"1634\" style=\"\"><i class=\"pvc-stats-icon large\" aria-hidden=\"true\"><svg aria-hidden=\"true\" focusable=\"false\" data-prefix=\"far\" data-icon=\"chart-bar\" role=\"img\" xmlns=\"http:\/\/www.w3.org\/2000\/svg\" viewBox=\"0 0 512 512\" class=\"svg-inline--fa fa-chart-bar fa-w-16 fa-2x\"><path fill=\"currentColor\" d=\"M396.8 352h22.4c6.4 0 12.8-6.4 12.8-12.8V108.8c0-6.4-6.4-12.8-12.8-12.8h-22.4c-6.4 0-12.8 6.4-12.8 12.8v230.4c0 6.4 6.4 12.8 12.8 12.8zm-192 0h22.4c6.4 0 12.8-6.4 12.8-12.8V140.8c0-6.4-6.4-12.8-12.8-12.8h-22.4c-6.4 0-12.8 6.4-12.8 12.8v198.4c0 6.4 6.4 12.8 12.8 12.8zm96 0h22.4c6.4 0 12.8-6.4 12.8-12.8V204.8c0-6.4-6.4-12.8-12.8-12.8h-22.4c-6.4 0-12.8 6.4-12.8 12.8v134.4c0 6.4 6.4 12.8 12.8 12.8zM496 400H48V80c0-8.84-7.16-16-16-16H16C7.16 64 0 71.16 0 80v336c0 17.67 14.33 32 32 32h464c8.84 0 16-7.16 16-16v-16c0-8.84-7.16-16-16-16zm-387.2-48h22.4c6.4 0 12.8-6.4 12.8-12.8v-70.4c0-6.4-6.4-12.8-12.8-12.8h-22.4c-6.4 0-12.8 6.4-12.8 12.8v70.4c0 6.4 6.4 12.8 12.8 12.8z\" class=\"\"><\/path><\/svg><\/i> <img loading=\"lazy\" decoding=\"async\" width=\"16\" height=\"16\" alt=\"Loading\" src=\"https:\/\/temucotelevision.cl\/web\/wp-content\/plugins\/page-views-count\/ajax-loader-2x.gif\" border=0 \/><\/p>\n<div class=\"pvc_clear\"><\/div>\n<p>El municipio de Tolt\u00e9n, informa que oficialmente la 4 versi\u00f3n del Triatl\u00f3n 2019, se aplaza para el 9 de marzo.<\/p>\n","protected":false},"author":1,"featured_media":1635,"comment_status":"open","ping_status":"open","sticky":false,"template":"","format":"standard","meta":{"colormag_page_container_layout":"default_layout","colormag_page_sidebar_layout":"default_layout","footnotes":""},"categories":[86],"tags":[590,591,215,410],"class_list":["post-1634","post","type-post","status-publish","format-standard","has-post-thumbnail","hentry","category-panoramas","tag-actividad","tag-municipio","tag-tolten","tag-triatlon"],"a3_pvc":{"activated":true,"total_views":58,"today_views":0},"_links":{"self":[{"href":"https:\/\/temucotelevision.cl\/web\/wp-json\/wp\/v2\/posts\/1634","targetHints":{"allow":["GET"]}}],"collection":[{"href":"https:\/\/temucotelevision.cl\/web\/wp-json\/wp\/v2\/posts"}],"about":[{"href":"https:\/\/temucotelevision.cl\/web\/wp-json\/wp\/v2\/types\/post"}],"author":[{"embeddable":true,"href":"https:\/\/temucotelevision.cl\/web\/wp-json\/wp\/v2\/users\/1"}],"replies":[{"embeddable":true,"href":"https:\/\/temucotelevision.cl\/web\/wp-json\/wp\/v2\/comments?post=1634"}],"version-history":[{"count":3,"href":"https:\/\/temucotelevision.cl\/web\/wp-json\/wp\/v2\/posts\/1634\/revisions"}],"predecessor-version":[{"id":1640,"href":"https:\/\/temucotelevision.cl\/web\/wp-json\/wp\/v2\/posts\/1634\/revisions\/1640"}],"wp:featuredmedia":[{"embeddable":true,"href":"https:\/\/temucotelevision.cl\/web\/wp-json\/wp\/v2\/media\/1635"}],"wp:attachment":[{"href":"https:\/\/temucotelevision.cl\/web\/wp-json\/wp\/v2\/media?parent=1634"}],"wp:term":[{"taxonomy":"category","embeddable":true,"href":"https:\/\/temucotelevision.cl\/web\/wp-json\/wp\/v2\/categories?post=1634"},{"taxonomy":"post_tag","embeddable":true,"href":"https:\/\/temucotelevision.cl\/web\/wp-json\/wp\/v2\/tags?post=1634"}],"curies":[{"name":"wp","href":"https:\/\/api.w.org\/{rel}","templated":true}]}}