{"id":1629,"date":"2019-02-20T20:41:39","date_gmt":"2019-02-20T23:41:39","guid":{"rendered":"https:\/\/temucotelevision.cl\/web\/?p=1629"},"modified":"2019-02-20T20:41:39","modified_gmt":"2019-02-20T23:41:39","slug":"core-sandoval-pide-recursos-a-ministro-para-megaproyecto-que-recupera-el-rio-cautin","status":"publish","type":"post","link":"https:\/\/temucotelevision.cl\/web\/2019\/02\/20\/core-sandoval-pide-recursos-a-ministro-para-megaproyecto-que-recupera-el-rio-cautin\/","title":{"rendered":"Core Sandoval pide recursos a ministro para megaproyecto que recupera el r\u00edo Caut\u00edn"},"content":{"rendered":"<div class=\"pvc_clear\"><\/div>\n<p id=\"pvc_stats_1629\" class=\"pvc_stats total_only  \" data-element-id=\"1629\" style=\"\"><i class=\"pvc-stats-icon large\" aria-hidden=\"true\"><svg aria-hidden=\"true\" focusable=\"false\" data-prefix=\"far\" data-icon=\"chart-bar\" role=\"img\" xmlns=\"http:\/\/www.w3.org\/2000\/svg\" viewBox=\"0 0 512 512\" class=\"svg-inline--fa fa-chart-bar fa-w-16 fa-2x\"><path fill=\"currentColor\" d=\"M396.8 352h22.4c6.4 0 12.8-6.4 12.8-12.8V108.8c0-6.4-6.4-12.8-12.8-12.8h-22.4c-6.4 0-12.8 6.4-12.8 12.8v230.4c0 6.4 6.4 12.8 12.8 12.8zm-192 0h22.4c6.4 0 12.8-6.4 12.8-12.8V140.8c0-6.4-6.4-12.8-12.8-12.8h-22.4c-6.4 0-12.8 6.4-12.8 12.8v198.4c0 6.4 6.4 12.8 12.8 12.8zm96 0h22.4c6.4 0 12.8-6.4 12.8-12.8V204.8c0-6.4-6.4-12.8-12.8-12.8h-22.4c-6.4 0-12.8 6.4-12.8 12.8v134.4c0 6.4 6.4 12.8 12.8 12.8zM496 400H48V80c0-8.84-7.16-16-16-16H16C7.16 64 0 71.16 0 80v336c0 17.67 14.33 32 32 32h464c8.84 0 16-7.16 16-16v-16c0-8.84-7.16-16-16-16zm-387.2-48h22.4c6.4 0 12.8-6.4 12.8-12.8v-70.4c0-6.4-6.4-12.8-12.8-12.8h-22.4c-6.4 0-12.8 6.4-12.8 12.8v70.4c0 6.4 6.4 12.8 12.8 12.8z\" class=\"\"><\/path><\/svg><\/i> <img loading=\"lazy\" decoding=\"async\" width=\"16\" height=\"16\" alt=\"Loading\" src=\"https:\/\/temucotelevision.cl\/web\/wp-content\/plugins\/page-views-count\/ajax-loader-2x.gif\" border=0 \/><\/p>\n<div class=\"pvc_clear\"><\/div>\n<p style=\"text-align: justify;\">\u201cSomos ambiciosos, queremos que este proyecto transforme la ciudad y ponga nuevamente a Temuco a la cabeza del desarrollo urbano en Latinoam\u00e9rica\u201d, dijo el Core Daniel Sandoval<\/p>\n<p style=\"text-align: justify;\">Tras la reciente visita del Ministro de Vivienda Cristian Monkeberg a La Araucan\u00eda, el Consejero Regional Daniel Sandoval solicit\u00f3 a la m\u00e1xima autoridad en urbanismo, el financiamiento por 350 millones de pesos para la etapa de \u201cAn\u00e1lisis Plan Maestro\u201d del megaproyecto que incluir\u00e1 al Rio Caut\u00edn al entramado urbano de la ciudad, generando con ello desarrollo, trabajo y bienestar a los habitantes de la intercomuna Temuco-Padre Las Casas y a todos los turistas que visitan la capital de La Araucan\u00eda.<\/p>\n<p style=\"text-align: justify;\">Sandoval explic\u00f3 detalles de la iniciativa al Ministro de Vivienda y Urbanismo quien acogi\u00f3 el planteamiento y se puso a disposici\u00f3n de abrir agenda en Santiago una vez logrado el RS del Ministerio de Desarrollo Social, para recibir a los dirigentes y corporaciones que est\u00e1n promoviendo este megaproyecto desde los barrios ribere\u00f1os como son los sectores Santa Rosa, Amanecer, Langdon, San Antonio, entre otros.<\/p>\n<p style=\"text-align: justify;\">\u201cTemuco y Padre Las Casas necesitan ponerse a la altura de los desaf\u00edos urbanos del siglo XXI como es recuperar e intervenir el Rio Caut\u00edn para la gente, la familia, emprendedores, el arte y la cultura, gastronom\u00eda, deportistas, para el encuentro con la naturaleza, en una ciudad verde, democr\u00e1tica y sustentable y para ello debemos dejar de darle la espalda al Caut\u00edn, el que incluso a\u00fan tiene a pesar del da\u00f1o que ha sufrido con el tiempo, una flora y fauna \u00fanica que debemos proteger, conocer y preservar\u201d, coment\u00f3 el Core Daniel Sandoval.<\/p>\n<p style=\"text-align: justify;\">En tanto, el Core y Periodista, valor\u00f3 la positiva acogida del Ministro de Vivienda \u201cquien comprendi\u00f3 la necesidad de este financiamiento, sobre todo en el entendido de que el giro que ha tenido el ministerio tiene que ver con la contribuci\u00f3n al desarrollo de ciudades y barrios equitativos, integrados y sustentables, que vuelvan a mirar a sus recursos naturales con participaci\u00f3n directa de sus protagonistas como son las 3 corporaciones ciudadanas que han levantado desde abajo este proceso ante el Estado y diversas autoridades, lo que muy pronto se plasmar\u00e1 en la actualizaci\u00f3n del protocolo de colaboraci\u00f3n multisectorial encabezado por el Gobierno Regional, alcaldes y las corporaciones que trabajan por el megaproyecto rescate Rio Caut\u00edn\u201d, inform\u00f3 el Consejero Regional por Temuco, Padre Las Casas, San Ram\u00f3n, Labranza y Fundo El Carmen.<\/p>\n<p style=\"text-align: justify;\">Por otro lado, expres\u00f3 que este Plan Maestro tendr\u00e1 un plazo de ejecuci\u00f3n de dos a\u00f1os, lo que levantar\u00e1 informaci\u00f3n fundamental para activar este corredor natural y avanzar posteriormente hacia un dise\u00f1o de nivel internacional, ya que requerimos una planificaci\u00f3n territorial de nuestra ciudad, que vaya de la mano con la nueva conectividad, con el Parque Isla Caut\u00edn, relevando con ello la importancia de Temuco y Padre Las Casas transform\u00e1ndolas integralmente hacia el 2030 con una mirada desde los ciudadanos en alianza con el Estado para que Temuco vuelva a ser l\u00edder y pionero en Latinoam\u00e9rica con un megaproyecto modelo para el desarrollo de ciudades que puede ser ejemplo para muchas otras ciudades del planeta\u201d, concluy\u00f3 Daniel Sandoval<\/p>\n","protected":false},"excerpt":{"rendered":"<div class=\"pvc_clear\"><\/div>\n<p id=\"pvc_stats_1629\" class=\"pvc_stats total_only  \" data-element-id=\"1629\" style=\"\"><i class=\"pvc-stats-icon large\" aria-hidden=\"true\"><svg aria-hidden=\"true\" focusable=\"false\" data-prefix=\"far\" data-icon=\"chart-bar\" role=\"img\" xmlns=\"http:\/\/www.w3.org\/2000\/svg\" viewBox=\"0 0 512 512\" class=\"svg-inline--fa fa-chart-bar fa-w-16 fa-2x\"><path fill=\"currentColor\" d=\"M396.8 352h22.4c6.4 0 12.8-6.4 12.8-12.8V108.8c0-6.4-6.4-12.8-12.8-12.8h-22.4c-6.4 0-12.8 6.4-12.8 12.8v230.4c0 6.4 6.4 12.8 12.8 12.8zm-192 0h22.4c6.4 0 12.8-6.4 12.8-12.8V140.8c0-6.4-6.4-12.8-12.8-12.8h-22.4c-6.4 0-12.8 6.4-12.8 12.8v198.4c0 6.4 6.4 12.8 12.8 12.8zm96 0h22.4c6.4 0 12.8-6.4 12.8-12.8V204.8c0-6.4-6.4-12.8-12.8-12.8h-22.4c-6.4 0-12.8 6.4-12.8 12.8v134.4c0 6.4 6.4 12.8 12.8 12.8zM496 400H48V80c0-8.84-7.16-16-16-16H16C7.16 64 0 71.16 0 80v336c0 17.67 14.33 32 32 32h464c8.84 0 16-7.16 16-16v-16c0-8.84-7.16-16-16-16zm-387.2-48h22.4c6.4 0 12.8-6.4 12.8-12.8v-70.4c0-6.4-6.4-12.8-12.8-12.8h-22.4c-6.4 0-12.8 6.4-12.8 12.8v70.4c0 6.4 6.4 12.8 12.8 12.8z\" class=\"\"><\/path><\/svg><\/i> <img loading=\"lazy\" decoding=\"async\" width=\"16\" height=\"16\" alt=\"Loading\" src=\"https:\/\/temucotelevision.cl\/web\/wp-content\/plugins\/page-views-count\/ajax-loader-2x.gif\" border=0 \/><\/p>\n<div class=\"pvc_clear\"><\/div>\n<p>\u201cSomos ambiciosos, queremos que este proyecto transforme la ciudad y ponga nuevamente a Temuco a la cabeza del desarrollo urbano<\/p>\n","protected":false},"author":1,"featured_media":1630,"comment_status":"open","ping_status":"open","sticky":false,"template":"","format":"standard","meta":{"colormag_page_container_layout":"default_layout","colormag_page_sidebar_layout":"default_layout","footnotes":""},"categories":[14],"tags":[361,353,589,318,210,368],"class_list":["post-1629","post","type-post","status-publish","format-standard","has-post-thumbnail","hentry","category-temuco","tag-cautin","tag-core","tag-desarrollo","tag-ministro","tag-recursos","tag-rio"],"a3_pvc":{"activated":true,"total_views":38,"today_views":0},"_links":{"self":[{"href":"https:\/\/temucotelevision.cl\/web\/wp-json\/wp\/v2\/posts\/1629","targetHints":{"allow":["GET"]}}],"collection":[{"href":"https:\/\/temucotelevision.cl\/web\/wp-json\/wp\/v2\/posts"}],"about":[{"href":"https:\/\/temucotelevision.cl\/web\/wp-json\/wp\/v2\/types\/post"}],"author":[{"embeddable":true,"href":"https:\/\/temucotelevision.cl\/web\/wp-json\/wp\/v2\/users\/1"}],"replies":[{"embeddable":true,"href":"https:\/\/temucotelevision.cl\/web\/wp-json\/wp\/v2\/comments?post=1629"}],"version-history":[{"count":1,"href":"https:\/\/temucotelevision.cl\/web\/wp-json\/wp\/v2\/posts\/1629\/revisions"}],"predecessor-version":[{"id":1631,"href":"https:\/\/temucotelevision.cl\/web\/wp-json\/wp\/v2\/posts\/1629\/revisions\/1631"}],"wp:featuredmedia":[{"embeddable":true,"href":"https:\/\/temucotelevision.cl\/web\/wp-json\/wp\/v2\/media\/1630"}],"wp:attachment":[{"href":"https:\/\/temucotelevision.cl\/web\/wp-json\/wp\/v2\/media?parent=1629"}],"wp:term":[{"taxonomy":"category","embeddable":true,"href":"https:\/\/temucotelevision.cl\/web\/wp-json\/wp\/v2\/categories?post=1629"},{"taxonomy":"post_tag","embeddable":true,"href":"https:\/\/temucotelevision.cl\/web\/wp-json\/wp\/v2\/tags?post=1629"}],"curies":[{"name":"wp","href":"https:\/\/api.w.org\/{rel}","templated":true}]}}