{"id":1626,"date":"2019-02-20T20:31:26","date_gmt":"2019-02-20T23:31:26","guid":{"rendered":"https:\/\/temucotelevision.cl\/web\/?p=1626"},"modified":"2019-02-20T20:31:26","modified_gmt":"2019-02-20T23:31:26","slug":"comienzan-desvios-y-cortes-en-avenida-andes-de-temuco","status":"publish","type":"post","link":"https:\/\/temucotelevision.cl\/web\/2019\/02\/20\/comienzan-desvios-y-cortes-en-avenida-andes-de-temuco\/","title":{"rendered":"Comienzan desv\u00edos y cortes en Avenida Andes de Temuco"},"content":{"rendered":"<div class=\"pvc_clear\"><\/div>\n<p id=\"pvc_stats_1626\" class=\"pvc_stats total_only  \" data-element-id=\"1626\" style=\"\"><i class=\"pvc-stats-icon large\" aria-hidden=\"true\"><svg aria-hidden=\"true\" focusable=\"false\" data-prefix=\"far\" data-icon=\"chart-bar\" role=\"img\" xmlns=\"http:\/\/www.w3.org\/2000\/svg\" viewBox=\"0 0 512 512\" class=\"svg-inline--fa fa-chart-bar fa-w-16 fa-2x\"><path fill=\"currentColor\" d=\"M396.8 352h22.4c6.4 0 12.8-6.4 12.8-12.8V108.8c0-6.4-6.4-12.8-12.8-12.8h-22.4c-6.4 0-12.8 6.4-12.8 12.8v230.4c0 6.4 6.4 12.8 12.8 12.8zm-192 0h22.4c6.4 0 12.8-6.4 12.8-12.8V140.8c0-6.4-6.4-12.8-12.8-12.8h-22.4c-6.4 0-12.8 6.4-12.8 12.8v198.4c0 6.4 6.4 12.8 12.8 12.8zm96 0h22.4c6.4 0 12.8-6.4 12.8-12.8V204.8c0-6.4-6.4-12.8-12.8-12.8h-22.4c-6.4 0-12.8 6.4-12.8 12.8v134.4c0 6.4 6.4 12.8 12.8 12.8zM496 400H48V80c0-8.84-7.16-16-16-16H16C7.16 64 0 71.16 0 80v336c0 17.67 14.33 32 32 32h464c8.84 0 16-7.16 16-16v-16c0-8.84-7.16-16-16-16zm-387.2-48h22.4c6.4 0 12.8-6.4 12.8-12.8v-70.4c0-6.4-6.4-12.8-12.8-12.8h-22.4c-6.4 0-12.8 6.4-12.8 12.8v70.4c0 6.4 6.4 12.8 12.8 12.8z\" class=\"\"><\/path><\/svg><\/i> <img loading=\"lazy\" decoding=\"async\" width=\"16\" height=\"16\" alt=\"Loading\" src=\"https:\/\/temucotelevision.cl\/web\/wp-content\/plugins\/page-views-count\/ajax-loader-2x.gif\" border=0 \/><\/p>\n<div class=\"pvc_clear\"><\/div>\n<p style=\"text-align: justify;\">Este s\u00e1bado 23 de febrero a partir de las 00:00 hrs. se iniciar\u00e1 el proceso de desv\u00edos y corte de tr\u00e1nsito en Avenida Andes de Temuco, intervenci\u00f3n que se inicia desde Avenida San Mart\u00edn a Avenida Alemania, la cual permanecer\u00e1 cerrada de sur a norte quedando s\u00f3lo habilitada una v\u00eda desde Av. Alemania a San Mart\u00edn. Las acciones se enmarcan dentro de los trabajos desarrollados de la obra de \u201cMejoramiento AV. ANDES ENTRE AV. ALEMANIA Y VALLADOLID &#8211; TEMUCO\u201d.<\/p>\n<p style=\"text-align: justify;\">Por ello, los veh\u00edculos que transitan por Av. San Mart\u00edn deber\u00e1n virar en calle Porvenir para dirigirse a Avenida Alemania, registr\u00e1ndose una prohibici\u00f3n de estacionar en calle Porvenir entre ambas avenidas.<\/p>\n<p style=\"text-align: justify;\">En tanto, la locomoci\u00f3n colectiva y el transporte urbano mayor tambi\u00e9n protagonizar\u00e1n desv\u00edos de tr\u00e1nsito, recorridos que quedar\u00e1n establecidos de la siguiente manera:<\/p>\n<p style=\"text-align: justify;\">DESVIOS DE TRANSITO TRANSPORTE URBANO MAYOR (MICROBUSES)<br \/>\nL\u00ednea 1<br \/>\n1A\u2014Retorno: Recorrido Habitual\u2014Av. San Martin\u2014Porvenir\u2014Av. Alemania &#8211; Recorrido Habitual<\/p>\n<p style=\"text-align: justify;\">TRANSPORTE URBANO MENOR (TAXIS\u2014COLECTIVOS)<br \/>\nL\u00ednea 11<br \/>\n11T\u2014Ida: Recorrido Habitual\u2014Av. San Martin\u2014Porvenir\u2014Av. Alemania\u2014Recorrido Habitual<br \/>\n11V2\u2013 Ida: Recorrido Habitual\u2014Av. San Martin\u2014Porvenir\u2014Av. Alemania\u2014Recorrido Habitual<br \/>\nL\u00ednea 21<br \/>\n21T\u2014Retorno: Recorrido Habitual\u2014Av. San Martin\u2014Porvenir\u2014Av. Alemania\u2014Recorrido Habitual<br \/>\n21V\u2014Retorno: Recorrido Habitual\u2014Av. San Martin\u2014Porvenir\u2014Av. Alemania\u2014Recorrido Habitual<\/p>\n<p style=\"text-align: justify;\">Por ello, el Director de SERVIU Araucan\u00eda, Hugo Cruz valor\u00f3 el r\u00e1pido avance de las obras indicando que \u201cpresentan un 40% de avance. Esto es una obra que dura 180 d\u00edas, en eso reconocer a la empresa que ha asumido el desafio de actuar con urgencia tal como nos ha pedido el presidente Pi\u00f1era en todas y cada una de nuestras obras\u201d, explic\u00f3 Cruz.<\/p>\n<p style=\"text-align: justify;\">El proyecto \u201cMejoramiento Av. Andes entre av. Alemania y Valladolid &#8211; Temuco\u201d, alcanza una inversi\u00f3n de 560 millones de pesos siendo financiado y ejecutado por el Servicio de Vivienda y Urbanizaci\u00f3n de La Araucan\u00eda.<\/p>\n<p style=\"text-align: justify;\">El proyecto considera el mejoramiento y la ampliaci\u00f3n de la avenida Andes en el tramo comprendido entre avenida Alemania y el pasaje Valladolid, repavimentando la calzada existente en el lado oriente, construcci\u00f3n de bandej\u00f3n central y la conformaci\u00f3n de la faja poniente, concibiendo una avenida contin\u00faan con dos pistas por sentido. Se considera adem\u00e1s el saneamiento de las aguas lluvias mediante colectores y sumideros, la construcci\u00f3n de veredas en el lado poniente y modificaciones de servicios.<\/p>\n","protected":false},"excerpt":{"rendered":"<div class=\"pvc_clear\"><\/div>\n<p id=\"pvc_stats_1626\" class=\"pvc_stats total_only  \" data-element-id=\"1626\" style=\"\"><i class=\"pvc-stats-icon large\" aria-hidden=\"true\"><svg aria-hidden=\"true\" focusable=\"false\" data-prefix=\"far\" data-icon=\"chart-bar\" role=\"img\" xmlns=\"http:\/\/www.w3.org\/2000\/svg\" viewBox=\"0 0 512 512\" class=\"svg-inline--fa fa-chart-bar fa-w-16 fa-2x\"><path fill=\"currentColor\" d=\"M396.8 352h22.4c6.4 0 12.8-6.4 12.8-12.8V108.8c0-6.4-6.4-12.8-12.8-12.8h-22.4c-6.4 0-12.8 6.4-12.8 12.8v230.4c0 6.4 6.4 12.8 12.8 12.8zm-192 0h22.4c6.4 0 12.8-6.4 12.8-12.8V140.8c0-6.4-6.4-12.8-12.8-12.8h-22.4c-6.4 0-12.8 6.4-12.8 12.8v198.4c0 6.4 6.4 12.8 12.8 12.8zm96 0h22.4c6.4 0 12.8-6.4 12.8-12.8V204.8c0-6.4-6.4-12.8-12.8-12.8h-22.4c-6.4 0-12.8 6.4-12.8 12.8v134.4c0 6.4 6.4 12.8 12.8 12.8zM496 400H48V80c0-8.84-7.16-16-16-16H16C7.16 64 0 71.16 0 80v336c0 17.67 14.33 32 32 32h464c8.84 0 16-7.16 16-16v-16c0-8.84-7.16-16-16-16zm-387.2-48h22.4c6.4 0 12.8-6.4 12.8-12.8v-70.4c0-6.4-6.4-12.8-12.8-12.8h-22.4c-6.4 0-12.8 6.4-12.8 12.8v70.4c0 6.4 6.4 12.8 12.8 12.8z\" class=\"\"><\/path><\/svg><\/i> <img loading=\"lazy\" decoding=\"async\" width=\"16\" height=\"16\" alt=\"Loading\" src=\"https:\/\/temucotelevision.cl\/web\/wp-content\/plugins\/page-views-count\/ajax-loader-2x.gif\" border=0 \/><\/p>\n<div class=\"pvc_clear\"><\/div>\n<p>Este s\u00e1bado 23 de febrero a partir de las 00:00 hrs. se iniciar\u00e1 el proceso de desv\u00edos y corte de<\/p>\n","protected":false},"author":1,"featured_media":1627,"comment_status":"open","ping_status":"open","sticky":false,"template":"","format":"standard","meta":{"colormag_page_container_layout":"default_layout","colormag_page_sidebar_layout":"default_layout","footnotes":""},"categories":[14],"tags":[587,334,305,465,588],"class_list":["post-1626","post","type-post","status-publish","format-standard","has-post-thumbnail","hentry","category-temuco","tag-andes","tag-avance","tag-avenida","tag-desvios","tag-transito"],"a3_pvc":{"activated":true,"total_views":38,"today_views":0},"_links":{"self":[{"href":"https:\/\/temucotelevision.cl\/web\/wp-json\/wp\/v2\/posts\/1626","targetHints":{"allow":["GET"]}}],"collection":[{"href":"https:\/\/temucotelevision.cl\/web\/wp-json\/wp\/v2\/posts"}],"about":[{"href":"https:\/\/temucotelevision.cl\/web\/wp-json\/wp\/v2\/types\/post"}],"author":[{"embeddable":true,"href":"https:\/\/temucotelevision.cl\/web\/wp-json\/wp\/v2\/users\/1"}],"replies":[{"embeddable":true,"href":"https:\/\/temucotelevision.cl\/web\/wp-json\/wp\/v2\/comments?post=1626"}],"version-history":[{"count":1,"href":"https:\/\/temucotelevision.cl\/web\/wp-json\/wp\/v2\/posts\/1626\/revisions"}],"predecessor-version":[{"id":1628,"href":"https:\/\/temucotelevision.cl\/web\/wp-json\/wp\/v2\/posts\/1626\/revisions\/1628"}],"wp:featuredmedia":[{"embeddable":true,"href":"https:\/\/temucotelevision.cl\/web\/wp-json\/wp\/v2\/media\/1627"}],"wp:attachment":[{"href":"https:\/\/temucotelevision.cl\/web\/wp-json\/wp\/v2\/media?parent=1626"}],"wp:term":[{"taxonomy":"category","embeddable":true,"href":"https:\/\/temucotelevision.cl\/web\/wp-json\/wp\/v2\/categories?post=1626"},{"taxonomy":"post_tag","embeddable":true,"href":"https:\/\/temucotelevision.cl\/web\/wp-json\/wp\/v2\/tags?post=1626"}],"curies":[{"name":"wp","href":"https:\/\/api.w.org\/{rel}","templated":true}]}}