{"id":16196,"date":"2020-11-16T11:59:20","date_gmt":"2020-11-16T14:59:20","guid":{"rendered":"https:\/\/temucotelevision.cl\/web\/?p=16196"},"modified":"2020-11-16T11:59:23","modified_gmt":"2020-11-16T14:59:23","slug":"reporte-covid-19-para-hoy-en-la-araucania-suman-104-los-contagios-y-49-para-temuco","status":"publish","type":"post","link":"https:\/\/temucotelevision.cl\/web\/2020\/11\/16\/reporte-covid-19-para-hoy-en-la-araucania-suman-104-los-contagios-y-49-para-temuco\/","title":{"rendered":"Reporte Covid-19: Para hoy en La Araucan\u00eda suman 104 los contagios y 49 para Temuco"},"content":{"rendered":"<div class=\"pvc_clear\"><\/div><p id=\"pvc_stats_16196\" class=\"pvc_stats total_only  \" data-element-id=\"16196\" style=\"\"><i class=\"pvc-stats-icon large\" aria-hidden=\"true\"><svg aria-hidden=\"true\" focusable=\"false\" data-prefix=\"far\" data-icon=\"chart-bar\" role=\"img\" xmlns=\"http:\/\/www.w3.org\/2000\/svg\" viewBox=\"0 0 512 512\" class=\"svg-inline--fa fa-chart-bar fa-w-16 fa-2x\"><path fill=\"currentColor\" d=\"M396.8 352h22.4c6.4 0 12.8-6.4 12.8-12.8V108.8c0-6.4-6.4-12.8-12.8-12.8h-22.4c-6.4 0-12.8 6.4-12.8 12.8v230.4c0 6.4 6.4 12.8 12.8 12.8zm-192 0h22.4c6.4 0 12.8-6.4 12.8-12.8V140.8c0-6.4-6.4-12.8-12.8-12.8h-22.4c-6.4 0-12.8 6.4-12.8 12.8v198.4c0 6.4 6.4 12.8 12.8 12.8zm96 0h22.4c6.4 0 12.8-6.4 12.8-12.8V204.8c0-6.4-6.4-12.8-12.8-12.8h-22.4c-6.4 0-12.8 6.4-12.8 12.8v134.4c0 6.4 6.4 12.8 12.8 12.8zM496 400H48V80c0-8.84-7.16-16-16-16H16C7.16 64 0 71.16 0 80v336c0 17.67 14.33 32 32 32h464c8.84 0 16-7.16 16-16v-16c0-8.84-7.16-16-16-16zm-387.2-48h22.4c6.4 0 12.8-6.4 12.8-12.8v-70.4c0-6.4-6.4-12.8-12.8-12.8h-22.4c-6.4 0-12.8 6.4-12.8 12.8v70.4c0 6.4 6.4 12.8 12.8 12.8z\" class=\"\"><\/path><\/svg><\/i> <img loading=\"lazy\" decoding=\"async\" width=\"16\" height=\"16\" alt=\"Loading\" src=\"https:\/\/temucotelevision.cl\/web\/wp-content\/plugins\/page-views-count\/ajax-loader-2x.gif\" border=0 \/><\/p><div class=\"pvc_clear\"><\/div>\n<p><strong>15.311 son los casos confirmados de COVID- 19 en La Araucan\u00eda.<\/strong><\/p>\n\n\n\n<p><strong>Lunes 16 de noviembre 2020.&nbsp;<\/strong>Durante el d\u00eda ayer fueron 104 los nuevos casos confirmados de COVID- 19 en la regi\u00f3n. Estos nuevos casos sumados a los confirmados anteriormente, nos entregan la siguiente distribuci\u00f3n comunal:<\/p>\n\n\n\n<table class=\"wp-block-table\"><tbody><tr><td><strong>Comuna de residencia *<\/strong><\/td><td><strong>N\u00b0 de casos<\/strong><\/td><td><strong>Casos nuevos<\/strong><\/td><td><strong>Casos activos<\/strong><\/td><\/tr><tr><td>Angol<\/td><td>1.063<\/td><td>5<\/td><td>72<\/td><\/tr><tr><td>Carahue<\/td><td>579<\/td><td>1<\/td><td>10<\/td><\/tr><tr><td>Chol-Chol<\/td><td>177<\/td><td>1<\/td><td>22<\/td><\/tr><tr><td>Collipulli<\/td><td>564<\/td><td>1<\/td><td>34<\/td><\/tr><tr><td>Cunco<\/td><td>260<\/td><td>&#8211;<\/td><td>4<\/td><\/tr><tr><td>Curacaut\u00edn<\/td><td>112<\/td><td>&#8211;<\/td><td>15<\/td><\/tr><tr><td>Curarrehue<\/td><td>14<\/td><td>&#8211;<\/td><td>3<\/td><\/tr><tr><td>Ercilla<\/td><td>290<\/td><td>&#8211;<\/td><td>3<\/td><\/tr><tr><td>Freire<\/td><td>364<\/td><td>4<\/td><td>23<\/td><\/tr><tr><td>Galvarino<\/td><td>399<\/td><td>1<\/td><td>10<\/td><\/tr><tr><td>Gorbea<\/td><td>174<\/td><td>4<\/td><td>12<\/td><\/tr><tr><td>Lautaro<\/td><td>615<\/td><td>1<\/td><td>64<\/td><\/tr><tr><td>Loncoche<\/td><td>284<\/td><td>&#8211;<\/td><td>1<\/td><\/tr><tr><td>Lonquimay<\/td><td>180<\/td><td>&#8211;<\/td><td>3<\/td><\/tr><tr><td>Los Sauces<\/td><td>105<\/td><td>1<\/td><td>18<\/td><\/tr><tr><td>Lumaco<\/td><td>106<\/td><td>4<\/td><td>8<\/td><\/tr><tr><td>Melipeuco<\/td><td>77<\/td><td>&#8211;<\/td><td>5<\/td><\/tr><tr><td>Nueva Imperial<\/td><td>425<\/td><td>2<\/td><td>16<\/td><\/tr><tr><td>Padre Las Casas<\/td><td>1.020<\/td><td>7<\/td><td>83<\/td><\/tr><tr><td>Perquenco<\/td><td>195<\/td><td>&#8211;<\/td><td>12<\/td><\/tr><tr><td>Pitrufqu\u00e9n<\/td><td>270<\/td><td>&#8211;<\/td><td>4<\/td><\/tr><tr><td>Puc\u00f3n<\/td><td>231<\/td><td>3<\/td><td>9<\/td><\/tr><tr><td>Pur\u00e9n<\/td><td>87<\/td><td>1<\/td><td>13<\/td><\/tr><tr><td>Renaico<\/td><td>190<\/td><td>1<\/td><td>3<\/td><\/tr><tr><td>Saavedra<\/td><td>257<\/td><td>&#8211;<\/td><td>11<\/td><\/tr><tr><td>Temuco<\/td><td>4.890<\/td><td>49<\/td><td>410<\/td><\/tr><tr><td>Teodoro Schmidt<\/td><td>259<\/td><td>1<\/td><td>15<\/td><\/tr><tr><td>Tolt\u00e9n<\/td><td>73<\/td><td>2<\/td><td>21<\/td><\/tr><tr><td>Traigu\u00e9n<\/td><td>188<\/td><td>3<\/td><td>28<\/td><\/tr><tr><td>Victoria<\/td><td>465<\/td><td>2<\/td><td>31<\/td><\/tr><tr><td>Vilc\u00fan<\/td><td>418<\/td><td>&#8211;<\/td><td>9<\/td><\/tr><tr><td>Villarrica<\/td><td>787<\/td><td>9<\/td><td>23<\/td><\/tr><tr><td><strong>Total General<\/strong><\/td><td><strong>15.118<\/strong><\/td><td><strong>&nbsp;&nbsp;&nbsp;&nbsp;&nbsp;&nbsp;&nbsp;&nbsp;&nbsp;&nbsp;&nbsp;&nbsp;&nbsp;&nbsp;103<\/strong><\/td><td><strong>995<\/strong><\/td><\/tr><tr><td>*Informaci\u00f3n susceptible de ser modificada, en relaci\u00f3n a los resultados de las investigaciones Epidemiol\u00f3gicas.<strong><\/strong><\/td><td>(Se extraen 192 casos del an\u00e1lisis, puesto que presentan residencia en otras regiones).&nbsp;&nbsp;<\/td><td>&nbsp;<\/td><td>** Se extraen 4 del total de activos que presentan domicilio en otra regi\u00f3n<\/td><\/tr><\/tbody><\/table>\n\n\n\n<table class=\"wp-block-table\"><tbody><tr><td><strong>Casos nuevos<\/strong><\/td><td><strong>Sintom\u00e1ticos&nbsp;<\/strong><\/td><td><strong>Asintom\u00e1ticos<\/strong><\/td><td><strong>Casos nuevos no notificados<\/strong><strong><\/strong><\/td><\/tr><tr><td><strong>104<\/strong><\/td><td><strong>64<\/strong><\/td><td><strong>39<\/strong><\/td><td><strong>1<\/strong><\/td><\/tr><\/tbody><\/table>\n\n\n\n<p><strong>Cambios de Residencia<\/strong><\/p>\n\n\n\n<table class=\"wp-block-table\"><tbody><tr><td><strong>Intercomunal<\/strong><\/td><td>9<\/td><td>3 casos de Temuco a Padre Las Casas.2 casos de Lautaro a Padre Las Casas.1 caso de Nueva Imperial a Freire.1 caso de Padre Las Casas a Temuco.1 caso de Temuco a Nueva Imperial.1 caso de Temuco a Vilc\u00fan.<\/td><td><em>Se mantienen en ambos detalles.<\/em><\/td><\/tr><\/tbody><\/table>\n\n\n\n<p><strong>Ex\u00e1menes PCR procesados en las \u00faltimas 24 hrs.<\/strong><\/p>\n\n\n\n<table class=\"wp-block-table\"><tbody><tr><td>N\u00b0 de Muestras procesadas (15.11.2020)<\/td><td>1.808<\/td><\/tr><\/tbody><\/table>\n\n\n\n<table class=\"wp-block-table\"><tbody><tr><td><strong>Activos<\/strong><\/td><td><strong>N\u00b0 de Casos&nbsp;<\/strong><\/td><td><strong>Porcentaje<\/strong><\/td><\/tr><tr><td>&nbsp;Si&nbsp;<\/td><td>&nbsp;995<\/td><td>&nbsp;6.7%<\/td><\/tr><tr><td>No<\/td><td>13.952<\/td><td>93.3%<\/td><\/tr><\/tbody><\/table>\n\n\n\n<p>*Se excluyen del an\u00e1lisis los pacientes fallecidos.<\/p>\n\n\n\n<table class=\"wp-block-table\"><tbody><tr><td><strong>Casos asignados en proceso de an\u00e1lisis<\/strong>(15.11.2020)<\/td><td><strong>1<\/strong><\/td><td><em>Estos casos en proceso de an\u00e1lisis se suman solo al total regional acumulado y no al detalle comunal.<\/em><strong><\/strong><\/td><\/tr><tr><td><strong>Casos asignados en proceso de an\u00e1lisis resueltos&nbsp;<\/strong>(15.11.2020)<\/td><td><strong>0<\/strong><\/td><td><em>Los casos resueltos se restan al total regional.<\/em><strong>&nbsp;<\/strong><\/td><\/tr><\/tbody><\/table>\n\n\n\n<p><strong>Casos confirmados por sexo<\/strong><\/p>\n\n\n\n<table class=\"wp-block-table\"><tbody><tr><td><strong>Sexo<\/strong><\/td><td><strong>N\u00b0 Casos<\/strong><\/td><td><strong>Porcentaje<\/strong><\/td><\/tr><tr><td>Hombre<\/td><td>7.629<\/td><td>49,8%<\/td><\/tr><tr><td>Mujer<\/td><td>7.681<\/td><td>50,2%<\/td><\/tr><\/tbody><\/table>\n\n\n\n<table class=\"wp-block-table\"><tbody><tr><td><strong>&nbsp;<\/strong><\/td><td><strong>14.11<\/strong><\/td><td><strong>Nuevos<\/strong><\/td><td><strong>Total<\/strong><\/td><\/tr><tr><td><strong>Fallecidos<\/strong><\/td><td><strong>187<\/strong><\/td><td><strong>+5<\/strong><\/td><td><strong>192<\/strong><\/td><\/tr><\/tbody><\/table>\n\n\n\n<p>De la totalidad de casos, 190 se encuentran hospitalizados, de estos, 68 en Unidades de Paciente Cr\u00edtico (UTI 21 \u2013 UCI 47) y 40 conectados a ventilador mec\u00e1nico de los cuales 36 se encuentran en establecimientos de la red p\u00fablica y 04 en cl\u00ednicas privadas.<\/p>\n\n\n\n<p><a>\u2014\u2013<\/a>\u2014\u2014<br><strong>Unidad de Comunicaciones<\/strong><\/p>\n\n\n\n<p>Seremi de Salud<\/p>\n","protected":false},"excerpt":{"rendered":"<div class=\"pvc_clear\"><\/div>\n<p id=\"pvc_stats_16196\" class=\"pvc_stats total_only  \" data-element-id=\"16196\" style=\"\"><i class=\"pvc-stats-icon large\" aria-hidden=\"true\"><svg aria-hidden=\"true\" focusable=\"false\" data-prefix=\"far\" data-icon=\"chart-bar\" role=\"img\" xmlns=\"http:\/\/www.w3.org\/2000\/svg\" viewBox=\"0 0 512 512\" class=\"svg-inline--fa fa-chart-bar fa-w-16 fa-2x\"><path fill=\"currentColor\" d=\"M396.8 352h22.4c6.4 0 12.8-6.4 12.8-12.8V108.8c0-6.4-6.4-12.8-12.8-12.8h-22.4c-6.4 0-12.8 6.4-12.8 12.8v230.4c0 6.4 6.4 12.8 12.8 12.8zm-192 0h22.4c6.4 0 12.8-6.4 12.8-12.8V140.8c0-6.4-6.4-12.8-12.8-12.8h-22.4c-6.4 0-12.8 6.4-12.8 12.8v198.4c0 6.4 6.4 12.8 12.8 12.8zm96 0h22.4c6.4 0 12.8-6.4 12.8-12.8V204.8c0-6.4-6.4-12.8-12.8-12.8h-22.4c-6.4 0-12.8 6.4-12.8 12.8v134.4c0 6.4 6.4 12.8 12.8 12.8zM496 400H48V80c0-8.84-7.16-16-16-16H16C7.16 64 0 71.16 0 80v336c0 17.67 14.33 32 32 32h464c8.84 0 16-7.16 16-16v-16c0-8.84-7.16-16-16-16zm-387.2-48h22.4c6.4 0 12.8-6.4 12.8-12.8v-70.4c0-6.4-6.4-12.8-12.8-12.8h-22.4c-6.4 0-12.8 6.4-12.8 12.8v70.4c0 6.4 6.4 12.8 12.8 12.8z\" class=\"\"><\/path><\/svg><\/i> <img loading=\"lazy\" decoding=\"async\" width=\"16\" height=\"16\" alt=\"Loading\" src=\"https:\/\/temucotelevision.cl\/web\/wp-content\/plugins\/page-views-count\/ajax-loader-2x.gif\" border=0 \/><\/p>\n<div class=\"pvc_clear\"><\/div>\n<p>15.311 son los casos confirmados de COVID- 19 en La Araucan\u00eda. Lunes 16 de noviembre 2020.&nbsp;Durante el d\u00eda ayer fueron<\/p>\n","protected":false},"author":1,"featured_media":9366,"comment_status":"open","ping_status":"open","sticky":false,"template":"","format":"standard","meta":{"colormag_page_container_layout":"default_layout","colormag_page_sidebar_layout":"default_layout","footnotes":""},"categories":[15],"tags":[2347,2326],"class_list":["post-16196","post","type-post","status-publish","format-standard","has-post-thumbnail","hentry","category-la-araucania","tag-contagios","tag-covid"],"a3_pvc":{"activated":true,"total_views":40,"today_views":0},"_links":{"self":[{"href":"https:\/\/temucotelevision.cl\/web\/wp-json\/wp\/v2\/posts\/16196","targetHints":{"allow":["GET"]}}],"collection":[{"href":"https:\/\/temucotelevision.cl\/web\/wp-json\/wp\/v2\/posts"}],"about":[{"href":"https:\/\/temucotelevision.cl\/web\/wp-json\/wp\/v2\/types\/post"}],"author":[{"embeddable":true,"href":"https:\/\/temucotelevision.cl\/web\/wp-json\/wp\/v2\/users\/1"}],"replies":[{"embeddable":true,"href":"https:\/\/temucotelevision.cl\/web\/wp-json\/wp\/v2\/comments?post=16196"}],"version-history":[{"count":1,"href":"https:\/\/temucotelevision.cl\/web\/wp-json\/wp\/v2\/posts\/16196\/revisions"}],"predecessor-version":[{"id":16197,"href":"https:\/\/temucotelevision.cl\/web\/wp-json\/wp\/v2\/posts\/16196\/revisions\/16197"}],"wp:featuredmedia":[{"embeddable":true,"href":"https:\/\/temucotelevision.cl\/web\/wp-json\/wp\/v2\/media\/9366"}],"wp:attachment":[{"href":"https:\/\/temucotelevision.cl\/web\/wp-json\/wp\/v2\/media?parent=16196"}],"wp:term":[{"taxonomy":"category","embeddable":true,"href":"https:\/\/temucotelevision.cl\/web\/wp-json\/wp\/v2\/categories?post=16196"},{"taxonomy":"post_tag","embeddable":true,"href":"https:\/\/temucotelevision.cl\/web\/wp-json\/wp\/v2\/tags?post=16196"}],"curies":[{"name":"wp","href":"https:\/\/api.w.org\/{rel}","templated":true}]}}